{"id":27345,"date":"2024-11-16T10:33:15","date_gmt":"2024-11-16T13:33:15","guid":{"rendered":"https:\/\/diariotribuna.com.br\/?p=27345"},"modified":"2024-11-16T10:33:15","modified_gmt":"2024-11-16T13:33:15","slug":"clima-favorece-safra-mineira","status":"publish","type":"post","link":"https:\/\/diariotribuna.com.br\/?p=27345","title":{"rendered":"Clima favorece safra mineira\u00a0"},"content":{"rendered":"<p class=\"MsoNormal\">\n<\/p><p class=\"MsoNormal\"><span><\/span><\/p>\n<p>\u00a0<\/p>\n<p><\/p>\n<p class=\"MsoNormal\"><span><\/span><\/p>\n<p>\u00a0<\/p>\n<p><\/p>\n<p class=\"MsoNormal\"><span>COLUNA MG<\/span><\/p>\n<p><\/p>\n<p class=\"MsoNormal\"><span>Principais destaques dos jornais e portais integrantes da Rede Sindijori MG<\/span><\/p>\n<p><\/p>\n<p class=\"MsoNormal\"><a href=\"http:\/\/www.sindijorimg.com.br\/\"><span>www.sindijorimg.com.br<\/span><\/a><span><\/span><\/p>\n<p><\/p>\n<p class=\"MsoNormal\"><span><\/span><\/p>\n<p>\u00a0<\/p>\n<p><\/p>\n<p class=\"MsoNormal\"><span>Clima favorece safra mineira<\/span><\/p>\n<p><\/p>\n<p class=\"MsoNormal\"><span>A regulariza\u00e7\u00e3o das chuvas aliada aos per\u00edodos intercalados de sol t\u00eam favorecido o avan\u00e7o da safra 2024\/25 de gr\u00e3os em Minas Gerais. Conforme os dados do<span>\u00a0 <\/span>2\u00ba Levantamento da Safra de Gr\u00e3os 2024\/25, divulgado pela Companhia Nacional de Abastecimento (Conab), a estimativa \u00e9 colher 17,2 milh\u00f5es de toneladas no Estado, o que, se concretizado, representar\u00e1 um avan\u00e7o de 7,5% frente \u00e0 safra anterior. Entre os destaques est\u00e1 a soja, cuja produ\u00e7\u00e3o deve avan\u00e7ar 10,5% chegando, assim, a 8,6 milh\u00f5es de toneladas. (Di\u00e1rio do Com\u00e9rcio \u2013 Belo Horizonte)<\/span><\/p>\n<p><\/p>\n<p class=\"MsoNormal\"><span><a href=\"https:\/\/diariodocomercio.com.br\/agronegocio\">https:\/\/diariodocomercio.com.br\/agronegocio<\/a><\/span><\/p>\n<p><\/p>\n<p class=\"MsoNormal\"><span><\/span><\/p>\n<p>\u00a0<\/p>\n<p><\/p>\n<p class=\"MsoNormal\"><span>Melhor caf\u00e9 foi de Campestre<\/span><\/p>\n<p><\/p>\n<p class=\"MsoNormal\"><span>O melhor caf\u00e9 especial colhido em 2024 na \u00e1rea de atua\u00e7\u00e3o da Cooperativa Regional de Cafeicultores em Guaxup\u00e9 (Cooxup\u00e9) \u00e9 da cidade de Campestre, no Sul de Minas. O grande campe\u00e3o do Especial\u00edssimo deste ano \u00e9 o cooperado Reginaldo Aparecido Franco. Seu gr\u00e3o alcan\u00e7ou 89,41 pontos no programa criado pela cooperativa e pela SMC Specialty Coffees, conquistando o primeiro lugar. Ao todo, foram distribu\u00eddos R$ 330 mil em pr\u00eamios aos 50 lotes selecionados e o vencedor faturou R$ 50 mil. (Jornal da Regi\u00e3o)<\/span><\/p>\n<p><\/p>\n<p class=\"MsoNormal\"><span><a href=\"https:\/\/www.jornaldaregiaoonline.com.br\/noticias\/agropecuaria\/7592\/cafe-especial-de-campestre-e-o-grande-campeao-do-especialissimo-2024\">https:\/\/www.jornaldaregiaoonline.com.br\/noticias\/agropecuaria\/7592\/cafe-especial-de-campestre-e-o-grande-campeao-do-especialissimo-2024<\/a><\/span><\/p>\n<p><\/p>\n<p class=\"MsoNormal\"><span><\/span><\/p>\n<p>\u00a0<\/p>\n<p><\/p>\n<p class=\"MsoNormal\"><span>Passense vence Grammy Latino <\/span><\/p>\n<p><\/p>\n<p class=\"MsoNormal\"><span>O cantor passense Thalles Roberto ganhou o Grammy de Melhor \u00c1lbum de M\u00fasica Crist\u00e3 em L\u00edngua Portuguesa com o segundo volume de \u201cDeixa Vir\u201d. A premia\u00e7\u00e3o ocorreu nesta quinta-feira, durante a 25\u00aa edi\u00e7\u00e3o do evento, no Kaseya Center, em Miami (EUA). Thalles Roberto disputava o pr\u00eamio com Bruna Karla, Rosa de Saron, Vocal Livre e Eli Soares. Essa \u00e9 a principal premia\u00e7\u00e3o internacional dedicada \u00e0 excel\u00eancia na m\u00fasica latina e a \u00fanica atribu\u00edda por profissionais da ind\u00fastria musical. (Folha da Manh\u00e3 \u2013 Passos)<\/span><\/p>\n<p><\/p>\n<p class=\"MsoNormal\"><span><a href=\"https:\/\/clicfolha.com.br\/passense-thalles-roberto-vence-grammy-latino-de-musica-crista\/\">https:\/\/clicfolha.com.br\/passense-thalles-roberto-vence-grammy-latino-de-musica-crista\/<\/a><\/span><\/p>\n<p><\/p>\n<p class=\"MsoNormal\"><span><\/span><\/p>\n<p>\u00a0<\/p>\n<p><\/p>\n<p class=\"MsoNormal\"><span>Concurso &#8220;Cidade de Ouro Branco&#8221;<\/span><\/p>\n<p><\/p>\n<p class=\"MsoNormal\"><span>A s\u00e9tima edi\u00e7\u00e3o do Concurso Liter\u00e1rio &#8220;Cidade de Ouro Branco&#8221;, realizada pela Academia de Ci\u00eancias, Letras e Arte de Ouro Branco (ACLAOB) em 2024, registrou um recorde de 505 participantes, com categorias Nacional, Internacional e Estudantil. Foram premiados 71 textos. A competi\u00e7\u00e3o, que homenageou os 300 anos da cidade, tamb\u00e9m premiou estudantes com textos sobre a hist\u00f3ria local. Os vencedores receber\u00e3o certificados e os textos ser\u00e3o publicados em ebooks. A Academia anunciou o lan\u00e7amento do edital da oitava edi\u00e7\u00e3o para dezembro de 2024. (Correio da Cidade \u2013 Conselheiro Lafaiete)<\/span><\/p>\n<p><\/p>\n<p class=\"MsoNormal\"><a href=\"https:\/\/jornalcorreiodacidade.com.br\/noticias\/38476-academia-de-ciencias-letras-e-arte-realiza-vii-concurso-literario-cidade-de-ouro-branco-com-mais-de-500-participantes\"><span>https:\/\/jornalcorreiodacidade.com.br\/noticias\/38476-academia-de-ciencias-letras-e-arte-realiza-vii-concurso-literario-cidade-de-ouro-branco-com-mais-de-500-participantes<\/span><\/a><span><\/span><\/p>\n<p><\/p>\n<p class=\"MsoNormal\"><span><\/span><\/p>\n<p>\u00a0<\/p>\n<p><\/p>\n<p class=\"MsoNormal\"><span>Super Queijo ter\u00e1 produ\u00e7\u00e3o em Valadares<\/span><\/p>\n<p><\/p>\n<p class=\"MsoNormal\"><span>A queijaria Ribeiro Fiorentini, localizada em Governador Valadares participar\u00e1 da produ\u00e7\u00e3o do Super Queijo Supremo do Vale, com 40kg, que ser\u00e1 fabricado a partir de 400 litros de leite. O projeto, que visa valorizar os queijos artesanais de Minas Gerais, re\u00fane especialistas e produtores locais para criar um queijo de sabor \u00fanico. Ap\u00f3s o processo de fabrica\u00e7\u00e3o, o queijo passar\u00e1 por uma matura\u00e7\u00e3o natural e ser\u00e1 apresentado oficialmente em maio de 2025, no evento Made in Minas Gerais, em Belo Horizonte. Toda a arrecada\u00e7\u00e3o ser\u00e1 destinada a institui\u00e7\u00f5es beneficentes de Valadares. (Di\u00e1rio do Rio Doce \u2013 Governador Valadares)<\/span><\/p>\n<p><\/p>\n<p class=\"MsoNormal\"><a href=\"https:\/\/drd.com.br\/super-queijo-supremo-do-vale-de-40kg-tera-producao-em-valadares\/\"><span>https:\/\/drd.com.br\/super-queijo-supremo-do-vale-de-40kg-tera-producao-em-valadares\/<\/span><\/a><span><\/span><\/p>\n<p><\/p>\n<p class=\"MsoNormal\"><span><\/span><\/p>\n<p>\u00a0<\/p>\n<p><\/p>\n<p class=\"MsoNormal\"><span>Parada do Orgulho em Divin\u00f3polis\u00a0<\/span><\/p>\n<p><\/p>\n<p class=\"MsoNormal\"><span>Neste domingo, dia 17 de novembro, Divin\u00f3polis recebe mais uma edi\u00e7\u00e3o da Parada do Orgulho Lgbtqiapn+, o evento que promete movimentar a cidade em defesa da diversidade, igualdade e respeito. O evento contar\u00e1 com apresenta\u00e7\u00f5es culturais e, para encerrar com chave de ouro, um show especial de Gleycinho da Bahia, que promete animar os presentes com muita m\u00fasica e alegria. O tema deste ano \u00e9 \u201cP\u00e1tria de Amor, Igualdade e Respeito\u201d, seguindo uma orienta\u00e7\u00e3o nacional das paradas que busca resgatar o amor pelas cores da bandeira brasileira. A Parada \u00e9 um espa\u00e7o de conscientiza\u00e7\u00e3o e celebra\u00e7\u00e3o, reafirmando o compromisso com os valores democr\u00e1ticos e a luta por um pa\u00eds mais justo e inclusivo. (Portal G37 de Not\u00edcias &#8211; Divin\u00f3polis)<\/span><\/p>\n<p><\/p>\n<p class=\"MsoNormal\"><a href=\"https:\/\/g37.com.br\/divinopolis\/parada-do-orgulho-lgbtqiapn-em-divinopolis-acontece-neste-domingo-dia-17-de-novembro\/\"><span>https:\/\/g37.com.br\/divinopolis\/parada-do-orgulho-lgbtqiapn-em-divinopolis-acontece-neste-domingo-dia-17-de-novembro\/<\/span><\/a><span><\/span><\/p>\n<p><\/p>\n<p class=\"MsoNormal\"><span><\/span><\/p>\n<p>\u00a0<\/p>\n<p><\/p>\n<p class=\"MsoNormal\"><span>PC amplia Rede de Laborat\u00f3rios<\/span><\/p>\n<p><\/p>\n<p class=\"MsoNormal\"><span>Primeira institui\u00e7\u00e3o de pol\u00edcia judici\u00e1ria do pa\u00eds a criar a sua pr\u00f3pria Rede Estadual de Laborat\u00f3rios de Tecnologia Contra Lavagem de Dinheiro (LAB-LD), a Pol\u00edcia Civil de Minas Gerais est\u00e1 investindo no fortalecimento dessa iniciativa de enfrentamento \u00e0s organiza\u00e7\u00f5es criminosas. A PCMG j\u00e1 conta com 16 LAB-LD operando em diferentes regi\u00f5es, al\u00e9m da unidade avan\u00e7ada na capital, e outros 14 est\u00e3o em fase de implementa\u00e7\u00e3o. (Di\u00e1rio Tribuna \u2013 Te\u00f3filo Otoni)<\/span><\/p>\n<p><\/p>\n<p class=\"MsoNormal\"><span><a href=\"https:\/\/diariotribuna.com.br\/?p=27338\">https:\/\/diariotribuna.com.br\/?p=27338<\/a><\/span><\/p>\n<p><\/p>\n<p class=\"MsoNormal\"><span><\/span><\/p>\n<p>\u00a0<\/p>\n<p><\/p>\n<p>\u00a0<\/p>","protected":false},"excerpt":{"rendered":"<p>\u00a0 \u00a0 COLUNA MG Principais destaques dos jornais e portais integrantes da Rede Sindijori MG www.sindijorimg.com.br \u00a0 Clima favorece safra mineira A regulariza\u00e7\u00e3o das chuvas aliada aos per\u00edodos intercalados de sol t\u00eam favorecido o avan\u00e7o da safra 2024\/25 de gr\u00e3os em Minas Gerais. Conforme os dados do\u00a0 2\u00ba Levantamento da Safra de Gr\u00e3os 2024\/25, divulgado [&hellip;]<\/p>\n","protected":false},"author":0,"featured_media":27346,"comment_status":"open","ping_status":"open","sticky":false,"template":"","format":"standard","meta":{"rop_custom_images_group":[],"rop_custom_messages_group":[],"rop_publish_now":"initial","rop_publish_now_accounts":[],"rop_publish_now_history":[],"rop_publish_now_status":"pending","footnotes":""},"categories":[6745],"tags":[],"class_list":["post-27345","post","type-post","status-publish","format-standard","has-post-thumbnail","hentry","category-coluna-sindijori"],"_links":{"self":[{"href":"https:\/\/diariotribuna.com.br\/index.php?rest_route=\/wp\/v2\/posts\/27345"}],"collection":[{"href":"https:\/\/diariotribuna.com.br\/index.php?rest_route=\/wp\/v2\/posts"}],"about":[{"href":"https:\/\/diariotribuna.com.br\/index.php?rest_route=\/wp\/v2\/types\/post"}],"replies":[{"embeddable":true,"href":"https:\/\/diariotribuna.com.br\/index.php?rest_route=%2Fwp%2Fv2%2Fcomments&post=27345"}],"version-history":[{"count":0,"href":"https:\/\/diariotribuna.com.br\/index.php?rest_route=\/wp\/v2\/posts\/27345\/revisions"}],"wp:featuredmedia":[{"embeddable":true,"href":"https:\/\/diariotribuna.com.br\/index.php?rest_route=\/wp\/v2\/media\/27346"}],"wp:attachment":[{"href":"https:\/\/diariotribuna.com.br\/index.php?rest_route=%2Fwp%2Fv2%2Fmedia&parent=27345"}],"wp:term":[{"taxonomy":"category","embeddable":true,"href":"https:\/\/diariotribuna.com.br\/index.php?rest_route=%2Fwp%2Fv2%2Fcategories&post=27345"},{"taxonomy":"post_tag","embeddable":true,"href":"https:\/\/diariotribuna.com.br\/index.php?rest_route=%2Fwp%2Fv2%2Ftags&post=27345"}],"curies":[{"name":"wp","href":"https:\/\/api.w.org\/{rel}","templated":true}]}}