{"id":27561,"date":"2024-11-29T18:56:10","date_gmt":"2024-11-29T21:56:10","guid":{"rendered":"https:\/\/diariotribuna.com.br\/?p=27561"},"modified":"2024-11-29T18:56:11","modified_gmt":"2024-11-29T21:56:11","slug":"sindicato-dos-produtores-rurais-de-teofilo-otoni-edital-de-convocacao","status":"publish","type":"post","link":"https:\/\/diariotribuna.com.br\/?p=27561","title":{"rendered":"Sindicato dos Produtores Rurais de Te\u00f3filo Otoni: Edital de Convoca\u00e7\u00e3o"},"content":{"rendered":"\n<figure class=\"wp-block-image size-full is-resized\"><img loading=\"lazy\" decoding=\"async\" width=\"700\" height=\"959\" src=\"https:\/\/diariotribuna.com.br\/wp-content\/uploads\/2024\/11\/7d041e9c-cf27-4a4c-a02f-99073a5bde52.jpg\" alt=\"\" class=\"wp-image-27562\" style=\"width:483px;height:auto\" srcset=\"https:\/\/diariotribuna.com.br\/wp-content\/uploads\/2024\/11\/7d041e9c-cf27-4a4c-a02f-99073a5bde52.jpg 700w, https:\/\/diariotribuna.com.br\/wp-content\/uploads\/2024\/11\/7d041e9c-cf27-4a4c-a02f-99073a5bde52-219x300.jpg 219w, https:\/\/diariotribuna.com.br\/wp-content\/uploads\/2024\/11\/7d041e9c-cf27-4a4c-a02f-99073a5bde52-696x954.jpg 696w, https:\/\/diariotribuna.com.br\/wp-content\/uploads\/2024\/11\/7d041e9c-cf27-4a4c-a02f-99073a5bde52-307x420.jpg 307w\" sizes=\"(max-width: 700px) 100vw, 700px\" \/><\/figure>\n","protected":false},"excerpt":{"rendered":"","protected":false},"author":1,"featured_media":27562,"comment_status":"open","ping_status":"open","sticky":false,"template":"","format":"standard","meta":{"rop_custom_images_group":[],"rop_custom_messages_group":[],"rop_publish_now":"initial","rop_publish_now_accounts":[],"rop_publish_now_history":[],"rop_publish_now_status":"pending","footnotes":""},"categories":[5269],"tags":[6823,5681,5680],"class_list":["post-27561","post","type-post","status-publish","format-standard","has-post-thumbnail","hentry","category-atas","tag-29-11-2024","tag-edital-de-convocacao","tag-sprto"],"_links":{"self":[{"href":"https:\/\/diariotribuna.com.br\/index.php?rest_route=\/wp\/v2\/posts\/27561"}],"collection":[{"href":"https:\/\/diariotribuna.com.br\/index.php?rest_route=\/wp\/v2\/posts"}],"about":[{"href":"https:\/\/diariotribuna.com.br\/index.php?rest_route=\/wp\/v2\/types\/post"}],"author":[{"embeddable":true,"href":"https:\/\/diariotribuna.com.br\/index.php?rest_route=\/wp\/v2\/users\/1"}],"replies":[{"embeddable":true,"href":"https:\/\/diariotribuna.com.br\/index.php?rest_route=%2Fwp%2Fv2%2Fcomments&post=27561"}],"version-history":[{"count":1,"href":"https:\/\/diariotribuna.com.br\/index.php?rest_route=\/wp\/v2\/posts\/27561\/revisions"}],"predecessor-version":[{"id":27563,"href":"https:\/\/diariotribuna.com.br\/index.php?rest_route=\/wp\/v2\/posts\/27561\/revisions\/27563"}],"wp:featuredmedia":[{"embeddable":true,"href":"https:\/\/diariotribuna.com.br\/index.php?rest_route=\/wp\/v2\/media\/27562"}],"wp:attachment":[{"href":"https:\/\/diariotribuna.com.br\/index.php?rest_route=%2Fwp%2Fv2%2Fmedia&parent=27561"}],"wp:term":[{"taxonomy":"category","embeddable":true,"href":"https:\/\/diariotribuna.com.br\/index.php?rest_route=%2Fwp%2Fv2%2Fcategories&post=27561"},{"taxonomy":"post_tag","embeddable":true,"href":"https:\/\/diariotribuna.com.br\/index.php?rest_route=%2Fwp%2Fv2%2Ftags&post=27561"}],"curies":[{"name":"wp","href":"https:\/\/api.w.org\/{rel}","templated":true}]}}