{"id":27564,"date":"2024-11-30T10:48:47","date_gmt":"2024-11-30T13:48:47","guid":{"rendered":"https:\/\/diariotribuna.com.br\/?p=27564"},"modified":"2024-11-30T10:48:47","modified_gmt":"2024-11-30T13:48:47","slug":"varginha-lanca-parque-tecnologico","status":"publish","type":"post","link":"https:\/\/diariotribuna.com.br\/?p=27564","title":{"rendered":"Varginha lan\u00e7a parque tecnol\u00f3gico\u00a0"},"content":{"rendered":"<p class=\"MsoNormal\">\n<\/p><p class=\"MsoNormal\"><span><\/span><\/p>\n<p>\u00a0<\/p>\n<p><\/p>\n<p class=\"MsoNormal\"><span>COLUNA MG<\/span><\/p>\n<p><\/p>\n<p class=\"MsoNormal\"><span>Principais destaques dos jornais e portais integrantes da Rede Sindijori MG<\/span><\/p>\n<p><\/p>\n<p class=\"MsoNormal\"><a href=\"http:\/\/www.sindijorimg.com.br\/\"><span>www.sindijorimg.com.br<\/span><\/a><span><\/span><\/p>\n<p><\/p>\n<p class=\"MsoNormal\"><span><\/span><\/p>\n<p>\u00a0<\/p>\n<p><\/p>\n<p class=\"MsoNormal\"><span>Varginha lan\u00e7a parque tecnol\u00f3gico<\/span><\/p>\n<p><\/p>\n<p class=\"MsoNormal\"><span>Conex\u00e3o entre mercado e universidade para impulsionar o ambiente de inova\u00e7\u00e3o mineiro, transfer\u00eancia de tecnologia e melhora do setor produtivo. Esses s\u00e3o os objetivos do Parque Tecnol\u00f3gico de Varginha, o primeiro 100% privado de Minas Gerais e o 9\u00ba no estado, lan\u00e7ado na semana que passou no munic\u00edpio. Localizado dentro do Porto Seco Sul de Minas, esta\u00e7\u00e3o aduaneira que contempla diversas empresas, e financiado pela administra\u00e7\u00e3o do local, o parque conta com o apoio do Governo de Minas, por meio da Secretaria de Estado de Desenvolvimento Econ\u00f4mico (Sede-MG) e ter\u00e1, entre seus principais focos, o est\u00edmulo \u00e0 pesquisa em cafeicultura, atividade-chave na economia da regi\u00e3o. (Blog do Madeira \u2013 Varginha \u2013 Foto: Divulga\u00e7\u00e3o)<\/span><\/p>\n<p><\/p>\n<p class=\"MsoNormal\"><span><a href=\"https:\/\/blogdomadeira.com.br\/parque-tecnologico-de-varginha-vai-impulsionar-ambiente-de-inovacao-em-minas\/\">https:\/\/blogdomadeira.com.br\/parque-tecnologico-de-varginha-vai-impulsionar-ambiente-de-inovacao-em-minas\/<\/a><\/span><\/p>\n<p><\/p>\n<p class=\"MsoNormal\"><span><\/span><\/p>\n<p>\u00a0<\/p>\n<p><\/p>\n<p class=\"MsoNormal\"><span>Arcos gastou R$ 3,2 milh\u00f5es em shows<\/span><\/p>\n<p><\/p>\n<p class=\"MsoNormal\"><span>Arcos figura em primeiro lugar dentre os selecionados, nos gastos com shows art\u00edsticos. Foram R$ 3.258.840,00 para pagar 24 shows\/artistas, em quatro anos, dos quais, a maior parte aconteceu nos dois \u00faltimos anos 2023 e 2024. Somente nestes dois anos foram R$ 2.980.840,00. Arcos tem uma popula\u00e7\u00e3o pouco superior a 41 mil habitantes. A seguir figura o munic\u00edpio de Formiga, com R$ 1.735.500,00 para pagar 14 artistas\/shows, de 2021 a 2024. Dos quais, R$ 1.525.500,00 foram pagos em 2023 e 2024. Formiga tem pouco mais de 68 mil habitantes. (Correio do Centro Oeste \u2013 Arcos)<\/span><\/p>\n<p><\/p>\n<p class=\"MsoNormal\"><span><a href=\"https:\/\/www.jornalcco.com.br\/arcos-empenhou-r-32-milhoes-para-pagamento-de-shows-nos-ultimos-quatro-anos\">https:\/\/www.jornalcco.com.br\/arcos-empenhou-r-32-milhoes-para-pagamento-de-shows-nos-ultimos-quatro-anos<\/a><\/span><\/p>\n<p><\/p>\n<p class=\"MsoNormal\"><span><\/span><\/p>\n<p>\u00a0<\/p>\n<p><\/p>\n<p class=\"MsoNormal\"><span>Cidades em situa\u00e7\u00e3o de emerg\u00eancia <\/span><\/p>\n<p><\/p>\n<p class=\"MsoNormal\"><span>Dezesseis cidades em Minas Gerais, incluindo sete na regi\u00e3o Leste do estado, decretaram situa\u00e7\u00e3o de emerg\u00eancia devido aos danos causados pelas fortes chuvas deste per\u00edodo. A Coordenadoria Estadual de Defesa Civil (Cedec) informou que 140 pessoas foram desabrigadas e 293 desalojadas. As cidades afetadas incluem munic\u00edpios como Conselheiro Pena, Alfenas, Carlos Chagas, e S\u00e3o Jos\u00e9 da Safira. O reconhecimento de situa\u00e7\u00e3o de emerg\u00eancia permite que os munic\u00edpios solicitem recursos federais para apoio e reconstru\u00e7\u00e3o. Al\u00e9m disso, a Cedec registrou a primeira morte no estado em 2024, uma v\u00edtima fatal em Uberl\u00e2ndia, que foi arrastada por uma enxurrada ap\u00f3s seu carro ser alagado. (Portal S3 \u2013 Nanuque)<\/span><\/p>\n<p><\/p>\n<p class=\"MsoNormal\"><a href=\"https:\/\/portals3.com\/treze-cidades-em-mg-decretam-situacao-de-emergencia-por-causa-da-chuva-7-estao-no-leste-de-minas\/\"><span>https:\/\/portals3.com\/treze-cidades-em-mg-decretam-situacao-de-emergencia-por-causa-da-chuva-7-estao-no-leste-de-minas\/<\/span><\/a><span><\/span><\/p>\n<p><\/p>\n<p class=\"MsoNormal\"><span><\/span><\/p>\n<p>\u00a0<\/p>\n<p><\/p>\n<p class=\"MsoNormal\"><span>Cultivares de caf\u00e9 da Epamig se destacam <\/span><\/p>\n<p><\/p>\n<p class=\"MsoNormal\"><span>As cultivares de caf\u00e9 MGS Para\u00edso 2 e MGS Turmalina, desenvolvidas pela Epamig, se destacaram na 12\u00aa edi\u00e7\u00e3o do Pr\u00eamio de Caf\u00e9s do Cerrado Mineiro, realizado em Uberl\u00e2ndia, MG. A MGS Para\u00edso 2 conquistou o 1\u00ba lugar na categoria &#8220;Caf\u00e9 Natural&#8221; e o 2\u00ba lugar em &#8220;Fermenta\u00e7\u00e3o Induzida&#8221;, enquanto a MGS Turmalina ficou em 3\u00ba lugar em &#8220;Caf\u00e9 Natural&#8221;. Durante o evento, uma saca de MGS Turmalina foi vendida por um valor recorde de R$ 115 mil. As cultivares, que fazem parte do Programa de Melhoramento Gen\u00e9tico da Epamig, destacam-se pela alta qualidade, resist\u00eancia e potencial de produ\u00e7\u00e3o, consolidando a import\u00e2ncia da pesquisa e inova\u00e7\u00e3o no setor cafeeiro de Minas Gerais. (Jornal Andradas Hoje)<\/span><\/p>\n<p><\/p>\n<p class=\"MsoNormal\"><a href=\"https:\/\/www.jornalandradashoje.com.br\/cultivares-de-cafe-desenvolvidas-pela-epamig-se-destacam-em-premio-do-cerrado-mineiro\"><span>https:\/\/www.jornalandradashoje.com.br\/cultivares-de-cafe-desenvolvidas-pela-epamig-se-destacam-em-premio-do-cerrado-mineiro<\/span><\/a><span><\/span><\/p>\n<p><\/p>\n<p class=\"MsoNormal\"><span><\/span><\/p>\n<p>\u00a0<\/p>\n<p><\/p>\n<p class=\"MsoNormal\"><span>Lago de Furnas registra o menor volume \u00fatil\u00a0<\/span><\/p>\n<p><\/p>\n<p class=\"MsoNormal\"><span>O Lago de Furnas, um dos principais reservat\u00f3rios de Minas Gerais, registrou o menor volume \u00fatil dos \u00faltimos tr\u00eas anos, atingindo apenas 29% de sua capacidade. Ap\u00f3s um per\u00edodo de chuvas, o n\u00edvel voltou a cair, e atualmente o lago est\u00e1 com 757,3 metros, o que \u00e9 considerado baixo para sustentar as atividades que dependem dele. Em junho, o n\u00edvel estava acima de 70%, mas a estiagem nos meses seguintes fez o volume despencar, chegando a esse n\u00edvel cr\u00edtico em novembro. A situa\u00e7\u00e3o tem gerado impactos econ\u00f4micos significativos, afetando setores como turismo. (Correio Trespontano)<\/span><\/p>\n<p><\/p>\n<p class=\"MsoNormal\"><a href=\"https:\/\/jornalcorreiotrespontano.com.br\/2024\/11\/28\/lago-de-furnas-registra-o-menor-volume-util-dos-ultimos-3-anos\/\"><span>https:\/\/jornalcorreiotrespontano.com.br\/2024\/11\/28\/lago-de-furnas-registra-o-menor-volume-util-dos-ultimos-3-anos\/<\/span><\/a><span class=\"MsoHyperlink\"><span><\/span><\/span><\/p>\n<p><\/p>\n<p class=\"MsoNormal\"><span><\/span><\/p>\n<p>\u00a0<\/p>\n<p><\/p>\n<p class=\"MsoNormal\"><span>Coqueluche deixa norte em alerta<\/span><\/p>\n<p><\/p>\n<p class=\"MsoNormal\"><span>Com a confirma\u00e7\u00e3o do primeiro caso de coqueluche no Norte de Minas Gerais em 2024, o Centro de Informa\u00e7\u00f5es Estrat\u00e9gicas em Vigil\u00e2ncia em Sa\u00fade (Cievs) Regional de Montes Claros intensifica as orienta\u00e7\u00f5es para gestores de sa\u00fade adotarem medidas preventivas. At\u00e9 o momento, 28 casos suspeitos foram notificados na regi\u00e3o deste ano. O caso confirmado em 21 de novembro envolve um menino de 11 meses, de Francisco S\u00e1, com situa\u00e7\u00e3o vacinal incompleta. (Gazeta Norte Mineira)<\/span><\/p>\n<p><\/p>\n<p class=\"MsoNormal\"><span><a href=\"https:\/\/gazetanm.com.br\/primeiro-caso-de-coqueluche-em-2024-no-norte-de-minas-gera-alerta-para-reforco-na-vacinacao\/\">https:\/\/gazetanm.com.br\/primeiro-caso-de-coqueluche-em-2024-no-norte-de-minas-gera-alerta-para-reforco-na-vacinacao\/<\/a><\/span><\/p>\n<p><\/p>\n<p>\u00a0<\/p>","protected":false},"excerpt":{"rendered":"<p>\u00a0 COLUNA MG Principais destaques dos jornais e portais integrantes da Rede Sindijori MG www.sindijorimg.com.br \u00a0 Varginha lan\u00e7a parque tecnol\u00f3gico Conex\u00e3o entre mercado e universidade para impulsionar o ambiente de inova\u00e7\u00e3o mineiro, transfer\u00eancia de tecnologia e melhora do setor produtivo. Esses s\u00e3o os objetivos do Parque Tecnol\u00f3gico de Varginha, o primeiro 100% privado de Minas [&hellip;]<\/p>\n","protected":false},"author":0,"featured_media":27565,"comment_status":"open","ping_status":"open","sticky":false,"template":"","format":"standard","meta":{"rop_custom_images_group":[],"rop_custom_messages_group":[],"rop_publish_now":"initial","rop_publish_now_accounts":[],"rop_publish_now_history":[],"rop_publish_now_status":"pending","footnotes":""},"categories":[6745],"tags":[],"class_list":["post-27564","post","type-post","status-publish","format-standard","has-post-thumbnail","hentry","category-coluna-sindijori"],"_links":{"self":[{"href":"https:\/\/diariotribuna.com.br\/index.php?rest_route=\/wp\/v2\/posts\/27564"}],"collection":[{"href":"https:\/\/diariotribuna.com.br\/index.php?rest_route=\/wp\/v2\/posts"}],"about":[{"href":"https:\/\/diariotribuna.com.br\/index.php?rest_route=\/wp\/v2\/types\/post"}],"replies":[{"embeddable":true,"href":"https:\/\/diariotribuna.com.br\/index.php?rest_route=%2Fwp%2Fv2%2Fcomments&post=27564"}],"version-history":[{"count":0,"href":"https:\/\/diariotribuna.com.br\/index.php?rest_route=\/wp\/v2\/posts\/27564\/revisions"}],"wp:featuredmedia":[{"embeddable":true,"href":"https:\/\/diariotribuna.com.br\/index.php?rest_route=\/wp\/v2\/media\/27565"}],"wp:attachment":[{"href":"https:\/\/diariotribuna.com.br\/index.php?rest_route=%2Fwp%2Fv2%2Fmedia&parent=27564"}],"wp:term":[{"taxonomy":"category","embeddable":true,"href":"https:\/\/diariotribuna.com.br\/index.php?rest_route=%2Fwp%2Fv2%2Fcategories&post=27564"},{"taxonomy":"post_tag","embeddable":true,"href":"https:\/\/diariotribuna.com.br\/index.php?rest_route=%2Fwp%2Fv2%2Ftags&post=27564"}],"curies":[{"name":"wp","href":"https:\/\/api.w.org\/{rel}","templated":true}]}}