{"id":27834,"date":"2024-12-22T23:20:21","date_gmt":"2024-12-23T02:20:21","guid":{"rendered":"https:\/\/diariotribuna.com.br\/?p=27834"},"modified":"2024-12-24T22:03:22","modified_gmt":"2024-12-25T01:03:22","slug":"pm-ambiental-realiza-operacao-na-mata-atlantica-e-apreende-motocicleta-adulterada-e-arma-de-fogo-um-homem-foi-preso","status":"publish","type":"post","link":"https:\/\/diariotribuna.com.br\/?p=27834","title":{"rendered":"PM Ambiental realiza opera\u00e7\u00e3o na Mata Atl\u00e2ntica e apreende motocicleta adulterada e arma de fogo; um homem foi preso"},"content":{"rendered":"\n<figure class=\"wp-block-image size-full is-resized\"><img loading=\"lazy\" decoding=\"async\" width=\"700\" height=\"643\" src=\"https:\/\/diariotribuna.com.br\/wp-content\/uploads\/2024\/12\/Imagem-do-WhatsApp-de-2024-12-22-as-14.16.21_b607c7b2-1.jpg\" alt=\"\" class=\"wp-image-27836\" style=\"width:436px;height:auto\" srcset=\"https:\/\/diariotribuna.com.br\/wp-content\/uploads\/2024\/12\/Imagem-do-WhatsApp-de-2024-12-22-as-14.16.21_b607c7b2-1.jpg 700w, https:\/\/diariotribuna.com.br\/wp-content\/uploads\/2024\/12\/Imagem-do-WhatsApp-de-2024-12-22-as-14.16.21_b607c7b2-1-300x276.jpg 300w, https:\/\/diariotribuna.com.br\/wp-content\/uploads\/2024\/12\/Imagem-do-WhatsApp-de-2024-12-22-as-14.16.21_b607c7b2-1-696x639.jpg 696w, https:\/\/diariotribuna.com.br\/wp-content\/uploads\/2024\/12\/Imagem-do-WhatsApp-de-2024-12-22-as-14.16.21_b607c7b2-1-457x420.jpg 457w\" sizes=\"(max-width: 700px) 100vw, 700px\" \/><\/figure>\n\n\n\n<p>Equipe da Pol\u00edcia Militar de Meio Ambiente realizou a Opera\u00e7\u00e3o Piracema no Vale do Jequitinhonha, na tarde deste domingo (22\/12), para cumprimento de ordem de servi\u00e7o, e durante o patrulhamento os militares depararam com J.G.F.S., que estava portando uma bolsa com 1 arma de fogo em via vicinal no povoado da Mumbuca, zona rural da cidade de Jequitinhonha.<\/p>\n\n\n\n<p>No local os policiais encontraram uma motocicleta Honda CG Titan de cor preta com chassi adulterado e sem placa de identifica\u00e7\u00e3o, que pertence ao abordado. Segundo o tenente Heberth Dias, ele estava portando a referida arma de fogo dentro da Reserva Biol\u00f3gica de Prote\u00e7\u00e3o Integral Mata Escura, e foi lavrado o auto de infra\u00e7\u00e3o ambiental, haja vista estar entrando em unidade de conserva\u00e7\u00e3o, consoante ao artigo 112 do decreto 47.383\/2018, c\u00f3digo 501, bem como a lei 9605\/1998.<\/p>\n\n\n\n<figure class=\"wp-block-image size-full is-resized\"><img loading=\"lazy\" decoding=\"async\" width=\"700\" height=\"471\" src=\"https:\/\/diariotribuna.com.br\/wp-content\/uploads\/2024\/12\/Imagem-do-WhatsApp-de-2024-12-22-as-14.16.50_23b36eb2.jpg\" alt=\"\" class=\"wp-image-27837\" style=\"width:417px;height:auto\" srcset=\"https:\/\/diariotribuna.com.br\/wp-content\/uploads\/2024\/12\/Imagem-do-WhatsApp-de-2024-12-22-as-14.16.50_23b36eb2.jpg 700w, https:\/\/diariotribuna.com.br\/wp-content\/uploads\/2024\/12\/Imagem-do-WhatsApp-de-2024-12-22-as-14.16.50_23b36eb2-300x202.jpg 300w, https:\/\/diariotribuna.com.br\/wp-content\/uploads\/2024\/12\/Imagem-do-WhatsApp-de-2024-12-22-as-14.16.50_23b36eb2-696x468.jpg 696w, https:\/\/diariotribuna.com.br\/wp-content\/uploads\/2024\/12\/Imagem-do-WhatsApp-de-2024-12-22-as-14.16.50_23b36eb2-624x420.jpg 624w\" sizes=\"(max-width: 700px) 100vw, 700px\" \/><\/figure>\n\n\n\n<p>O autor foi preso e conduzido \u00e0 delegacia de Pol\u00edcia Civil da comarca de Almenara, juntamente com a arma de fogo, para ado\u00e7\u00e3o das medidas de pol\u00edcia judici\u00e1ria. A motocicleta tamb\u00e9m foi apreendida. A PM Ambiental ainda lavrou mais um auto de infra\u00e7\u00e3o (multa) no valor 450 UFEMGs, que equivale a R$ 2.375,86. <strong>Equipe: comando 5\u00ba Pelot\u00e3o\/ 3\u00aa Cia:<\/strong> tenente Heberth Dias, sargentos Avilmar, Colares e Fernandes, cabo Israel. (Informa\u00e7\u00f5es\/Fotos: Tenente Heberth Dias, comandante da Pol\u00edcia Militar de Meio Ambiente no Vale do Jequitinhonha).<\/p>\n","protected":false},"excerpt":{"rendered":"<p>Equipe da Pol\u00edcia Militar de Meio Ambiente realizou a Opera\u00e7\u00e3o Piracema no Vale do Jequitinhonha, na tarde deste domingo (22\/12), para cumprimento de ordem de servi\u00e7o, e durante o patrulhamento os militares depararam com J.G.F.S., que estava portando uma bolsa com 1 arma de fogo em via vicinal no povoado da Mumbuca, zona rural da [&hellip;]<\/p>\n","protected":false},"author":1,"featured_media":27836,"comment_status":"open","ping_status":"open","sticky":false,"template":"","format":"standard","meta":{"rop_custom_images_group":[],"rop_custom_messages_group":[],"rop_publish_now":"initial","rop_publish_now_accounts":[],"rop_publish_now_history":[],"rop_publish_now_status":"pending","footnotes":""},"categories":[20],"tags":[1055,297,6868,5889,2138,2484],"class_list":["post-27834","post","type-post","status-publish","format-standard","has-post-thumbnail","hentry","category-policia","tag-arma-de-fogo","tag-jequitinhonha","tag-mata-atlantica","tag-moto-adulterada","tag-pm-do-meio-ambiente","tag-um-preso"],"_links":{"self":[{"href":"https:\/\/diariotribuna.com.br\/index.php?rest_route=\/wp\/v2\/posts\/27834"}],"collection":[{"href":"https:\/\/diariotribuna.com.br\/index.php?rest_route=\/wp\/v2\/posts"}],"about":[{"href":"https:\/\/diariotribuna.com.br\/index.php?rest_route=\/wp\/v2\/types\/post"}],"author":[{"embeddable":true,"href":"https:\/\/diariotribuna.com.br\/index.php?rest_route=\/wp\/v2\/users\/1"}],"replies":[{"embeddable":true,"href":"https:\/\/diariotribuna.com.br\/index.php?rest_route=%2Fwp%2Fv2%2Fcomments&post=27834"}],"version-history":[{"count":2,"href":"https:\/\/diariotribuna.com.br\/index.php?rest_route=\/wp\/v2\/posts\/27834\/revisions"}],"predecessor-version":[{"id":27839,"href":"https:\/\/diariotribuna.com.br\/index.php?rest_route=\/wp\/v2\/posts\/27834\/revisions\/27839"}],"wp:featuredmedia":[{"embeddable":true,"href":"https:\/\/diariotribuna.com.br\/index.php?rest_route=\/wp\/v2\/media\/27836"}],"wp:attachment":[{"href":"https:\/\/diariotribuna.com.br\/index.php?rest_route=%2Fwp%2Fv2%2Fmedia&parent=27834"}],"wp:term":[{"taxonomy":"category","embeddable":true,"href":"https:\/\/diariotribuna.com.br\/index.php?rest_route=%2Fwp%2Fv2%2Fcategories&post=27834"},{"taxonomy":"post_tag","embeddable":true,"href":"https:\/\/diariotribuna.com.br\/index.php?rest_route=%2Fwp%2Fv2%2Ftags&post=27834"}],"curies":[{"name":"wp","href":"https:\/\/api.w.org\/{rel}","templated":true}]}}