{"id":27857,"date":"2024-12-23T11:19:38","date_gmt":"2024-12-23T14:19:38","guid":{"rendered":"https:\/\/diariotribuna.com.br\/?p=27857"},"modified":"2024-12-23T11:19:38","modified_gmt":"2024-12-23T14:19:38","slug":"be8-implanta-fabrica-em-uberaba-em-2025","status":"publish","type":"post","link":"https:\/\/diariotribuna.com.br\/?p=27857","title":{"rendered":"Be8 implanta f\u00e1brica em Uberaba em 2025\u00a0"},"content":{"rendered":"<p><!-- [if gte mso 9]&gt;--><\/p>\n<p>  Normal<br \/>\n  0<\/p>\n<p>  21<\/p>\n<p>  false<br \/>\n  false<br \/>\n  false<\/p>\n<p>  PT-BR<br \/>\n  X-NONE<br \/>\n  X-NONE<\/p>\n<p><!-- [if gte mso 9]&gt;--><\/p>\n<p><!-- [if gte mso 10]&gt;--><\/p>\n<p> \/* Style Definitions *\/<br \/>\n table.MsoNormalTable<br \/>\n\t{mso-style-name:&#8221;Tabela normal&#8221;;<br \/>\n\tmso-tstyle-rowband-size:0;<br \/>\n\tmso-tstyle-colband-size:0;<br \/>\n\tmso-style-noshow:yes;<br \/>\n\tmso-style-priority:99;<br \/>\n\tmso-style-parent:&#8221;&#8221;;<br \/>\n\tmso-padding-alt:0cm 5.4pt 0cm 5.4pt;<br \/>\n\tmso-para-margin:0cm;<br \/>\n\tline-height:115%;<br \/>\n\tmso-pagination:widow-orphan;<br \/>\n\tfont-size:11.0pt;<br \/>\n\tfont-family:&#8221;Arial&#8221;,sans-serif;}<\/p>\n<p class=\"MsoNormal\"><span>COLUNA MG<\/span><\/p>\n<p class=\"MsoNormal\"><span>Principais destaques dos jornais e portais integrantes da rede Sindijori MG <\/span><\/p>\n<p class=\"MsoNormal\"><span>www.sindijorimg.com.br<\/span><\/p>\n<p class=\"MsoNormal\"><span>\u00a0<\/span><\/p>\n<p class=\"MsoNormal\"><span>\u00a0<\/span><\/p>\n<p class=\"MsoNormal\"><span>Be8 implanta f\u00e1brica em Uberaba<\/span><\/p>\n<p class=\"MsoNormal\"><span>Com equipamentos j\u00e1 adquiridos, a empresa Be8 prev\u00ea in\u00edcio das obras para a implanta\u00e7\u00e3o da f\u00e1brica de biodiesel em Uberaba no ano que vem. O cronograma foi anunciado a representantes do governo municipal esta semana durante reuni\u00e3o on-line, quando foi entregue o projeto da planta que ser\u00e1 constru\u00edda no Distrito Industrial 3. O projeto da f\u00e1brica de biocombust\u00edveis \u00e9 considerado um dos investimentos \u00e2ncora para viabilizar o gasoduto at\u00e9 o Tri\u00e2ngulo Mineiro, ao lado de uma usina termoel\u00e9trica e da planta de am\u00f4nia. As tratativas com a Be8 est\u00e3o em andamento desde o ano passado para consolidar o empreendimento. (Jornal da Manh\u00e3 \u2013 Uberaba \u2013 Foto: Divulga\u00e7\u00e3o)<\/span><\/p>\n<p class=\"MsoNormal\"><span><a href=\"https:\/\/jmonline.com.br\/politica\/empresa-de-biodiesel-preve-inicio-de-obras-no-di-3-no-ano-que-vem-1.457092\">https:\/\/jmonline.com.br\/politica\/empresa-de-biodiesel-preve-inicio-de-obras-no-di-3-no-ano-que-vem-1.457092<\/a><\/span><\/p>\n<p class=\"MsoNormal\"><span>\u00a0<\/span><\/p>\n<p class=\"MsoNormal\"><span>V\u00edtima de escravid\u00e3o \u00e9 resgatada <\/span><\/p>\n<p class=\"MsoNormal\"><span>Uma mulher v\u00edtima de trabalho an\u00e1logo \u00e0 escravid\u00e3o foi resgatada em Al\u00e9m Para\u00edba, Minas Gerais, ap\u00f3s ser for\u00e7ada a trabalhar como dom\u00e9stica e cuidadora de um idoso desde 1996, sem sal\u00e1rio, f\u00e9rias ou direitos trabalhistas. O resgate ocorreu em 2 de dezembro, ap\u00f3s uma opera\u00e7\u00e3o do Minist\u00e9rio do Trabalho e Emprego, com apoio do Minist\u00e9rio P\u00fablico do Trabalho e Pol\u00edcia Federal. A v\u00edtima, que n\u00e3o tinha quarto pr\u00f3prio, ficou sem registro formal ap\u00f3s 2009, e seus direitos foram negligenciados durante tr\u00eas d\u00e9cadas. Com o resgate, a rela\u00e7\u00e3o de trabalho foi encerrada, o registro foi regularizado e os direitos trabalhistas foram pagos. (Clarim.net &#8211; Arax\u00e1)<\/span><\/p>\n<p class=\"MsoNormal\"><span><a href=\"https:\/\/clarim.net.br\/mulher-vitima-de-trabalho-analogo-a-escravidao-e-resgatada-em-minas\/\">https:\/\/clarim.net.br\/mulher-vitima-de-trabalho-analogo-a-escravidao-e-resgatada-em-minas\/<\/a><\/span><\/p>\n<p class=\"MsoNormal\"><span>\u00a0<\/span><\/p>\n<p class=\"MsoNormal\"><span>Arcoense lan\u00e7a document\u00e1rio <\/span><\/p>\n<p class=\"MsoNormal\"><span>O escritor e poeta Jo\u00e3o Evangelista Rodrigues, natural de Arcos, lan\u00e7ou o document\u00e1rio Os Fasc\u00ednios da Morte, no dia 18 de dezembro. Dirigido e roteirizado por ele, o curta-metragem de 15 minutos foi gravado em Japara\u00edba e produzido com recursos da Lei Paulo Gustavo, com apoio da Prefeitura de Japara\u00edba e do Minist\u00e9rio da Cultura. O document\u00e1rio, que explora as diferentes formas de entender a morte e a hist\u00f3ria dos cemit\u00e9rios da cidade, conta com depoimentos de moradores locais. Jo\u00e3o Evangelista relata a import\u00e2ncia de discutir a morte em uma sociedade marcada pela viol\u00eancia e pela banaliza\u00e7\u00e3o desse fen\u00f4meno.<span>\u00a0 <\/span>(Jornal Correio Centro Oeste &#8211; Arcos)<\/span><\/p>\n<p class=\"MsoNormal\"><span><a href=\"https:\/\/www.jornalcco.com.br\/escritor-e-poeta-arcoense-lanca-documentario-os-fascinios-da-morte\">https:\/\/www.jornalcco.com.br\/escritor-e-poeta-arcoense-lanca-documentario-os-fascinios-da-morte<\/a><\/span><\/p>\n<p class=\"MsoNormal\"><span>\u00a0<\/span><\/p>\n<p class=\"MsoNormal\"><span>Projeto \u201dMoradia Saud\u00e1vel\u201d \u00e9 lan\u00e7ado<\/span><\/p>\n<p class=\"MsoNormal\"><span>O Governo de Minas, a Fiemg, a Fassa Bortolo do Brasil e outras entidades lan\u00e7aram o projeto-piloto Moradia Saud\u00e1vel, com o objetivo de melhorar as condi\u00e7\u00f5es de sa\u00fade de moradores de favelas em Belo Horizonte, especialmente crian\u00e7as e adultos afetados pela umidade nas casas. O projeto visa realizar reformas habitacionais, incluindo o revestimento externo de resid\u00eancias em comunidades carentes, para combater a umidade e a prolifera\u00e7\u00e3o de mofo, que contribuem para doen\u00e7as respirat\u00f3rias. As obras devem come\u00e7ar em 2025 e um curso de alvenaria ser\u00e1 oferecido pelo Senai-MG para capacitar moradores. (Balc\u00e3o News &#8211; Belo Horizonte)<\/span><\/p>\n<p class=\"MsoNormal\"><span><a href=\"https:\/\/balcaonews.com.br\/2024\/12\/22\/governo-de-minas-fiemg-fassa-bortolo-e-entidades-lancam-o-projeto-moradia-saudavel\/\">https:\/\/balcaonews.com.br\/2024\/12\/22\/governo-de-minas-fiemg-fassa-bortolo-e-entidades-lancam-o-projeto-moradia-saudavel\/<\/a><\/span><\/p>\n<p class=\"MsoNormal\"><span>\u00a0<\/span><\/p>\n<p class=\"MsoNormal\"><span>Enchentes comprometem abastecimento<\/span><\/p>\n<p class=\"MsoNormal\"><span>A Prefeitura de Coronel Pacheco informa que o abastecimento de \u00e1gua est\u00e1 comprometido devido \u00e0s fortes chuvas recentes, que podem ter causado entupimento ou rompimento na tubula\u00e7\u00e3o, resultando em desabastecimento para os moradores. A equipe est\u00e1 trabalhando com urg\u00eancia para identificar e solucionar o problema. A Prefeitura solicita que a popula\u00e7\u00e3o economize \u00e1gua at\u00e9 que o servi\u00e7o seja normalizado. A colabora\u00e7\u00e3o da popula\u00e7\u00e3o \u00e9 essencial para minimizar os impactos dessa situa\u00e7\u00e3o. (Jornal Panorama \u2013 Caxambu)<\/span><\/p>\n<p class=\"MsoNormal\"><span><a href=\"https:\/\/jornalpanoramaminas.com.br\/site\/em-coronel-pacheco-abastecimento-de-agua-e-comprometido-devido-as-fortes-chuvas\/\">https:\/\/jornalpanoramaminas.com.br\/site\/em-coronel-pacheco-abastecimento-de-agua-e-comprometido-devido-as-fortes-chuvas\/<\/a><\/span><\/p>\n<p class=\"MsoNormal\"><span>\u00a0<\/span><\/p>\n<p class=\"MsoNormal\"><span>\u00a0<\/span><\/p>\n<p class=\"MsoNormal\"><span>Zoo de Varginha tem melhorias<\/span><\/p>\n<p class=\"MsoNormal\"><span>A Prefeitura de Varginha inaugurou as obras de melhorias no Parque Zoobot\u00e2nico Dr. M\u00e1rio Frota e a nova Portaria. Uma nova portaria foi constru\u00edda na avenida Ot\u00e1vio Marques de Paula, e um novo estacionamento foi inaugurado. As \u00e1reas de visita\u00e7\u00e3o foram reformadas e pintadas. Novas placas e sinaliza\u00e7\u00e3o tamb\u00e9m foram instaladas nas \u00e1reas de circula\u00e7\u00e3o dos visitantes. Na avenida, uma lombada eletr\u00f4nica e uma rec\u00e9m-pintada faixa de pedestres garantem a seguran\u00e7a para quem vai acessar a portaria. (Varginha Digital)<\/span><\/p>\n<p class=\"MsoNormal\"><span><a href=\"https:\/\/varginhadigital.com.br\/noticias\/noticias-de-varginha\/portaria-parque-zoobotanico-varginha\/\">https:\/\/varginhadigital.com.br\/noticias\/noticias-de-varginha\/portaria-parque-zoobotanico-varginha\/<\/a><\/span><\/p>\n<p>\u00a0<\/p>","protected":false},"excerpt":{"rendered":"<p>Normal 0 21 false false false PT-BR X-NONE X-NONE \/* Style Definitions *\/ table.MsoNormalTable {mso-style-name:&#8221;Tabela normal&#8221;; mso-tstyle-rowband-size:0; mso-tstyle-colband-size:0; mso-style-noshow:yes; mso-style-priority:99; mso-style-parent:&#8221;&#8221;; mso-padding-alt:0cm 5.4pt 0cm 5.4pt; mso-para-margin:0cm; line-height:115%; mso-pagination:widow-orphan; font-size:11.0pt; font-family:&#8221;Arial&#8221;,sans-serif;} COLUNA MG Principais destaques dos jornais e portais integrantes da rede Sindijori MG www.sindijorimg.com.br \u00a0 \u00a0 Be8 implanta f\u00e1brica em Uberaba Com equipamentos j\u00e1 adquiridos, [&hellip;]<\/p>\n","protected":false},"author":0,"featured_media":27858,"comment_status":"open","ping_status":"open","sticky":false,"template":"","format":"standard","meta":{"rop_custom_images_group":[],"rop_custom_messages_group":[],"rop_publish_now":"initial","rop_publish_now_accounts":[],"rop_publish_now_history":[],"rop_publish_now_status":"pending","footnotes":""},"categories":[6745],"tags":[],"class_list":["post-27857","post","type-post","status-publish","format-standard","has-post-thumbnail","hentry","category-coluna-sindijori"],"_links":{"self":[{"href":"https:\/\/diariotribuna.com.br\/index.php?rest_route=\/wp\/v2\/posts\/27857"}],"collection":[{"href":"https:\/\/diariotribuna.com.br\/index.php?rest_route=\/wp\/v2\/posts"}],"about":[{"href":"https:\/\/diariotribuna.com.br\/index.php?rest_route=\/wp\/v2\/types\/post"}],"replies":[{"embeddable":true,"href":"https:\/\/diariotribuna.com.br\/index.php?rest_route=%2Fwp%2Fv2%2Fcomments&post=27857"}],"version-history":[{"count":0,"href":"https:\/\/diariotribuna.com.br\/index.php?rest_route=\/wp\/v2\/posts\/27857\/revisions"}],"wp:featuredmedia":[{"embeddable":true,"href":"https:\/\/diariotribuna.com.br\/index.php?rest_route=\/wp\/v2\/media\/27858"}],"wp:attachment":[{"href":"https:\/\/diariotribuna.com.br\/index.php?rest_route=%2Fwp%2Fv2%2Fmedia&parent=27857"}],"wp:term":[{"taxonomy":"category","embeddable":true,"href":"https:\/\/diariotribuna.com.br\/index.php?rest_route=%2Fwp%2Fv2%2Fcategories&post=27857"},{"taxonomy":"post_tag","embeddable":true,"href":"https:\/\/diariotribuna.com.br\/index.php?rest_route=%2Fwp%2Fv2%2Ftags&post=27857"}],"curies":[{"name":"wp","href":"https:\/\/api.w.org\/{rel}","templated":true}]}}