{"id":27863,"date":"2024-12-23T13:29:26","date_gmt":"2024-12-23T16:29:26","guid":{"rendered":"https:\/\/diariotribuna.com.br\/?p=27863"},"modified":"2024-12-23T13:34:55","modified_gmt":"2024-12-23T16:34:55","slug":"vara-da-infancia-e-juventude-da-comarca-de-teofilo-otoni","status":"publish","type":"post","link":"https:\/\/diariotribuna.com.br\/?p=27863","title":{"rendered":"Vara da Inf\u00e2ncia e Juventude da Comarca de Te\u00f3filo Otoni"},"content":{"rendered":"\n<pre class=\"wp-block-verse\"><strong>Saiba quais s\u00e3o as orienta\u00e7\u00f5es da Justi\u00e7a sobre viagem de crian\u00e7as e adolescentes<\/strong><\/pre>\n\n\n\n<figure class=\"wp-block-image size-full is-resized\"><img loading=\"lazy\" decoding=\"async\" width=\"700\" height=\"972\" src=\"https:\/\/diariotribuna.com.br\/wp-content\/uploads\/2024\/12\/Imagem-do-WhatsApp-de-2024-12-23-as-13.16.55_7c6a019e.jpg\" alt=\"\" class=\"wp-image-27864\" style=\"width:543px;height:auto\" srcset=\"https:\/\/diariotribuna.com.br\/wp-content\/uploads\/2024\/12\/Imagem-do-WhatsApp-de-2024-12-23-as-13.16.55_7c6a019e.jpg 700w, https:\/\/diariotribuna.com.br\/wp-content\/uploads\/2024\/12\/Imagem-do-WhatsApp-de-2024-12-23-as-13.16.55_7c6a019e-216x300.jpg 216w, https:\/\/diariotribuna.com.br\/wp-content\/uploads\/2024\/12\/Imagem-do-WhatsApp-de-2024-12-23-as-13.16.55_7c6a019e-696x966.jpg 696w, https:\/\/diariotribuna.com.br\/wp-content\/uploads\/2024\/12\/Imagem-do-WhatsApp-de-2024-12-23-as-13.16.55_7c6a019e-302x420.jpg 302w\" sizes=\"(max-width: 700px) 100vw, 700px\" \/><\/figure>\n","protected":false},"excerpt":{"rendered":"<p>Saiba quais s\u00e3o as orienta\u00e7\u00f5es da Justi\u00e7a sobre viagem de crian\u00e7as e adolescentes<\/p>\n","protected":false},"author":1,"featured_media":27864,"comment_status":"open","ping_status":"open","sticky":false,"template":"","format":"standard","meta":{"rop_custom_images_group":[],"rop_custom_messages_group":[],"rop_publish_now":"initial","rop_publish_now_accounts":[],"rop_publish_now_history":[],"rop_publish_now_status":"pending","footnotes":""},"categories":[31],"tags":[6872,6873,75,6871,6874],"class_list":["post-27863","post","type-post","status-publish","format-standard","has-post-thumbnail","hentry","category-juridico","tag-comarca-de-teofilo-otoni","tag-dias","tag-teofilo-otoni","tag-vara-da-infancia-e-juventude","tag-viagem"],"_links":{"self":[{"href":"https:\/\/diariotribuna.com.br\/index.php?rest_route=\/wp\/v2\/posts\/27863"}],"collection":[{"href":"https:\/\/diariotribuna.com.br\/index.php?rest_route=\/wp\/v2\/posts"}],"about":[{"href":"https:\/\/diariotribuna.com.br\/index.php?rest_route=\/wp\/v2\/types\/post"}],"author":[{"embeddable":true,"href":"https:\/\/diariotribuna.com.br\/index.php?rest_route=\/wp\/v2\/users\/1"}],"replies":[{"embeddable":true,"href":"https:\/\/diariotribuna.com.br\/index.php?rest_route=%2Fwp%2Fv2%2Fcomments&post=27863"}],"version-history":[{"count":1,"href":"https:\/\/diariotribuna.com.br\/index.php?rest_route=\/wp\/v2\/posts\/27863\/revisions"}],"predecessor-version":[{"id":27865,"href":"https:\/\/diariotribuna.com.br\/index.php?rest_route=\/wp\/v2\/posts\/27863\/revisions\/27865"}],"wp:featuredmedia":[{"embeddable":true,"href":"https:\/\/diariotribuna.com.br\/index.php?rest_route=\/wp\/v2\/media\/27864"}],"wp:attachment":[{"href":"https:\/\/diariotribuna.com.br\/index.php?rest_route=%2Fwp%2Fv2%2Fmedia&parent=27863"}],"wp:term":[{"taxonomy":"category","embeddable":true,"href":"https:\/\/diariotribuna.com.br\/index.php?rest_route=%2Fwp%2Fv2%2Fcategories&post=27863"},{"taxonomy":"post_tag","embeddable":true,"href":"https:\/\/diariotribuna.com.br\/index.php?rest_route=%2Fwp%2Fv2%2Ftags&post=27863"}],"curies":[{"name":"wp","href":"https:\/\/api.w.org\/{rel}","templated":true}]}}