{"id":27868,"date":"2024-12-23T23:01:45","date_gmt":"2024-12-24T02:01:45","guid":{"rendered":"https:\/\/diariotribuna.com.br\/?p=27868"},"modified":"2024-12-24T00:22:45","modified_gmt":"2024-12-24T03:22:45","slug":"condutor-da-carreta-que-se-envolveu-em-acidente-em-teofilo-otoni-se-apresenta-a-policia-civil","status":"publish","type":"post","link":"https:\/\/diariotribuna.com.br\/?p=27868","title":{"rendered":"Condutor da carreta que se envolveu em acidente em Te\u00f3filo Otoni se apresenta \u00e0 Pol\u00edcia Civil"},"content":{"rendered":"\n<p><strong><em>O advogado de A.B.A, 41 anos, fala sobre o motivo dele ter abandonado o local do acidente<\/em><\/strong><\/p>\n\n\n\n<figure class=\"wp-block-image size-full is-resized\"><img loading=\"lazy\" decoding=\"async\" width=\"700\" height=\"394\" src=\"https:\/\/diariotribuna.com.br\/wp-content\/uploads\/2024\/12\/Imagem-do-WhatsApp-de-2024-12-23-as-22.58.51_97702a21.jpg\" alt=\"\" class=\"wp-image-27870\" style=\"width:541px;height:auto\" srcset=\"https:\/\/diariotribuna.com.br\/wp-content\/uploads\/2024\/12\/Imagem-do-WhatsApp-de-2024-12-23-as-22.58.51_97702a21.jpg 700w, https:\/\/diariotribuna.com.br\/wp-content\/uploads\/2024\/12\/Imagem-do-WhatsApp-de-2024-12-23-as-22.58.51_97702a21-300x169.jpg 300w, https:\/\/diariotribuna.com.br\/wp-content\/uploads\/2024\/12\/Imagem-do-WhatsApp-de-2024-12-23-as-22.58.51_97702a21-696x392.jpg 696w\" sizes=\"(max-width: 700px) 100vw, 700px\" \/><figcaption class=\"wp-element-caption\"><strong>O condutor da carreta se apresentou na tarde desta segunda-feira, 23, na delegacia de Pol\u00edcia Civil, em Te\u00f3filo Otoni (Foto: Victor Couy)<\/strong><\/figcaption><\/figure>\n\n\n\n<p>O acidente aconteceu na madrugada de s\u00e1bado (21\/12), no Km 286 da BR 116, em Te\u00f3filo Otoni, envolvendo uma carreta que transportava granito, um \u00f4nibus e um ve\u00edculo de passeio, resultando na morte de 39 pessoas, conforme informa\u00e7\u00e3o oficial do IML, sendo que 36 morreram no local e as demais em hospital. Dentre os mortos, 25 estavam totalmente carbonizadas.<\/p>\n\n\n\n<p><strong>Ap\u00f3s o tr\u00e1gico acidente, o condutor da carreta, A.B.A, 41 anos, fugiu<\/strong>. Ele estava sendo procurado pela pol\u00edcia, e na tarde desta segunda-feira (23), se apresentou na delegacia de Pol\u00edcia Civil de Te\u00f3filo Otoni, acompanhado por advogados. O condutor prestou depoimento para o chefe do 15\u00ba Departamento de Pol\u00edcia Civil, dr. Amaury Albuquerque e para o delegado, dr. C\u00e9sar C\u00e2ndido, depois saiu com o rosto encoberto, acompanhado dos advogados.<\/p>\n\n\n\n<figure class=\"wp-block-image size-full is-resized\"><img loading=\"lazy\" decoding=\"async\" width=\"700\" height=\"385\" src=\"https:\/\/diariotribuna.com.br\/wp-content\/uploads\/2024\/12\/1-6.jpg\" alt=\"\" class=\"wp-image-27869\" style=\"width:526px;height:auto\" srcset=\"https:\/\/diariotribuna.com.br\/wp-content\/uploads\/2024\/12\/1-6.jpg 700w, https:\/\/diariotribuna.com.br\/wp-content\/uploads\/2024\/12\/1-6-300x165.jpg 300w, https:\/\/diariotribuna.com.br\/wp-content\/uploads\/2024\/12\/1-6-696x383.jpg 696w\" sizes=\"(max-width: 700px) 100vw, 700px\" \/><figcaption class=\"wp-element-caption\"><strong>O acidente aconteceu na madrugada de s\u00e1bado (21\/12), no Km 286 da BR 116, em Te\u00f3filo Otoni (Foto: Thiago Cardoso)<\/strong><\/figcaption><\/figure>\n\n\n\n<p><strong>Na porta da delegacia, o advogado do condutor, dr. Raony Scheffer concedeu entrevista coletiva<\/strong>, e disse que gostaria de prestar solidariedade \u00e0s fam\u00edlias das v\u00edtimas e aos que est\u00e3o hospitalizados, e pensar primeiramente na assist\u00eancia e apoio psicol\u00f3gico que essas pessoas precisam. Depois, falou que seu cliente se apresentou espontaneamente, prestou todos os esclarecimentos necess\u00e1rios aos delegados, respondeu todas as perguntas e foi liberado.<\/p>\n\n\n\n<p>Segundo o advogado, \u201co que aconteceu n\u00e3o foi uma falha humana, foi uma falha mec\u00e2nica que est\u00e1 sendo objeto de investiga\u00e7\u00e3o e de per\u00edcia. E que no seu devido tempo ser\u00e1 publicado para a imprensa e no processo, o resultado dela\u201d. Questionado qual seria a falha mec\u00e2nica, disse que na sua vis\u00e3o teria sido do \u00f4nibus que teria estourado um pneu, invadido a m\u00e3o de dire\u00e7\u00e3o do seu cliente, e acabou ocasionando o acidente.<\/p>\n\n\n\n<p>O advogado ressalta ainda que tem testemunhas oculares que presenciaram o acidente e teriam visto a quest\u00e3o do estouro do pneu do \u00f4nibus, que invadiu a contram\u00e3o, colidindo com a carreta. Falou ainda, que a CNH do condutor n\u00e3o est\u00e1 suspensa, que tem uma decis\u00e3o judicial que revogou a suspens\u00e3o, e ele est\u00e1 perfeitamente habilitado, apto a dirigir. Ele completou ainda, dizendo que n\u00e3o foi apresentado nenhuma prova sobre poss\u00edvel excesso de peso ou de velocidade.<\/p>\n\n\n\n<p><strong>Sobre o condutor abandonar o local do acidente, o advogado frisou que o motivo teria sido que<\/strong>, naquele momento ele desceu da carreta, foi verificar o que aconteceu e entrou em p\u00e2nico em virtude de ver a gravidade do acidente, de ver o \u00f4nibus em chamas, e n\u00e3o teria nada que ele pudesse fazer para prestar qualquer tipo de apoio, de assist\u00eancia, de socorro. Concluindo a coletiva, o advogado informou que seu cliente est\u00e1 sendo investigado, e que n\u00e3o tem decis\u00e3o nenhuma decretando a pris\u00e3o dele. O advogado da empresa disse que, quando apresentar esclarecimento \u00e0 pol\u00edcia, se pronuncia com a imprensa.<\/p>\n","protected":false},"excerpt":{"rendered":"<p>O advogado de A.B.A, 41 anos, fala sobre o motivo dele ter abandonado o local do acidente O acidente aconteceu na madrugada de s\u00e1bado (21\/12), no Km 286 da BR 116, em Te\u00f3filo Otoni, envolvendo uma carreta que transportava granito, um \u00f4nibus e um ve\u00edculo de passeio, resultando na morte de 39 pessoas, conforme informa\u00e7\u00e3o [&hellip;]<\/p>\n","protected":false},"author":1,"featured_media":27870,"comment_status":"open","ping_status":"open","sticky":false,"template":"","format":"standard","meta":{"rop_custom_images_group":[],"rop_custom_messages_group":[],"rop_publish_now":"initial","rop_publish_now_accounts":[],"rop_publish_now_history":[],"rop_publish_now_status":"pending","footnotes":""},"categories":[25,19,1],"tags":[],"class_list":["post-27868","post","type-post","status-publish","format-standard","has-post-thumbnail","hentry","category-destaque","category-gerais","category-sem-categoria"],"_links":{"self":[{"href":"https:\/\/diariotribuna.com.br\/index.php?rest_route=\/wp\/v2\/posts\/27868"}],"collection":[{"href":"https:\/\/diariotribuna.com.br\/index.php?rest_route=\/wp\/v2\/posts"}],"about":[{"href":"https:\/\/diariotribuna.com.br\/index.php?rest_route=\/wp\/v2\/types\/post"}],"author":[{"embeddable":true,"href":"https:\/\/diariotribuna.com.br\/index.php?rest_route=\/wp\/v2\/users\/1"}],"replies":[{"embeddable":true,"href":"https:\/\/diariotribuna.com.br\/index.php?rest_route=%2Fwp%2Fv2%2Fcomments&post=27868"}],"version-history":[{"count":7,"href":"https:\/\/diariotribuna.com.br\/index.php?rest_route=\/wp\/v2\/posts\/27868\/revisions"}],"predecessor-version":[{"id":27882,"href":"https:\/\/diariotribuna.com.br\/index.php?rest_route=\/wp\/v2\/posts\/27868\/revisions\/27882"}],"wp:featuredmedia":[{"embeddable":true,"href":"https:\/\/diariotribuna.com.br\/index.php?rest_route=\/wp\/v2\/media\/27870"}],"wp:attachment":[{"href":"https:\/\/diariotribuna.com.br\/index.php?rest_route=%2Fwp%2Fv2%2Fmedia&parent=27868"}],"wp:term":[{"taxonomy":"category","embeddable":true,"href":"https:\/\/diariotribuna.com.br\/index.php?rest_route=%2Fwp%2Fv2%2Fcategories&post=27868"},{"taxonomy":"post_tag","embeddable":true,"href":"https:\/\/diariotribuna.com.br\/index.php?rest_route=%2Fwp%2Fv2%2Ftags&post=27868"}],"curies":[{"name":"wp","href":"https:\/\/api.w.org\/{rel}","templated":true}]}}