{"id":27954,"date":"2024-12-29T22:56:24","date_gmt":"2024-12-30T01:56:24","guid":{"rendered":"https:\/\/diariotribuna.com.br\/?p=27954"},"modified":"2024-12-29T23:07:35","modified_gmt":"2024-12-30T02:07:35","slug":"sargento-chaves-entra-para-o-quadro-dos-veteranos-da-pmmg-e-recebe-homenagem-dos-irmaos-de-farda-tatico-movel","status":"publish","type":"post","link":"https:\/\/diariotribuna.com.br\/?p=27954","title":{"rendered":"Sargento Chaves entra para o quadro dos Veteranos da PMMG e recebe homenagem dos irm\u00e3os de farda T\u00e1tico M\u00f3vel"},"content":{"rendered":"\n<figure class=\"wp-block-image size-full is-resized\"><img loading=\"lazy\" decoding=\"async\" width=\"650\" height=\"419\" src=\"https:\/\/diariotribuna.com.br\/wp-content\/uploads\/2024\/12\/Imagem-do-WhatsApp-de-2024-12-27-as-15.35.33_26f359fa.jpg\" alt=\"\" class=\"wp-image-27955\" style=\"width:529px;height:auto\" srcset=\"https:\/\/diariotribuna.com.br\/wp-content\/uploads\/2024\/12\/Imagem-do-WhatsApp-de-2024-12-27-as-15.35.33_26f359fa.jpg 650w, https:\/\/diariotribuna.com.br\/wp-content\/uploads\/2024\/12\/Imagem-do-WhatsApp-de-2024-12-27-as-15.35.33_26f359fa-300x193.jpg 300w\" sizes=\"(max-width: 650px) 100vw, 650px\" \/><figcaption class=\"wp-element-caption\"><strong>Sargento Chaves, 29 anos de relevantes servi\u00e7os prestados na PMMG<\/strong><\/figcaption><\/figure>\n\n\n\n<p>O sargento Chaves da Pol\u00edcia Militar de Minas Gerais concluiu sua carreira na institui\u00e7\u00e3o ap\u00f3s 29 anos de relevantes servi\u00e7os prestados na seguran\u00e7a p\u00fablica, todos no 19\u00ba Batalh\u00e3o de Te\u00f3filo Otoni, e agora foi para a reserva, com a patente de 1\u00ba Sargento PM. Tamb\u00e9m conhecido como o Chaves da Comitiva Chaves e Cia, que realiza as tradicionais cavalgadas em Te\u00f3filo Otoni, conhecido ainda como quem sabe ser solid\u00e1rio com quem precisa.<\/p>\n\n\n\n<p>Inclusive, no \u00faltimo final de semana, ele e equipe foram at\u00e9 o aterro sanit\u00e1rio (conhecido Lix\u00e3o, na BR 116), entregar cestas b\u00e1sicas para pessoas que ali trabalham e tiram seus sustentos. Assim, ele seguiu sua carreira de policial, de amante das cavalgadas, das a\u00e7\u00f5es sociais importantes para muitas fam\u00edlias carentes, parceiro da imprensa, conquistando e preservando muitos amigos.<\/p>\n\n\n\n<p><strong>Homenagem \u2013<\/strong> Na manh\u00e3 de quinta-feira (26\/12), Chaves foi surpreendido na sua resid\u00eancia com a chegada dos seus colegas\/irm\u00e3os de farda do T\u00e1tico M\u00f3vel, coordenados pelo comandante da 74\u00aa Cia, tenente Lucas Oliveira, recebendo uma linda e emocionante homenagem de despedida e agradecimentos pelas amizades e companheirismo na profiss\u00e3o.<\/p>\n\n\n\n<figure class=\"wp-block-gallery has-nested-images columns-2 is-cropped wp-block-gallery-1 is-layout-flex wp-block-gallery-is-layout-flex\">\n<figure class=\"wp-block-image size-large\"><img loading=\"lazy\" decoding=\"async\" width=\"419\" height=\"511\" data-id=\"27960\" src=\"https:\/\/diariotribuna.com.br\/wp-content\/uploads\/2024\/12\/Captura-de-tela-2024-12-27-154115.png\" alt=\"\" class=\"wp-image-27960\" srcset=\"https:\/\/diariotribuna.com.br\/wp-content\/uploads\/2024\/12\/Captura-de-tela-2024-12-27-154115.png 419w, https:\/\/diariotribuna.com.br\/wp-content\/uploads\/2024\/12\/Captura-de-tela-2024-12-27-154115-246x300.png 246w, https:\/\/diariotribuna.com.br\/wp-content\/uploads\/2024\/12\/Captura-de-tela-2024-12-27-154115-344x420.png 344w\" sizes=\"(max-width: 419px) 100vw, 419px\" \/><\/figure>\n\n\n\n<figure class=\"wp-block-image size-large\"><img loading=\"lazy\" decoding=\"async\" width=\"419\" height=\"532\" data-id=\"27958\" src=\"https:\/\/diariotribuna.com.br\/wp-content\/uploads\/2024\/12\/Captura-de-tela-2024-12-27-154409.png\" alt=\"\" class=\"wp-image-27958\" srcset=\"https:\/\/diariotribuna.com.br\/wp-content\/uploads\/2024\/12\/Captura-de-tela-2024-12-27-154409.png 419w, https:\/\/diariotribuna.com.br\/wp-content\/uploads\/2024\/12\/Captura-de-tela-2024-12-27-154409-236x300.png 236w, https:\/\/diariotribuna.com.br\/wp-content\/uploads\/2024\/12\/Captura-de-tela-2024-12-27-154409-331x420.png 331w\" sizes=\"(max-width: 419px) 100vw, 419px\" \/><\/figure>\n\n\n\n<figure class=\"wp-block-image size-large\"><img loading=\"lazy\" decoding=\"async\" width=\"413\" height=\"339\" data-id=\"27956\" src=\"https:\/\/diariotribuna.com.br\/wp-content\/uploads\/2024\/12\/Captura-de-tela-2024-12-27-154221.png\" alt=\"\" class=\"wp-image-27956\" srcset=\"https:\/\/diariotribuna.com.br\/wp-content\/uploads\/2024\/12\/Captura-de-tela-2024-12-27-154221.png 413w, https:\/\/diariotribuna.com.br\/wp-content\/uploads\/2024\/12\/Captura-de-tela-2024-12-27-154221-300x246.png 300w\" sizes=\"(max-width: 413px) 100vw, 413px\" \/><\/figure>\n\n\n\n<figure class=\"wp-block-image size-large\"><img loading=\"lazy\" decoding=\"async\" width=\"417\" height=\"455\" data-id=\"27959\" src=\"https:\/\/diariotribuna.com.br\/wp-content\/uploads\/2024\/12\/Captura-de-tela-2024-12-27-154459.png\" alt=\"\" class=\"wp-image-27959\" srcset=\"https:\/\/diariotribuna.com.br\/wp-content\/uploads\/2024\/12\/Captura-de-tela-2024-12-27-154459.png 417w, https:\/\/diariotribuna.com.br\/wp-content\/uploads\/2024\/12\/Captura-de-tela-2024-12-27-154459-275x300.png 275w, https:\/\/diariotribuna.com.br\/wp-content\/uploads\/2024\/12\/Captura-de-tela-2024-12-27-154459-385x420.png 385w\" sizes=\"(max-width: 417px) 100vw, 417px\" \/><\/figure>\n<\/figure>\n\n\n\n<p><strong>Na p\u00e1gina oficial do Instagram do T\u00e1tico M\u00f3vel est\u00e1 registrado o momento da homenagem:<\/strong> \u201cO dia 26 de dezembro de 2024 ficar\u00e1 para sempre registrado como o \u00faltimo fora de forma do Sargento Chaves em nossas fileiras ativas, encerrando com maestria uma carreira dedicada \u00e0 Pol\u00edcia Militar de Minas Gerais. Agora, ele ingressa \u00e0s nobres fileiras dos veteranos, carregando consigo o respeito, a admira\u00e7\u00e3o e a gratid\u00e3o de seus pares, superiores e da sociedade mineira. Com muita honra e merecimento, desejamos que esta nova etapa seja repleta de felicidade, paz e momentos preciosos ao lado de quem sempre esteve ao seu lado: seus familiares e amigos. Por aqui, continuaremos com a miss\u00e3o de servir e proteger o povo mineiro, inspirados pelo exemplo de dedica\u00e7\u00e3o que o senhor nos deixou. Sargento Chaves, miss\u00e3o cumprida! Agora, entregue de volta \u00e0 sua fam\u00edlia, \u00e9 hora de aproveitar plenamente o conv\u00edvio com quem ama. For\u00e7a e Honra! A \u00e1guia est\u00e1 altiva e vigilante\u201d. (T\u00e1tico M\u00f3vel \/ 19\u00ba BPM \/ Te\u00f3filo Otoni).<\/p>\n","protected":false},"excerpt":{"rendered":"<p>O sargento Chaves da Pol\u00edcia Militar de Minas Gerais concluiu sua carreira na institui\u00e7\u00e3o ap\u00f3s 29 anos de relevantes servi\u00e7os prestados na seguran\u00e7a p\u00fablica, todos no 19\u00ba Batalh\u00e3o de Te\u00f3filo Otoni, e agora foi para a reserva, com a patente de 1\u00ba Sargento PM. Tamb\u00e9m conhecido como o Chaves da Comitiva Chaves e Cia, que [&hellip;]<\/p>\n","protected":false},"author":1,"featured_media":27955,"comment_status":"open","ping_status":"open","sticky":false,"template":"","format":"standard","meta":{"rop_custom_images_group":[],"rop_custom_messages_group":[],"rop_publish_now":"initial","rop_publish_now_accounts":[],"rop_publish_now_history":[],"rop_publish_now_status":"pending","footnotes":""},"categories":[25,19],"tags":[941,1084,530,1178,75,6890],"class_list":["post-27954","post","type-post","status-publish","format-standard","has-post-thumbnail","hentry","category-destaque","category-gerais","tag-19o-batalhao","tag-homenagem","tag-sargento-chaves","tag-tatico-movel","tag-teofilo-otoni","tag-veterano"],"_links":{"self":[{"href":"https:\/\/diariotribuna.com.br\/index.php?rest_route=\/wp\/v2\/posts\/27954"}],"collection":[{"href":"https:\/\/diariotribuna.com.br\/index.php?rest_route=\/wp\/v2\/posts"}],"about":[{"href":"https:\/\/diariotribuna.com.br\/index.php?rest_route=\/wp\/v2\/types\/post"}],"author":[{"embeddable":true,"href":"https:\/\/diariotribuna.com.br\/index.php?rest_route=\/wp\/v2\/users\/1"}],"replies":[{"embeddable":true,"href":"https:\/\/diariotribuna.com.br\/index.php?rest_route=%2Fwp%2Fv2%2Fcomments&post=27954"}],"version-history":[{"count":5,"href":"https:\/\/diariotribuna.com.br\/index.php?rest_route=\/wp\/v2\/posts\/27954\/revisions"}],"predecessor-version":[{"id":27966,"href":"https:\/\/diariotribuna.com.br\/index.php?rest_route=\/wp\/v2\/posts\/27954\/revisions\/27966"}],"wp:featuredmedia":[{"embeddable":true,"href":"https:\/\/diariotribuna.com.br\/index.php?rest_route=\/wp\/v2\/media\/27955"}],"wp:attachment":[{"href":"https:\/\/diariotribuna.com.br\/index.php?rest_route=%2Fwp%2Fv2%2Fmedia&parent=27954"}],"wp:term":[{"taxonomy":"category","embeddable":true,"href":"https:\/\/diariotribuna.com.br\/index.php?rest_route=%2Fwp%2Fv2%2Fcategories&post=27954"},{"taxonomy":"post_tag","embeddable":true,"href":"https:\/\/diariotribuna.com.br\/index.php?rest_route=%2Fwp%2Fv2%2Ftags&post=27954"}],"curies":[{"name":"wp","href":"https:\/\/api.w.org\/{rel}","templated":true}]}}