{"id":27967,"date":"2024-12-30T07:57:46","date_gmt":"2024-12-30T10:57:46","guid":{"rendered":"https:\/\/diariotribuna.com.br\/?p=27967"},"modified":"2024-12-30T07:57:46","modified_gmt":"2024-12-30T10:57:46","slug":"diretoria-da-caamg-para-os-proximos-tres-anos-toma-posse-administrativamente","status":"publish","type":"post","link":"https:\/\/diariotribuna.com.br\/?p=27967","title":{"rendered":"Diretoria da CAAMG para os pr\u00f3ximos tr\u00eas anos toma posse administrativamente\u00a0"},"content":{"rendered":"<p class=\"MsoNormal\"><span>CAA MG \/ Divulga\u00e7\u00e3o<\/span><\/p>\n<p><\/p>\n<p class=\"MsoNormal\"><span>A presidente eleita da Caixa de Assist\u00eancia dos Advogados de Minas Gerais (CAAMG), \u00c2ngela Botelho, tomou posse administrativa para o tri\u00eanio 2025\/2027, na sexta-feira (13\/12). O ato interno faz parte da agenda do Sistema OAB-MG e aconteceu no Plen\u00e1rio Jair Leonardo Lopes, sede antiga localizada na rua Albita, 250, bairro Cruzeiro, regi\u00e3o Centro-Sul de Belo Horizonte.<\/span><\/p>\n<p><\/p>\n<p class=\"MsoNormal\"><span>A solenidade ocorrida durante a reuni\u00e3o do Conselho Pleno tamb\u00e9m empossou o advogado Gustavo Chalfun como novo presidente da Seccional Mineira para o mesmo per\u00edodo. Ele \u00e9 o atual presidente da Caixa de Assist\u00eancia. Ambos ir\u00e3o assumir os cargos de forma oficial a partir de 1\u00ba de janeiro de 2025, assim como os diretores e conselheiros seccionais.<\/span><\/p>\n<p><\/p>\n<p class=\"MsoNormal\"><span>A CAAMG vai ter uma mulher pela primeira vez na sua hist\u00f3ria a ocupar a presid\u00eancia. Ap\u00f3s assinar o termo de posse, \u00c2ngela Botelho destacou a import\u00e2ncia do momento e o significado para a sua trajet\u00f3ria profissional. Falou, ainda, sobre o compromisso de conduzir a institui\u00e7\u00e3o. \u201cEstou muito honrada e feliz de ser a primeira mulher presidente da CAAMG. Eu tenho a certeza da grande responsabilidade que tenho de conduzir essa institui\u00e7\u00e3o t\u00e3o honrosa. O meu objetivo maior \u00e9 proporcionar uma qualidade de vida para os advogados mineiros\u201d, ressaltou.<\/span><\/p>\n<p><\/p>\n<p class=\"MsoNormal\"><span>A diretoria da Caixa ser\u00e1 composta ainda pelo vice-presidente, Marco Ant\u00f4nio Freitas; o primeiro secret\u00e1rio, Giuliano Almada; o segundo secret\u00e1rio, Rodrigo Botti; o tesoureiro, Diogo Lustosa; e as diretoras institucionais Michelly Siqueira, Larissa Santiago e Roberta Pegorari.<\/span><\/p>\n<p><\/p>\n<p class=\"MsoNormal\"><span>Tamb\u00e9m empossado, o presidente eleito, Gustavo Chalfun, que se torna o primeiro advogado do interior e o primeiro ex-presidente de Subse\u00e7\u00e3o, agradeceu a todos que fizeram parte de sua gest\u00e3o pela Caixa. \u201cAgrade\u00e7o \u00e0 diretoria da Caixa de Assist\u00eancia dos Advogados de Minas Gerais pelo trabalho conjunto nesses \u00faltimos tr\u00eas anos. Conseguimos inovar, incluir e avan\u00e7ar e entregar melhorias ao dia a dia da advocacia mineira\u201d, destacou.<\/span><\/p>\n<p><\/p>\n<p class=\"MsoNormal\"><span>Comp\u00f5em a diretoria da OAB-MG como vice-presidente, N\u00fabia de Paula; o secret\u00e1rio-geral, Sanders Bar\u00e3o; a secret\u00e1ria-geral adjunta, C\u00e1ssia Hatem; e o tesoureiro, Fabr\u00edcio Almeida.<\/span><\/p>\n<p><\/p>\n<p class=\"MsoNormal\"><span>Os conselheiros federais titulares ser\u00e3o S\u00e9rgio Murilo, Misabel Derzi e S\u00e9rgio Rodrigues Leonardo, e os suplentes Marcelo Tostes, Daniela Marques e Virg\u00ednia Afonso.<\/span><\/p>\n<p><\/p>\n<p class=\"MsoNormal\"><span>Homenagem<\/span><span><\/span><\/p>\n<p><\/p>\n<p class=\"MsoNormal\"><span>Ainda durante a posse administrativa, o atual presidente da OAB-MG, S\u00e9rgio Leonardo, recebeu uma placa de homenagem pelos servi\u00e7os prestados \u00e0 Ordem Mineira do atual presidente da CAAMG, Gustavo Chalfun. \u201cUm dos meus principais objetivos era de que todos os diretores caminhassem unidos do come\u00e7o ao final, que cheg\u00e1ssemos todos juntos at\u00e9 esse momento. Esse sonho, que a gente sonhou l\u00e1 atr\u00e1s, se materializou porque todos aqui acreditaram e resolveram participar dessa gest\u00e3o\u201d, afirmou S\u00e9rgio Leonardo.<\/span><\/p>\n<p><\/p>\n<p class=\"MsoNormal\"><span>\u00c2ngela Botelho<\/span><span><\/span><\/p>\n<p><\/p>\n<p class=\"MsoNormal\"><span>\u00c2ngela Parreira de Oliveira Botelho est\u00e1 inscrita na Seccional Mineira desde 1992 e atua nas \u00e1reas do direito C\u00edvel, Trabalho, Fam\u00edlia e Previdenci\u00e1rio. Atualmente ocupa a vice-presid\u00eancia da OAB Minas (2022-2024); foi presidente da Subse\u00e7\u00e3o de Uberl\u00e2ndia (2016\/2018 e 2019\/2021); vice-presidente da Subse\u00e7\u00e3o (2010\/2012 e 2013\/2015); conselheiro subseccional (2007\/2009); secret\u00e1ria adjunta (2004\/2006) e presidente da Subse\u00e7\u00e3o de Uberl\u00e2ndia (2016\/2018 e 2019\/2021.<\/span><\/p>\n<p><\/p>\n<p>\u00a0<\/p>","protected":false},"excerpt":{"rendered":"<p>CAA MG \/ Divulga\u00e7\u00e3o A presidente eleita da Caixa de Assist\u00eancia dos Advogados de Minas Gerais (CAAMG), \u00c2ngela Botelho, tomou posse administrativa para o tri\u00eanio 2025\/2027, na sexta-feira (13\/12). O ato interno faz parte da agenda do Sistema OAB-MG e aconteceu no Plen\u00e1rio Jair Leonardo Lopes, sede antiga localizada na rua Albita, 250, bairro Cruzeiro, [&hellip;]<\/p>\n","protected":false},"author":0,"featured_media":27968,"comment_status":"open","ping_status":"open","sticky":false,"template":"","format":"standard","meta":{"rop_custom_images_group":[],"rop_custom_messages_group":[],"rop_publish_now":"initial","rop_publish_now_accounts":[],"rop_publish_now_history":[],"rop_publish_now_status":"pending","footnotes":""},"categories":[6745],"tags":[],"class_list":["post-27967","post","type-post","status-publish","format-standard","has-post-thumbnail","hentry","category-coluna-sindijori"],"_links":{"self":[{"href":"https:\/\/diariotribuna.com.br\/index.php?rest_route=\/wp\/v2\/posts\/27967"}],"collection":[{"href":"https:\/\/diariotribuna.com.br\/index.php?rest_route=\/wp\/v2\/posts"}],"about":[{"href":"https:\/\/diariotribuna.com.br\/index.php?rest_route=\/wp\/v2\/types\/post"}],"replies":[{"embeddable":true,"href":"https:\/\/diariotribuna.com.br\/index.php?rest_route=%2Fwp%2Fv2%2Fcomments&post=27967"}],"version-history":[{"count":0,"href":"https:\/\/diariotribuna.com.br\/index.php?rest_route=\/wp\/v2\/posts\/27967\/revisions"}],"wp:featuredmedia":[{"embeddable":true,"href":"https:\/\/diariotribuna.com.br\/index.php?rest_route=\/wp\/v2\/media\/27968"}],"wp:attachment":[{"href":"https:\/\/diariotribuna.com.br\/index.php?rest_route=%2Fwp%2Fv2%2Fmedia&parent=27967"}],"wp:term":[{"taxonomy":"category","embeddable":true,"href":"https:\/\/diariotribuna.com.br\/index.php?rest_route=%2Fwp%2Fv2%2Fcategories&post=27967"},{"taxonomy":"post_tag","embeddable":true,"href":"https:\/\/diariotribuna.com.br\/index.php?rest_route=%2Fwp%2Fv2%2Ftags&post=27967"}],"curies":[{"name":"wp","href":"https:\/\/api.w.org\/{rel}","templated":true}]}}