{"id":27973,"date":"2024-12-30T11:43:10","date_gmt":"2024-12-30T14:43:10","guid":{"rendered":"https:\/\/diariotribuna.com.br\/?p=27973"},"modified":"2024-12-30T11:43:10","modified_gmt":"2024-12-30T14:43:10","slug":"jf-intensifica-combate-a-dengue","status":"publish","type":"post","link":"https:\/\/diariotribuna.com.br\/?p=27973","title":{"rendered":"JF intensifica combate \u00e0 dengue\u00a0"},"content":{"rendered":"<p><!-- [if gte mso 9]&gt;--><\/p>\n<p>  Normal<br \/>\n  0<\/p>\n<p>  21<\/p>\n<p>  false<br \/>\n  false<br \/>\n  false<\/p>\n<p>  PT-BR<br \/>\n  X-NONE<br \/>\n  X-NONE<\/p>\n<p><!-- [if gte mso 9]&gt;--><\/p>\n<p><!-- [if gte mso 10]&gt;--><\/p>\n<p> \/* Style Definitions *\/<br \/>\n table.MsoNormalTable<br \/>\n\t{mso-style-name:&#8221;Tabela normal&#8221;;<br \/>\n\tmso-tstyle-rowband-size:0;<br \/>\n\tmso-tstyle-colband-size:0;<br \/>\n\tmso-style-noshow:yes;<br \/>\n\tmso-style-priority:99;<br \/>\n\tmso-style-parent:&#8221;&#8221;;<br \/>\n\tmso-padding-alt:0cm 5.4pt 0cm 5.4pt;<br \/>\n\tmso-para-margin:0cm;<br \/>\n\tline-height:115%;<br \/>\n\tmso-pagination:widow-orphan;<br \/>\n\tfont-size:11.0pt;<br \/>\n\tfont-family:&#8221;Arial&#8221;,sans-serif;}<\/p>\n<p class=\"MsoNormal\"><span>COLUNA MG<\/span><\/p>\n<p class=\"MsoNormal\"><span>Principais destaques dos jornais e portais integrantes da rede Sindijori MG <\/span><\/p>\n<p class=\"MsoNormal\"><span><a href=\"http:\/\/www.sindijorimg.com.br\/\">www.sindijorimg.com.br<\/a><\/span><\/p>\n<p class=\"MsoNormal\"><span>\u00a0<\/span><\/p>\n<p class=\"MsoNormal\"><span>\u00a0<\/span><\/p>\n<p class=\"MsoNormal\"><span>JF intensifica combate \u00e0 dengue <\/span><\/p>\n<p class=\"MsoNormal\"><span>A Prefeitura de Juiz de Fora (PJF), por meio dos Agentes de Combate a Endemias (ACE), est\u00e1 refor\u00e7ando as a\u00e7\u00f5es de preven\u00e7\u00e3o contra o mosquito Aedes aegypti, respons\u00e1vel pela transmiss\u00e3o de doen\u00e7as como dengue, zika, febre amarela e chikungunya. At\u00e9 o dia 3 de janeiro, os agentes realizar\u00e3o visitas e vistorias em resid\u00eancias e lotes de diversos bairros do munic\u00edpio, seguindo o cronograma da Subsecretaria de Vigil\u00e2ncia em Sa\u00fade (SSVS). Durante as visitas, os agentes orientam os moradores sobre a elimina\u00e7\u00e3o de criadouros e realizam o tratamento com larvicidas nos recipientes que n\u00e3o podem ser removidos. (Tribuna de Minas \u2013 Juiz de Fora \u2013 Foto Divulga\u00e7\u00e3o PMJF)<\/span><\/p>\n<p class=\"MsoNormal\"><span><a href=\"https:\/\/tribunademinas.com.br\/noticias\/cidade\/30-12-2024\/prefeitura-intensifica-combate-a-dengue-com-rotas-de-visitas-ate-3-de-janeiro.html\">https:\/\/tribunademinas.com.br\/noticias\/cidade\/30-12-2024\/prefeitura-intensifica-combate-a-dengue-com-rotas-de-visitas-ate-3-de-janeiro.html<\/a><\/span><\/p>\n<p class=\"MsoNormal\"><span>\u00a0<\/span><\/p>\n<p class=\"MsoNormal\"><span>PMRv interdita rodovia estadual<\/span><\/p>\n<p class=\"MsoNormal\"><span>No dia 27 de dezembro de 2024, a Pol\u00edcia Militar Rodovi\u00e1ria (PMRv) interditou parcialmente a rodovia MGC 383, em Maria da F\u00e9, MG, ap\u00f3s uma eros\u00e3o na base do barranco que sustenta a via, causando uma depress\u00e3o no trecho pr\u00f3ximo ao km 368. A interdi\u00e7\u00e3o foi necess\u00e1ria devido ao risco de acidentes, e o tr\u00e1fego foi liberado em sistema pare e siga. A empresa CCL, terceirizada pelo DER-MG, avalia as obras emergenciais no local, j\u00e1 que a rodovia apresentou um deslizamento de 10 cm nas \u00faltimas horas. Al\u00e9m disso, a BR 459 tamb\u00e9m foi interditada em raz\u00e3o de desmoronamento no km 198, entre Wenceslau Braz e Delfim Moreira. (Po\u00e7os.com &#8211; Po\u00e7os de Caldas)<\/span><\/p>\n<p class=\"MsoNormal\"><span><a href=\"https:\/\/pocoscom.com\/pmrv-interdita-parcialmente-rodovia-estadual-em-maria-da-fe\/\">https:\/\/pocoscom.com\/pmrv-interdita-parcialmente-rodovia-estadual-em-maria-da-fe\/<\/a><\/span><\/p>\n<p class=\"MsoNormal\"><span>\u00a0<\/span><\/p>\n<p class=\"MsoNormal\"><span>Uberaba tem escritura de \u00e1rea do DI<\/span><\/p>\n<p class=\"MsoNormal\"><span>Mais uma importante conquista foi alcan\u00e7ada para o desenvolvimento econ\u00f4mico de Uberaba, a \u00e1rea, com a escritura, para a implanta\u00e7\u00e3o do Distrito Industrial V foi repassada oficialmente para o munic\u00edpio. O documento foi assinado pela prefeita, Elisa Ara\u00fajo, o secret\u00e1rio de Desenvolvimento Econ\u00f4mico, Turismo e Inova\u00e7\u00e3o, Rui Ramos, e a propriet\u00e1ria da \u00e1rea, Magali Aparecida Mendes de Queiroz. O novo distrito ser\u00e1 instalado \u00e0s margens da Rodovia BR-050, em uma \u00e1rea de 327 mil m\u00b2, pr\u00f3ximo a Cervejaria Petr\u00f3polis. Um local estrat\u00e9gico, que vai oferecer aos futuros empres\u00e1rios uma \u00f3tima log\u00edstica para o escoamento da produ\u00e7\u00e3o, destaca Rui. (Jornal de Uberaba)<\/span><\/p>\n<p class=\"MsoNormal\"><span><a href=\"https:\/\/www.jornaldeuberaba.com.br\/noticia\/97627\/prefeitura-recebe-escritura-de-area-do-di-v\">https:\/\/www.jornaldeuberaba.com.br\/noticia\/97627\/prefeitura-recebe-escritura-de-area-do-di-v<\/a><\/span><\/p>\n<p class=\"MsoNormal\"><span>\u00a0<\/span><\/p>\n<p class=\"MsoNormal\"><span>Carmo pro\u00edbe funk nas escolas<\/span><\/p>\n<p class=\"MsoNormal\"><span>O prefeito de Carmo do Rio Claro, Filipe Carielo anunciou em suas redes sociais que, a partir de 2025, estar\u00e1 proibido tocar funk nos intervalos ou em atividades escolares. &#8220;O ritmo&#8230;90% das letras s\u00e3o totalmente impr\u00f3prias para crian\u00e7a. Nem falo crian\u00e7as de sete anos, falo 12, 13, 14, 15. J\u00e1 est\u00e1 na puberdade e a letra ainda \u00e9 impr\u00f3pria para crian\u00e7a. Se 90% daquele ritmo s\u00e3o letras impr\u00f3prias &#8220;, afirmou o pol\u00edtico. A medida visa preservar o ambiente educacional, considerando que algumas letras apresentam conte\u00fados inadequados para crian\u00e7as e adolescentes, como destacou o prefeito ao citar a m\u00fasica &#8216;Tubar\u00e3o&#8217;, de MC Ryan. (Observo \u2013 Passos)<\/span><\/p>\n<p class=\"MsoNormal\"><span><a href=\"https:\/\/www.observo.com.br\/felipe-carielo-proibe-funk-nas-escolas-de-carmo-do-rio-claro\">https:\/\/www.observo.com.br\/felipe-carielo-proibe-funk-nas-escolas-de-carmo-do-rio-claro<\/a><\/span><\/p>\n<p class=\"MsoNormal\"><span>\u00a0<\/span><\/p>\n<p class=\"MsoNormal\"><span>Varginha inaugura Centro<\/span><\/p>\n<p class=\"MsoNormal\"><span>A Prefeitura de Varginha inaugurou o Centro Ambulatorial de Especialidades Pedi\u00e1tricas, uma grande obra da administra\u00e7\u00e3o de V\u00e9rdi Melo, com a participa\u00e7\u00e3o de v\u00e1rias autoridades municipais. O centro, que leva o nome da Dra. Osmarina Gon\u00e7alves de Aguiar, oferecer\u00e1 diversos servi\u00e7os de sa\u00fade. O centro tem como objetivo desafogar as UBSs de Varginha, atendendo inicialmente as crian\u00e7as da cidade. A constru\u00e7\u00e3o enfrentou desafios, incluindo a pandemia e a aquisi\u00e7\u00e3o de insumos, mas foi poss\u00edvel gra\u00e7as \u00e0 participa\u00e7\u00e3o dos pediatras locais e ao apoio de l\u00edderes religiosos. (O Debate &#8211; Varginha)<\/span><\/p>\n<p class=\"MsoNormal\"><span><a href=\"https:\/\/www.odebatenoticias.com.br\/post\/prefeitura-de-varginha-inaugura-mais-uma-obra-gigantesca-nesta-sexta-feira-27\">https:\/\/www.odebatenoticias.com.br\/post\/prefeitura-de-varginha-inaugura-mais-uma-obra-gigantesca-nesta-sexta-feira-27<\/a><\/span><\/p>\n<p class=\"MsoNormal\"><span>\u00a0<\/span><\/p>\n<p class=\"MsoNormal\"><span>Minas amplia rede de ensino <\/span><\/p>\n<p class=\"MsoNormal\"><span>O Governo de Minas anunciou a cria\u00e7\u00e3o de 600 novas vagas para estudantes no Col\u00e9gio Tiradentes da Pol\u00edcia Militar (CTPM), al\u00e9m de planos para a forma\u00e7\u00e3o de at\u00e9 30 novas unidades dessa rede de ensino. A medida, publicada em uma lei no Di\u00e1rio Oficial de 24 de dezembro, tamb\u00e9m inclui a contrata\u00e7\u00e3o de 1.675 auxiliares administrativos, 3.401 professores de Educa\u00e7\u00e3o B\u00e1sica, 324 especialistas em Educa\u00e7\u00e3o B\u00e1sica e 30 novos cargos de diretores, garantindo a expans\u00e3o sem comprometer o funcionamento das escolas existentes. A cria\u00e7\u00e3o dos cargos n\u00e3o gerar\u00e1 aumento de despesas, pois os cargos s\u00e3o provenientes de posi\u00e7\u00f5es vagas dentro da Secretaria de Estado de Educa\u00e7\u00e3o (Gazeta de Varginha)<\/span><\/p>\n<p class=\"MsoNormal\"><span><a href=\"https:\/\/www.gazetadevarginha.com.br\/post\/governo-de-minas-encaminha-medidas-para-ampliar-rede-de-ensino-do-col%C3%A9gio-tiradentes\">https:\/\/www.gazetadevarginha.com.br\/post\/governo-de-minas-encaminha-medidas-para-ampliar-rede-de-ensino-do-col%C3%A9gio-tiradentes<\/a><\/span><\/p>\n<p class=\"MsoNormal\"><span>\u00a0<\/span><\/p>\n<p class=\"MsoNormal\"><span>Pre\u00e7o da carne puxa infla\u00e7\u00e3o <\/span><\/p>\n<p class=\"MsoNormal\"><span>Em novembro de 2024, a infla\u00e7\u00e3o em Uberl\u00e2ndia registrou uma alta de 0,16%, com a Alimenta\u00e7\u00e3o sendo o principal fator, impulsionada pelo aumento de 9,59% no pre\u00e7o da carne. A Cesta B\u00e1sica de Alimentos teve um aumento de 4,75%, atingindo R$ 683,76, com destaque para o tomate (12,18%) e o \u00f3leo de soja (8,10%). Outros setores, como Vestu\u00e1rio, tamb\u00e9m contribu\u00edram para a alta, enquanto Educa\u00e7\u00e3o, Artigos de resid\u00eancia e Habita\u00e7\u00e3o apresentaram quedas. A infla\u00e7\u00e3o acumulada do ano chegou a 3,46%, com a alimenta\u00e7\u00e3o liderando as varia\u00e7\u00f5es, enquanto a varia\u00e7\u00e3o dos pre\u00e7os em 12 meses foi de 4,16%. (Di\u00e1rio de Uberl\u00e2ndia)<\/span><\/p>\n<p class=\"MsoNormal\"><span><a href=\"https:\/\/diariodeuberlandia.com.br\/noticia\/37193\/preco-da-carne-puxa-inflacao-de-novembro-em-uberlandia\">https:\/\/diariodeuberlandia.com.br\/noticia\/37193\/preco-da-carne-puxa-inflacao-de-novembro-em-uberlandia<\/a><\/span><\/p>\n<p>\u00a0<\/p>","protected":false},"excerpt":{"rendered":"<p>Normal 0 21 false false false PT-BR X-NONE X-NONE \/* Style Definitions *\/ table.MsoNormalTable {mso-style-name:&#8221;Tabela normal&#8221;; mso-tstyle-rowband-size:0; mso-tstyle-colband-size:0; mso-style-noshow:yes; mso-style-priority:99; mso-style-parent:&#8221;&#8221;; mso-padding-alt:0cm 5.4pt 0cm 5.4pt; mso-para-margin:0cm; line-height:115%; mso-pagination:widow-orphan; font-size:11.0pt; font-family:&#8221;Arial&#8221;,sans-serif;} COLUNA MG Principais destaques dos jornais e portais integrantes da rede Sindijori MG www.sindijorimg.com.br \u00a0 \u00a0 JF intensifica combate \u00e0 dengue A Prefeitura de Juiz [&hellip;]<\/p>\n","protected":false},"author":0,"featured_media":27974,"comment_status":"open","ping_status":"open","sticky":false,"template":"","format":"standard","meta":{"rop_custom_images_group":[],"rop_custom_messages_group":[],"rop_publish_now":"initial","rop_publish_now_accounts":[],"rop_publish_now_history":[],"rop_publish_now_status":"pending","footnotes":""},"categories":[6745],"tags":[],"class_list":["post-27973","post","type-post","status-publish","format-standard","has-post-thumbnail","hentry","category-coluna-sindijori"],"_links":{"self":[{"href":"https:\/\/diariotribuna.com.br\/index.php?rest_route=\/wp\/v2\/posts\/27973"}],"collection":[{"href":"https:\/\/diariotribuna.com.br\/index.php?rest_route=\/wp\/v2\/posts"}],"about":[{"href":"https:\/\/diariotribuna.com.br\/index.php?rest_route=\/wp\/v2\/types\/post"}],"replies":[{"embeddable":true,"href":"https:\/\/diariotribuna.com.br\/index.php?rest_route=%2Fwp%2Fv2%2Fcomments&post=27973"}],"version-history":[{"count":0,"href":"https:\/\/diariotribuna.com.br\/index.php?rest_route=\/wp\/v2\/posts\/27973\/revisions"}],"wp:featuredmedia":[{"embeddable":true,"href":"https:\/\/diariotribuna.com.br\/index.php?rest_route=\/wp\/v2\/media\/27974"}],"wp:attachment":[{"href":"https:\/\/diariotribuna.com.br\/index.php?rest_route=%2Fwp%2Fv2%2Fmedia&parent=27973"}],"wp:term":[{"taxonomy":"category","embeddable":true,"href":"https:\/\/diariotribuna.com.br\/index.php?rest_route=%2Fwp%2Fv2%2Fcategories&post=27973"},{"taxonomy":"post_tag","embeddable":true,"href":"https:\/\/diariotribuna.com.br\/index.php?rest_route=%2Fwp%2Fv2%2Ftags&post=27973"}],"curies":[{"name":"wp","href":"https:\/\/api.w.org\/{rel}","templated":true}]}}