{"id":27975,"date":"2024-12-31T09:49:36","date_gmt":"2024-12-31T12:49:36","guid":{"rendered":"https:\/\/diariotribuna.com.br\/?p=27975"},"modified":"2024-12-31T09:49:36","modified_gmt":"2024-12-31T12:49:36","slug":"cemig-completa-25-anos-no-indice-dow-jones-de-sustentabilidade","status":"publish","type":"post","link":"https:\/\/diariotribuna.com.br\/?p=27975","title":{"rendered":"CEMIG completa 25 anos no \u00cdndice Dow Jones de Sustentabilidade\u00a0"},"content":{"rendered":"<p class=\"MsoNormal\"><span>Imagem: CEMIG | Divulga\u00e7\u00e3o<\/span><\/p>\n<p><\/p>\n<p class=\"MsoNormal\"><span>A Cemig celebrou, na segunda-feira (16\/12), a inclus\u00e3o da companhia, pelo 25\u00ba ano consecutivo, no?\u00cdndice Dow Jones de Sustentabilidade (DJSI World). Neste ano, a empresa \u00e9 a \u00fanica do setor el\u00e9trico das Am\u00e9ricas presente no seleto grupo de empresas globais reconhecidas por suas pr\u00e1ticas em ESG (Ambiental, Social e Governan\u00e7a). Al\u00e9m disso, a companhia \u00e9 uma das poucas corpora\u00e7\u00f5es mundiais presentes ininterruptamente no \u00edndice desde a sua cria\u00e7\u00e3o, em 1999.<\/span><\/p>\n<p><\/p>\n<p class=\"MsoNormal\"><span>O DJSI World, elaborado pela S&amp;P Global e auditado pela Deloitte, avalia o desempenho em sustentabilidade de 3.300 empresas. No setor el\u00e9trico mundial, foram avaliadas 73 companhias e apenas a Cemig e outras 7 europeias foram inclu\u00eddas no \u00edndice. A avalia\u00e7\u00e3o, que \u00e9 muito rigorosa, considera question\u00e1rios, relat\u00f3rios anuais, informa\u00e7\u00f5es p\u00fablicas e a capacidade de criar valor para os acionistas a m\u00e9dio e longo prazo.<\/span><\/p>\n<p><\/p>\n<p class=\"MsoNormal\"><span>Em 2024, a nota da Cemig teve uma evolu\u00e7\u00e3o de 6 pontos em rela\u00e7\u00e3o ao ano anterior. A empresa conquistou a lideran\u00e7a nos blocos Transpar\u00eancia e Reporte, gera\u00e7\u00e3o renov\u00e1vel e Direitos Humanos, consolidando sua posi\u00e7\u00e3o como refer\u00eancia em sustentabilidade no setor el\u00e9trico mundial.<\/span><\/p>\n<p><\/p>\n<p class=\"MsoNormal\"><span>De acordo com o presidente da Cemig, Reynaldo Passanezi Filho, a inclus\u00e3o pelo 25\u00ba ano consecutivo no \u00edndice Dow Jones \u00e9 resultado de uma estrat\u00e9gia minuciosa da empresa na agenda ESG. O executivo tamb\u00e9m reafirma o compromisso da companhia com um futuro mais sustent\u00e1vel, impulsionando a transi\u00e7\u00e3o energ\u00e9tica no Brasil e servindo como modelo para o mercado.<\/span><\/p>\n<p><\/p>\n<p class=\"MsoNormal\"><span>\u201cO setor de energia \u00e9 fundamental para a descarboniza\u00e7\u00e3o no mundo. A sociedade s\u00f3 conseguir\u00e1 mitigar as emiss\u00f5es com a lideran\u00e7a do setor el\u00e9trico. As grandes tend\u00eancias do mundo s\u00e3o a gera\u00e7\u00e3o de energia renov\u00e1vel para enfrentar as mudan\u00e7as clim\u00e1ticas e a intelig\u00eancia artificial generativa. E elas est\u00e3o interconectadas, pois n\u00e3o \u00e9 poss\u00edvel crescer em intelig\u00eancia artificial e avan\u00e7ar na descarboniza\u00e7\u00e3o sem o correspondente aumento de oferta de energia limpa\u201d, afirma o executivo.<\/span><\/p>\n<p><\/p>\n<p class=\"MsoNormal\"><span>De acordo com Reynaldo Passanezi Filho, a sustentabilidade \u00e9 um pilar fundamental da estrat\u00e9gia da companhia, garantindo um futuro mais pr\u00f3spero para a empresa, para Minas Gerais e para o planeta.<\/span><\/p>\n<p><\/p>\n<p class=\"MsoNormal\"><span>\u201cA Cemig \u00e9 uma das precursoras na agenda de ESG no Brasil e a presen\u00e7a no \u00cdndice Dow Jones de Sustentabilidade, h\u00e1 tanto tempo, demonstra a import\u00e2ncia desse assunto para a empresa, mesmo quando ele ainda n\u00e3o era t\u00e3o presente nas discuss\u00f5es na sociedade e nas empresas\u201d, afirma.<\/span><\/p>\n<p><\/p>\n<p class=\"MsoNormal\"><span>Outros reconhecimentos da companhia<\/span><span><\/span><\/p>\n<p><\/p>\n<p class=\"MsoNormal\"><span>Em novembro passado, durante a COP 29, no Azerbaij\u00e3o, a Cemig aderiu ao?Utilities for Net?Zero?Alliance?(Uneza), iniciativa que re\u00fane as principais concession\u00e1rias e empresas de servi\u00e7os p\u00fablicos do setor el\u00e9trico com o objetivo de promover solu\u00e7\u00f5es de energia limpa e avan\u00e7ar no processo da transi\u00e7\u00e3o energ\u00e9tica global e da descarboniza\u00e7\u00e3o da economia.? A empresa \u00e9 a primeira empresa do setor el\u00e9trico com origem brasileira a fazer parte dessa alian\u00e7a.<\/span><\/p>\n<p><\/p>\n<p class=\"MsoNormal\"><span>Em julho passado, a?Cemig foi reconhecida, mais uma vez, no FTSE4Good index series, importante \u00edndice projetado para medir o desempenho de empresas que demonstram fortes pr\u00e1ticas ambientais, sociais e de governan\u00e7a (ESG).<\/span><\/p>\n<p><\/p>\n<p class=\"MsoNormal\"><span>A empresa performou 3,8 pontos, o que representa um crescimento de mais de 9% em rela\u00e7\u00e3o ao ano anterior, acima da m\u00e9dia do setor el\u00e9trico (com m\u00e9dia de 2,8 pontos) em todos os temas avaliados.<\/span><\/p>\n<p><\/p>\n<p class=\"MsoNormal\"><span>A Cemig obteve notas m\u00e1ximas nos pilares Anticorrup\u00e7\u00e3o, Mudan\u00e7a Clim\u00e1tica e Biodiversidade. Al\u00e9m disso, a companhia tamb\u00e9m se destacou no pilar Governan\u00e7a, com a nota 4,5 de 5. Os \u00edndices FTSE4Good s\u00e3o usados por uma ampla variedade de participantes do mercado para criar e avaliar fundos de investimento respons\u00e1veis e outros produtos.<\/span><\/p>\n<p><\/p>\n<p class=\"MsoNormal\"><span>A iniciativa, que foi criada em 2008, busca estimular a cultura corporativa de invent\u00e1rio de emiss\u00f5es de GEE no Brasil para uma agenda de enfrentamento \u00e0s mudan\u00e7as clim\u00e1ticas nas organiza\u00e7\u00f5es, proporcionando instrumentos e padr\u00f5es de qualidade internacional para contabiliza\u00e7\u00e3o dessas emiss\u00f5es. A Cemig se inscreveu no programa em 2023 e, logo no primeiro ano de participa\u00e7\u00e3o, conquistou o selo.<\/span><\/p>\n<p><\/p>\n<p>\u00a0<\/p>","protected":false},"excerpt":{"rendered":"<p>Imagem: CEMIG | Divulga\u00e7\u00e3o A Cemig celebrou, na segunda-feira (16\/12), a inclus\u00e3o da companhia, pelo 25\u00ba ano consecutivo, no?\u00cdndice Dow Jones de Sustentabilidade (DJSI World). Neste ano, a empresa \u00e9 a \u00fanica do setor el\u00e9trico das Am\u00e9ricas presente no seleto grupo de empresas globais reconhecidas por suas pr\u00e1ticas em ESG (Ambiental, Social e Governan\u00e7a). Al\u00e9m [&hellip;]<\/p>\n","protected":false},"author":0,"featured_media":27976,"comment_status":"open","ping_status":"open","sticky":false,"template":"","format":"standard","meta":{"rop_custom_images_group":[],"rop_custom_messages_group":[],"rop_publish_now":"initial","rop_publish_now_accounts":[],"rop_publish_now_history":[],"rop_publish_now_status":"pending","footnotes":""},"categories":[6745],"tags":[],"class_list":["post-27975","post","type-post","status-publish","format-standard","has-post-thumbnail","hentry","category-coluna-sindijori"],"_links":{"self":[{"href":"https:\/\/diariotribuna.com.br\/index.php?rest_route=\/wp\/v2\/posts\/27975"}],"collection":[{"href":"https:\/\/diariotribuna.com.br\/index.php?rest_route=\/wp\/v2\/posts"}],"about":[{"href":"https:\/\/diariotribuna.com.br\/index.php?rest_route=\/wp\/v2\/types\/post"}],"replies":[{"embeddable":true,"href":"https:\/\/diariotribuna.com.br\/index.php?rest_route=%2Fwp%2Fv2%2Fcomments&post=27975"}],"version-history":[{"count":0,"href":"https:\/\/diariotribuna.com.br\/index.php?rest_route=\/wp\/v2\/posts\/27975\/revisions"}],"wp:featuredmedia":[{"embeddable":true,"href":"https:\/\/diariotribuna.com.br\/index.php?rest_route=\/wp\/v2\/media\/27976"}],"wp:attachment":[{"href":"https:\/\/diariotribuna.com.br\/index.php?rest_route=%2Fwp%2Fv2%2Fmedia&parent=27975"}],"wp:term":[{"taxonomy":"category","embeddable":true,"href":"https:\/\/diariotribuna.com.br\/index.php?rest_route=%2Fwp%2Fv2%2Fcategories&post=27975"},{"taxonomy":"post_tag","embeddable":true,"href":"https:\/\/diariotribuna.com.br\/index.php?rest_route=%2Fwp%2Fv2%2Ftags&post=27975"}],"curies":[{"name":"wp","href":"https:\/\/api.w.org\/{rel}","templated":true}]}}