{"id":27981,"date":"2025-01-02T22:18:16","date_gmt":"2025-01-03T01:18:16","guid":{"rendered":"https:\/\/diariotribuna.com.br\/?p=27981"},"modified":"2025-01-06T20:16:21","modified_gmt":"2025-01-06T23:16:21","slug":"fecomercio-mg-aponta-natal-em-minas-gerais-atendeu-expectativas-do-comercio-varejista","status":"publish","type":"post","link":"https:\/\/diariotribuna.com.br\/?p=27981","title":{"rendered":"Fecom\u00e9rcio MG aponta: Natal em Minas Gerais atendeu expectativas do com\u00e9rcio varejista"},"content":{"rendered":"\n<figure class=\"wp-block-image size-full is-resized\"><img loading=\"lazy\" decoding=\"async\" width=\"700\" height=\"403\" src=\"https:\/\/diariotribuna.com.br\/wp-content\/uploads\/2025\/01\/Image.jpg\" alt=\"\" class=\"wp-image-27986\" style=\"width:500px;height:auto\" srcset=\"https:\/\/diariotribuna.com.br\/wp-content\/uploads\/2025\/01\/Image.jpg 700w, https:\/\/diariotribuna.com.br\/wp-content\/uploads\/2025\/01\/Image-300x173.jpg 300w, https:\/\/diariotribuna.com.br\/wp-content\/uploads\/2025\/01\/Image-696x401.jpg 696w\" sizes=\"(max-width: 700px) 100vw, 700px\" \/><\/figure>\n\n\n\n<p>O Natal \u00e9, indiscutivelmente, a melhor \u00e9poca do ano para o com\u00e9rcio varejista, e as expectativas para as vendas de 2024 em Minas Gerais, refletem um panorama misto para o com\u00e9rcio varejista em Minas Gerais, com resultados que refletem desafios e um otimismo crescente. De acordo com a pesquisa Monitor de vendas p\u00f3s Natal realizada pela \u00e1rea de Pesquisa e Intelig\u00eancia da Fecom\u00e9rcio MG em todas as regi\u00f5es de Minas Gerais, 36% dos empres\u00e1rios afirmaram que suas expectativas de vendas foram superadas, enquanto 40,9% relataram resultados iguais aos do ano anterior. Este cen\u00e1rio \u00e9 impulsionado por um apelo emocional forte da data, que motiva os consumidores a presentearem e a participar das confraterniza\u00e7\u00f5es. A pesquisa revelou que as vendas online tamb\u00e9m tiveram ascens\u00e3o, com 25% das empresas participantes registrando vendas pela internet.<\/p>\n\n\n\n<p>A m\u00e9dia de gastos dos consumidores variou entre R$ 70,00 e R$ 200,00, sendo o cart\u00e3o de cr\u00e9dito o meio de pagamento mais utilizado (55,7%). No que diz respeito \u00e0 quantidade m\u00e9dia de presentes comprados por consumidor, a m\u00e9dia foi de tr\u00eas presentes, havendo indica\u00e7\u00e3o de m\u00e9dia m\u00e1xima de 10 presentes e m\u00e9dia m\u00ednima apresentada de 1 presente por cliente. No entanto, alguns empres\u00e1rios relataram desafios como o desemprego e a baixa circula\u00e7\u00e3o de clientes que impactaram negativamente; 29,3% relataram desempenho inferior ao de 2023. Para ajudar no atendimento no per\u00edodo de Natal, 14,9% dos entrevistados contrataram funcion\u00e1rios tempor\u00e1rios.<\/p>\n\n\n\n<p>A economista da Fecom\u00e9rcio MG, Fernanda Gon\u00e7alves, comentou sobre os resultados: &#8220;O Natal \u00e9 a data mais significativa para o varejo e movimenta n\u00e3o apenas o com\u00e9rcio, mas tamb\u00e9m os setores de servi\u00e7os e turismo. Apesar das dificuldades enfrentadas por alguns setores, \u00e9 encorajador observar que muitos empres\u00e1rios conseguiram se adaptar e at\u00e9 prosperar durante este per\u00edodo festivo.&#8221; Fernanda tamb\u00e9m destacou a import\u00e2ncia das vendas online, que representam uma tend\u00eancia crescente no com\u00e9rcio. &#8220;As pequenas e m\u00e9dias empresas est\u00e3o se adaptando cada vez mais ao ambiente digital, utilizando plataformas como WhatsApp e Instagram para engajar consumidores e aumentar suas vendas&#8221;, afirmou. Resumidamente, o Natal de 2024 em Minas Gerais foi marcado por uma combina\u00e7\u00e3o de desafios econ\u00f4micos e resili\u00eancia do com\u00e9rcio varejista. As expectativas para os pr\u00f3ximos meses permanecem otimistas \u00e0 medida que os empres\u00e1rios se preparam para novos desafios e oportunidades no mercado.<\/p>\n\n\n\n<p><strong>Sobre a Fecom\u00e9rcio MG<\/strong>&nbsp;&#8211; A Federa\u00e7\u00e3o do Com\u00e9rcio de Bens, Servi\u00e7os e Turismo de Minas Gerais integra o Sistema Fecom\u00e9rcio MG, Sesc e Senac em Minas que tem como presidente o empres\u00e1rio Nadim Donato. A Fecom\u00e9rcio MG \u00e9 a maior representante do setor terci\u00e1rio no estado, atuando em prol de mais de 740 mil empresas mineiras. Em conjunto com a Confedera\u00e7\u00e3o Nacional do Com\u00e9rcio (CNC), presidida por Jos\u00e9 Roberto Tadros, a Fecom\u00e9rcio MG atua junto \u00e0s esferas p\u00fablica e privada para defender os interesses do setor de Bens, Servi\u00e7os e Turismo a fim de requisitar melhores condi\u00e7\u00f5es tribut\u00e1rias, celebrar conven\u00e7\u00f5es coletivas de trabalho, disponibilizar benef\u00edcios visando o desenvolvimento do com\u00e9rcio no estado e muito mais. H\u00e1 86 anos fortalecendo e defendendo o setor, beneficiando e transformando a vida dos cidad\u00e3os.<\/p>\n","protected":false},"excerpt":{"rendered":"<p>O Natal \u00e9, indiscutivelmente, a melhor \u00e9poca do ano para o com\u00e9rcio varejista, e as expectativas para as vendas de 2024 em Minas Gerais, refletem um panorama misto para o com\u00e9rcio varejista em Minas Gerais, com resultados que refletem desafios e um otimismo crescente. De acordo com a pesquisa Monitor de vendas p\u00f3s Natal realizada [&hellip;]<\/p>\n","protected":false},"author":1,"featured_media":27986,"comment_status":"open","ping_status":"open","sticky":false,"template":"","format":"standard","meta":{"rop_custom_images_group":[],"rop_custom_messages_group":[],"rop_publish_now":"initial","rop_publish_now_accounts":[],"rop_publish_now_history":[],"rop_publish_now_status":"pending","footnotes":""},"categories":[19],"tags":[5443,6894,2202,1005,6893],"class_list":["post-27981","post","type-post","status-publish","format-standard","has-post-thumbnail","hentry","category-gerais","tag-5443","tag-atendeu-expectativas","tag-fecomercio","tag-mg","tag-natal-em-minas"],"_links":{"self":[{"href":"https:\/\/diariotribuna.com.br\/index.php?rest_route=\/wp\/v2\/posts\/27981"}],"collection":[{"href":"https:\/\/diariotribuna.com.br\/index.php?rest_route=\/wp\/v2\/posts"}],"about":[{"href":"https:\/\/diariotribuna.com.br\/index.php?rest_route=\/wp\/v2\/types\/post"}],"author":[{"embeddable":true,"href":"https:\/\/diariotribuna.com.br\/index.php?rest_route=\/wp\/v2\/users\/1"}],"replies":[{"embeddable":true,"href":"https:\/\/diariotribuna.com.br\/index.php?rest_route=%2Fwp%2Fv2%2Fcomments&post=27981"}],"version-history":[{"count":1,"href":"https:\/\/diariotribuna.com.br\/index.php?rest_route=\/wp\/v2\/posts\/27981\/revisions"}],"predecessor-version":[{"id":27987,"href":"https:\/\/diariotribuna.com.br\/index.php?rest_route=\/wp\/v2\/posts\/27981\/revisions\/27987"}],"wp:featuredmedia":[{"embeddable":true,"href":"https:\/\/diariotribuna.com.br\/index.php?rest_route=\/wp\/v2\/media\/27986"}],"wp:attachment":[{"href":"https:\/\/diariotribuna.com.br\/index.php?rest_route=%2Fwp%2Fv2%2Fmedia&parent=27981"}],"wp:term":[{"taxonomy":"category","embeddable":true,"href":"https:\/\/diariotribuna.com.br\/index.php?rest_route=%2Fwp%2Fv2%2Fcategories&post=27981"},{"taxonomy":"post_tag","embeddable":true,"href":"https:\/\/diariotribuna.com.br\/index.php?rest_route=%2Fwp%2Fv2%2Ftags&post=27981"}],"curies":[{"name":"wp","href":"https:\/\/api.w.org\/{rel}","templated":true}]}}