{"id":27982,"date":"2025-01-02T11:23:56","date_gmt":"2025-01-02T14:23:56","guid":{"rendered":"https:\/\/diariotribuna.com.br\/?p=27982"},"modified":"2025-01-02T11:23:56","modified_gmt":"2025-01-02T14:23:56","slug":"varginha-inaugura-mercado-municipal","status":"publish","type":"post","link":"https:\/\/diariotribuna.com.br\/?p=27982","title":{"rendered":"Varginha inaugura mercado municipal\u00a0"},"content":{"rendered":"<p><span>Foto: Reprodu\u00e7\u00e3o O Debate<\/span><\/p>\n<p><strong><span>COLUNA MG<\/span><\/strong><br \/><span>Principais destaques dos jornais e portais integrantes da rede Sindijori MG <\/span><br \/><span>www.sindijorimg.com.br<\/span><\/p>\n<p><span><strong>Varginha inaugura mercado municipal<\/strong> <\/span><br \/><span>A prefeitura de Varginha inaugurou mais uma grande obra na cidade que resultou em aplauso da popula\u00e7\u00e3o e dos que estiveram presentes. Moderno e imponente, o novo Mercado Municipal impressiona pela beleza e tamanho. O objetivo da obra \u00e9 virar refer\u00eancia no destino de muitos mun\u00edcipes durante os s\u00e1bados e domingos, pois, al\u00e9m da venda de queijos, verduras e frutas, o Mercado Municipal ter\u00e1 choperia e restaurante que funcionar\u00e3o durante toda a semana. (O Debate &#8211; Varginha &#8211; Foto: O Debate)<\/span><br \/><span><a href=\"https:\/\/www.odebatenoticias.com.br\/post\/prefeitura-inaugura-o-novo-mercado-municipal-em-varginha\">https:\/\/www.odebatenoticias.com.br\/post\/prefeitura-inaugura-o-novo-mercado-municipal-em-varginha<\/a><\/span><\/p>\n<p><strong><span>N\u00edvel do Rio Doce atinge cota de aten\u00e7\u00e3o <\/span><\/strong><br \/><span>No \u00faltimo dia de 2024, o n\u00edvel do Rio Doce em Governador Valadares atingiu a cota de aten\u00e7\u00e3o, causando preocupa\u00e7\u00e3o entre os moradores. Nesta ter\u00e7a-feira (31), por volta das 9h da manh\u00e3, o n\u00edvel do rio chegou a 1,88 metro, ultrapassando a cota de aten\u00e7\u00e3o de 1,85 metro, conforme monitoramento do aplicativo Rio Doce Alerta, da Defesa Civil do munic\u00edpio.\u00a0 A previs\u00e3o \u00e9 que o n\u00edvel do Rio Doce continue subindo lentamente. Ainda na parte da tarde de ter\u00e7a (31) o rio atingiu a cota de alerta laranja (1,90 metro). A Defesa Civil de Valadares informou que o aumento do n\u00edvel do rio \u00e9 consequ\u00eancia das chuvas intensas que ocorreram na bacia do Rio Doce no \u00faltimo final de semana. (Di\u00e1rio do Rio Doce \u2013 Governador Valadares)<\/span><br \/><span><a href=\"https:\/\/drd.com.br\/nivel-do-rio-doce-atinge-cota-de-atencao-em-valadares\/\">https:\/\/drd.com.br\/nivel-do-rio-doce-atinge-cota-de-atencao-em-valadares\/<\/a><\/span><\/p>\n<p><strong><span>Pr\u00f3xima Virada ser\u00e1 ampliada<\/span><\/strong><br \/><span>A pr\u00f3xima edi\u00e7\u00e3o da Virada da Liberdade, marcada para 31 de dezembro de 2025, ser\u00e1 ampliada para incluir munic\u00edpios de todo o estado de Minas Gerais, al\u00e9m de Belo Horizonte. O evento, que tradicionalmente celebra a chegada do novo ano na capital, ter\u00e1 sua programa\u00e7\u00e3o cultural diversificada, com shows, interven\u00e7\u00f5es art\u00edsticas e a valoriza\u00e7\u00e3o da cozinha mineira. As cidades do interior tamb\u00e9m receber\u00e3o suas pr\u00f3prias vers\u00f5es, destacando as riquezas culturais e naturais regionais. A iniciativa busca refor\u00e7ar Minas Gerais como o principal destino de fim de ano do Brasil, promovendo turismo, gera\u00e7\u00e3o de emprego e a economia local, al\u00e9m de valorizar a cultura mineira. (Correio de Uberl\u00e2ndia)<\/span><br \/><span><a href=\"https:\/\/jornalcorreiodeuberlandia.com.br\/noticia\/62944\/proxima-edicao-da-virada-da-liberdade-sera-ampliada-para-os-municipios-mineiros\">https:\/\/jornalcorreiodeuberlandia.com.br\/noticia\/62944\/proxima-edicao-da-virada-da-liberdade-sera-ampliada-para-os-municipios-mineiros<\/a><\/span><\/p>\n<p><strong><span>Minas avan\u00e7a com a expans\u00e3o das UAIs<\/span><\/strong><br \/><span>Em 2024, Minas Gerais avan\u00e7ou na moderniza\u00e7\u00e3o e descentraliza\u00e7\u00e3o dos servi\u00e7os p\u00fablicos com a expans\u00e3o das Unidades de Atendimento Integrado (UAIs), incluindo dez novas unidades que beneficiar\u00e3o mais de 1,8 milh\u00e3o de mineiros. O programa UAI Compartilha, que visa ampliar a presen\u00e7a das UAIs em parceria com prefeituras, levou os servi\u00e7os a cidades de diversas regi\u00f5es do estado. Com mais de 250 servi\u00e7os dispon\u00edveis, as UAIs t\u00eam se destacado na emiss\u00e3o de documentos e no suporte ao Gov.br.\u00a0 (Folha de Sabar\u00e1)<\/span><br \/><span><a href=\"https:\/\/folhadesabara.com.br\/noticia\/41036\/minas-gerais-avanca-na-modernizacao-e-descentralizacao-dos-servicos-publicos-com-a-expansao-das-uais\">https:\/\/folhadesabara.com.br\/noticia\/41036\/minas-gerais-avanca-na-modernizacao-e-descentralizacao-dos-servicos-publicos-com-a-expansao-das-uais<\/a><\/span><\/p>\n<p><span>Viveiro de Salinas doa 6 mil mudas <\/span><br \/><span>Salinas celebra um marco significativo no encerramento de 2024: o Viveiro Municipal, administrado pela Secretaria de Agricultura e Meio Ambiente, produziu e distribuiu mais de 6 mil mudas ao longo do ano. Essa iniciativa tem sido fundamental para a preserva\u00e7\u00e3o ambiental e o embelezamento da cidade. O viveiro oferece uma variedade de mudas, incluindo \u00e1rvores nativas, frut\u00edferas, ornamentais e esp\u00e9cies externas para jardinagem. Localizado na Rua Pedra Azul, n\u00ba 1.666, no bairro Casablanca, o espa\u00e7o funciona em hor\u00e1rio comercial, de segunda a sexta-feira. Para retirar as mudas, a popula\u00e7\u00e3o pode procurar pelo servidor D\u00e1rcio, respons\u00e1vel pelo atendimento. (Gazeta Norte Mineira \u2013 Montes Claros)<\/span><br \/><span><a href=\"https:\/\/gazetanm.com.br\/viveiro-municipal-de-salinas-encerra-2024-com-mais-de-6-mil-mudas-distribuidas\/\">https:\/\/gazetanm.com.br\/viveiro-municipal-de-salinas-encerra-2024-com-mais-de-6-mil-mudas-distribuidas\/<\/a><\/span><\/p>\n<p><strong><span>PBH sanciona lei que garante cota<\/span><\/strong><br \/><span>A Prefeitura de Belo Horizonte (PBH) sancionou a Lei 11.794, que amplia a reserva de vagas para negros em concursos p\u00fablicos e processos seletivos. A nova legisla\u00e7\u00e3o estabelece uma cota de at\u00e9 30% das vagas para pessoas negras, podendo chegar a 40% caso a propor\u00e7\u00e3o de negros no cargo seja inferior \u00e0 do total da popula\u00e7\u00e3o negra conforme o Censo do IBGE. A medida visa aumentar a representatividade racial na administra\u00e7\u00e3o p\u00fablica da capital, superando a antiga cota de 20%. Al\u00e9m disso, a lei inclui a obrigatoriedade de reservas de vagas em processos seletivos para contratos tempor\u00e1rios, com percentuais entre 20% e 30%. (S\u00e3o Geraldo &#8211; Belo Horizonte)<\/span><br \/><span><a href=\"https:\/\/www.jornalsaogeraldo.com.br\/pbh-sanciona-lei-que-garante-a-negros-ate-40-das-vagas-em-concursos-publicos\">https:\/\/www.jornalsaogeraldo.com.br\/pbh-sanciona-lei-que-garante-a-negros-ate-40-das-vagas-em-concursos-publicos<\/a><\/span><\/p>\n<p><span><\/span><\/p>\n<p>\u00a0<\/p>","protected":false},"excerpt":{"rendered":"<p>Foto: Reprodu\u00e7\u00e3o O Debate COLUNA MGPrincipais destaques dos jornais e portais integrantes da rede Sindijori MG www.sindijorimg.com.br Varginha inaugura mercado municipal A prefeitura de Varginha inaugurou mais uma grande obra na cidade que resultou em aplauso da popula\u00e7\u00e3o e dos que estiveram presentes. Moderno e imponente, o novo Mercado Municipal impressiona pela beleza e tamanho. [&hellip;]<\/p>\n","protected":false},"author":0,"featured_media":27983,"comment_status":"open","ping_status":"open","sticky":false,"template":"","format":"standard","meta":{"rop_custom_images_group":[],"rop_custom_messages_group":[],"rop_publish_now":"initial","rop_publish_now_accounts":[],"rop_publish_now_history":[],"rop_publish_now_status":"pending","footnotes":""},"categories":[6745],"tags":[],"class_list":["post-27982","post","type-post","status-publish","format-standard","has-post-thumbnail","hentry","category-coluna-sindijori"],"_links":{"self":[{"href":"https:\/\/diariotribuna.com.br\/index.php?rest_route=\/wp\/v2\/posts\/27982"}],"collection":[{"href":"https:\/\/diariotribuna.com.br\/index.php?rest_route=\/wp\/v2\/posts"}],"about":[{"href":"https:\/\/diariotribuna.com.br\/index.php?rest_route=\/wp\/v2\/types\/post"}],"replies":[{"embeddable":true,"href":"https:\/\/diariotribuna.com.br\/index.php?rest_route=%2Fwp%2Fv2%2Fcomments&post=27982"}],"version-history":[{"count":0,"href":"https:\/\/diariotribuna.com.br\/index.php?rest_route=\/wp\/v2\/posts\/27982\/revisions"}],"wp:featuredmedia":[{"embeddable":true,"href":"https:\/\/diariotribuna.com.br\/index.php?rest_route=\/wp\/v2\/media\/27983"}],"wp:attachment":[{"href":"https:\/\/diariotribuna.com.br\/index.php?rest_route=%2Fwp%2Fv2%2Fmedia&parent=27982"}],"wp:term":[{"taxonomy":"category","embeddable":true,"href":"https:\/\/diariotribuna.com.br\/index.php?rest_route=%2Fwp%2Fv2%2Fcategories&post=27982"},{"taxonomy":"post_tag","embeddable":true,"href":"https:\/\/diariotribuna.com.br\/index.php?rest_route=%2Fwp%2Fv2%2Ftags&post=27982"}],"curies":[{"name":"wp","href":"https:\/\/api.w.org\/{rel}","templated":true}]}}