{"id":27984,"date":"2025-01-02T14:54:10","date_gmt":"2025-01-02T17:54:10","guid":{"rendered":"https:\/\/diariotribuna.com.br\/?p=27984"},"modified":"2025-01-02T14:54:10","modified_gmt":"2025-01-02T17:54:10","slug":"atividade-turistica-mineira-acumula-44-de-crescimento-no-ano","status":"publish","type":"post","link":"https:\/\/diariotribuna.com.br\/?p=27984","title":{"rendered":"Atividade tur\u00edstica mineira acumula 4,4% de crescimento no ano\u00a0"},"content":{"rendered":"<p class=\"MsoNormal\"><span>Imagem: Fecom\u00e9rcio MG | Divulga\u00e7\u00e3o <\/span><\/p>\n<p><\/p>\n<p class=\"MsoNormal\"><span>An\u00e1lise realizada pelo N\u00facleo de Estudos Econ\u00f4micos da Fecom\u00e9rcio MG, com base nos dados da Pesquisa Mensal de Servi\u00e7os (PMS) do IBGE, mostra que a atividade tur\u00edstica no estado chegou ao m\u00eas de outubro acumulando um crescimento de 4,4%. O incremento foi positivo na compara\u00e7\u00e3o com outubro de 2023 e nos \u00faltimos doze meses. Nesta base de compara\u00e7\u00e3o, Minas Gerais ocupa o 5\u00ba lugar no pa\u00eds, s\u00f3 perdendo para estados do litoral, como Santa Catarina, Rio de Janeiro, Bahia e Paran\u00e1.<span>\u00a0\u00a0\u00a0 <\/span><\/span><\/p>\n<p><\/p>\n<p class=\"MsoNormal\"><span>Houve recuo da atividade tur\u00edstica mineira, quando comparado o desempenho do m\u00eas de setembro\/24 com o m\u00eas de outubro\/24, em -1,5%. De acordo com a an\u00e1lise, esta base de compara\u00e7\u00e3o traz reflexos sazonais com varia\u00e7\u00f5es que indicam ora acelera\u00e7\u00e3o, ora desacelera\u00e7\u00e3o.<\/span><\/p>\n<p><\/p>\n<p class=\"MsoNormal\"><span>Quando se compara o crescimento da atividade entre outubro de 2024 e mesmo m\u00eas de 2023, h\u00e1 crescimento de 2,7% sobre uma base de crescimento alta no m\u00eas do ano anterior que acumulou 15,1% sobre outubro de 2022. No mesmo intervalo de tempo (out23xout24), a m\u00e9dia de crescimento nacional, que envolve 11 estados mais o Distrito Federal, foi de 8,5%.<\/span><\/p>\n<p><\/p>\n<p class=\"MsoNormal\"><span>De acordo com Fernanda Gon\u00e7alves, economista da Fecom\u00e9rcio MG, Minas Gerais apresenta expans\u00e3o acima da m\u00e9dia nacional desempenhando em quinto lugar no acumulado dos 12 meses com 4,8%. \u201cO crescimento do turismo em Minas gerais, mantem sua performance positiva entre os cinco melhores no pa\u00eds, e um dos principais fatores que contribu\u00edram para essa consolida\u00e7\u00e3o, foram em especial, as atividades tur\u00edsticas referente a eventos culturais que promoveram a cultura local, festivais de m\u00fasica e o ecoturismo, acrescidas das promo\u00e7\u00f5es de roteiros realizado pelas ag\u00eancias de turismo, promovendo esses conjuntos de fatores que impactam positivamente e fomentam os setores de turismo, servi\u00e7os e comercio\u2019\u2019. Explica Gon\u00e7alves.<\/span><\/p>\n<p><\/p>\n<p class=\"MsoNormal\"><span>No acumulado do ano, a taxa de crescimento de 4,4% da atividade tur\u00edstica supera a m\u00e9dia nacional em 2,1 pontos percentuais. Na compara\u00e7\u00e3o com os \u00faltimos 12 meses, o desempenho estadual, de 4,8%, tamb\u00e9m supera a m\u00e9dia nacional em 2,4 pontos.<\/span><\/p>\n<p><\/p>\n<p class=\"MsoNormal\"><span>Sobre a Fecom\u00e9rcio MG<\/span><\/p>\n<p><\/p>\n<p class=\"MsoNormal\"><span>A Federa\u00e7\u00e3o do Com\u00e9rcio de Bens, Servi\u00e7os e Turismo de Minas Gerais integra o Sistema Fecom\u00e9rcio MG, Sesc e Senac em Minas que tem como presidente o empres\u00e1rio Nadim Donato. A Fecom\u00e9rcio MG \u00e9 a maior representante do setor terci\u00e1rio no estado, atuando em prol de mais de 740 mil empresas mineiras. Em conjunto com a Confedera\u00e7\u00e3o Nacional do Com\u00e9rcio (CNC), presidida por Jos\u00e9 Roberto Tadros, a Fecom\u00e9rcio MG atua junto \u00e0s esferas p\u00fablica e privada para defender os interesses do setor de Bens, Servi\u00e7os e Turismo a fim de requisitar melhores condi\u00e7\u00f5es tribut\u00e1rias, celebrar conven\u00e7\u00f5es coletivas de trabalho, disponibilizar benef\u00edcios visando o desenvolvimento do com\u00e9rcio no estado e muito mais. H\u00e1 86 anos fortalecendo e defendendo o setor, beneficiando e transformando a vida\u00a0dos\u00a0cidad\u00e3os.<\/span><\/p>\n<p><\/p>\n<p>\u00a0<\/p>","protected":false},"excerpt":{"rendered":"<p>Imagem: Fecom\u00e9rcio MG | Divulga\u00e7\u00e3o An\u00e1lise realizada pelo N\u00facleo de Estudos Econ\u00f4micos da Fecom\u00e9rcio MG, com base nos dados da Pesquisa Mensal de Servi\u00e7os (PMS) do IBGE, mostra que a atividade tur\u00edstica no estado chegou ao m\u00eas de outubro acumulando um crescimento de 4,4%. O incremento foi positivo na compara\u00e7\u00e3o com outubro de 2023 e [&hellip;]<\/p>\n","protected":false},"author":0,"featured_media":27985,"comment_status":"open","ping_status":"open","sticky":false,"template":"","format":"standard","meta":{"rop_custom_images_group":[],"rop_custom_messages_group":[],"rop_publish_now":"initial","rop_publish_now_accounts":[],"rop_publish_now_history":[],"rop_publish_now_status":"pending","footnotes":""},"categories":[6745],"tags":[],"class_list":["post-27984","post","type-post","status-publish","format-standard","has-post-thumbnail","hentry","category-coluna-sindijori"],"_links":{"self":[{"href":"https:\/\/diariotribuna.com.br\/index.php?rest_route=\/wp\/v2\/posts\/27984"}],"collection":[{"href":"https:\/\/diariotribuna.com.br\/index.php?rest_route=\/wp\/v2\/posts"}],"about":[{"href":"https:\/\/diariotribuna.com.br\/index.php?rest_route=\/wp\/v2\/types\/post"}],"replies":[{"embeddable":true,"href":"https:\/\/diariotribuna.com.br\/index.php?rest_route=%2Fwp%2Fv2%2Fcomments&post=27984"}],"version-history":[{"count":0,"href":"https:\/\/diariotribuna.com.br\/index.php?rest_route=\/wp\/v2\/posts\/27984\/revisions"}],"wp:featuredmedia":[{"embeddable":true,"href":"https:\/\/diariotribuna.com.br\/index.php?rest_route=\/wp\/v2\/media\/27985"}],"wp:attachment":[{"href":"https:\/\/diariotribuna.com.br\/index.php?rest_route=%2Fwp%2Fv2%2Fmedia&parent=27984"}],"wp:term":[{"taxonomy":"category","embeddable":true,"href":"https:\/\/diariotribuna.com.br\/index.php?rest_route=%2Fwp%2Fv2%2Fcategories&post=27984"},{"taxonomy":"post_tag","embeddable":true,"href":"https:\/\/diariotribuna.com.br\/index.php?rest_route=%2Fwp%2Fv2%2Ftags&post=27984"}],"curies":[{"name":"wp","href":"https:\/\/api.w.org\/{rel}","templated":true}]}}