{"id":27993,"date":"2025-01-02T23:34:27","date_gmt":"2025-01-03T02:34:27","guid":{"rendered":"https:\/\/diariotribuna.com.br\/?p=27993"},"modified":"2025-01-06T22:30:06","modified_gmt":"2025-01-07T01:30:06","slug":"companhia-de-itambacuri-lanca-a-operacao-ferias-seguras-2025","status":"publish","type":"post","link":"https:\/\/diariotribuna.com.br\/?p=27993","title":{"rendered":"Companhia de Itambacuri lan\u00e7a a opera\u00e7\u00e3o &#8220;F\u00e9rias Seguras 2025&#8221;"},"content":{"rendered":"\n<figure class=\"wp-block-image size-full is-resized\"><img loading=\"lazy\" decoding=\"async\" width=\"700\" height=\"467\" src=\"https:\/\/diariotribuna.com.br\/wp-content\/uploads\/2025\/01\/Imagem-do-WhatsApp-de-2025-01-02-as-13.34.21_f1205a11.jpg\" alt=\"\" class=\"wp-image-27994\" style=\"width:550px;height:auto\" srcset=\"https:\/\/diariotribuna.com.br\/wp-content\/uploads\/2025\/01\/Imagem-do-WhatsApp-de-2025-01-02-as-13.34.21_f1205a11.jpg 700w, https:\/\/diariotribuna.com.br\/wp-content\/uploads\/2025\/01\/Imagem-do-WhatsApp-de-2025-01-02-as-13.34.21_f1205a11-300x200.jpg 300w, https:\/\/diariotribuna.com.br\/wp-content\/uploads\/2025\/01\/Imagem-do-WhatsApp-de-2025-01-02-as-13.34.21_f1205a11-696x464.jpg 696w, https:\/\/diariotribuna.com.br\/wp-content\/uploads\/2025\/01\/Imagem-do-WhatsApp-de-2025-01-02-as-13.34.21_f1205a11-630x420.jpg 630w\" sizes=\"(max-width: 700px) 100vw, 700px\" \/><\/figure>\n\n\n\n<p>A Pol\u00edcia Militar de Minas Gerais lan\u00e7ou em todo o estado a opera\u00e7\u00e3o \u201cF\u00e9rias Seguras 2025\u201d, na quinta-feira (2\/1), uma vez que no m\u00eas em quest\u00e3o ocorre o per\u00edodo das f\u00e9rias escolares, aumentado consideravelmente o turismo, com a probabilidade de reflexos na seguran\u00e7a p\u00fablica. Muitas fam\u00edlias viajam e deixam suas resid\u00eancias fechadas, e algumas escolas permanecem fechadas no m\u00eas janeiro.<\/p>\n\n\n\n<p>O tenente Reinaldo informa que, o policiamento ostensivo ser\u00e1 aumentado at\u00e9 o dia 31, visando a preven\u00e7\u00e3o aos crimes contra o patrim\u00f4nio, principalmente os furtos a resid\u00eancias e a institui\u00e7\u00f5es escolares. Devido ao aumento do fluxo na \u00e1rea comercial com muita concentra\u00e7\u00e3o de fam\u00edlias, a ostensividade com objetivo de prevenir crimes ser\u00e1 uma das vertentes, o que proporcionar\u00e1 mais tranquilidade \u00e0 popula\u00e7\u00e3o.<\/p>\n\n\n\n<p>Essa presen\u00e7a constante facilitar\u00e1 tamb\u00e9m a identifica\u00e7\u00e3o de poss\u00edveis suspeitos, que ser\u00e3o devidamente abordados caso necess\u00e1rio, o que de certa forma inibir\u00e1 a presen\u00e7a de criminosos. \u201cAs a\u00e7\u00f5es da Pol\u00edcia Militar s\u00e3o importantes, mas a sociedade como um todo pode fazer a sua parte e contribuir diretamente na seguran\u00e7a p\u00fablica\u201d disse o tenente, que repassa dicas importantes:<\/p>\n\n\n\n<p>&#8211; O melhor seria n\u00e3o deixar a casa sozinha, mas se isso n\u00e3o for poss\u00edvel, pe\u00e7a a um vizinho ou parente de sua confian\u00e7a para visitar diariamente o im\u00f3vel, recolher as correspond\u00eancias e verificar movimentos estranhos de pessoas rondando-a; &#8211; N\u00e3o deixe as luzes acesas durante o dia, pois isso significa aus\u00eancia de moradores. &#8211; Deixe algum telefone de contato com um vizinho, parente ou amigo; &#8211; Carregue suas bolsas firmemente entre o bra\u00e7o e o corpo;<\/p>\n\n\n\n<p>&#8211; \u00c9 aconselh\u00e1vel que poucas pessoas saibam do sistema de seguran\u00e7a de sua casa; &#8211; Suspenda a entrega de revistas e outros tipos de documentos; &#8211; N\u00e3o deixe j\u00f3ias ou dinheiro dentro de casa, mesmo que seja em cofre. Utilize o cofre de bancos; &#8211; No caso de resid\u00eancias com jardim na frente, contrate algu\u00e9m para mant\u00ea-lo limpo, evitando o aspecto de abandono; &#8211; S\u00f3 deixe a chave com pessoas de absoluta confian\u00e7a; &#8211; Evite colocar cadeados do lado externo do port\u00e3o. Isso poder\u00e1 evidenciar a sa\u00edda dos moradores; e reforce portas e janelas com fechaduras auxiliares;<\/p>\n\n\n\n<p>&#8211; Em rela\u00e7\u00e3o \u00e0s escolas, o ideal seria deixar com vigilantes, mesmo havendo sistemas eletr\u00f4nicos de monitoramento. \u201cCom a somat\u00f3ria de esfor\u00e7os da Pol\u00edcia Militar com a participa\u00e7\u00e3o da sociedade teremos um per\u00edodo de f\u00e9rias sem furtos, arrombamentos e outros incidentes graves\u201d, ressalta o tenente Reinaldo Martins, comandante do 1\u00ba Pelot\u00e3o da 155\u00aa Companhia, Itambacuri.<\/p>\n\n\n\n<figure class=\"wp-block-image size-full is-resized\"><img loading=\"lazy\" decoding=\"async\" width=\"700\" height=\"951\" src=\"https:\/\/diariotribuna.com.br\/wp-content\/uploads\/2025\/01\/Imagem-do-WhatsApp-de-2025-01-02-as-13.34.21_6bdbb9b0.jpg\" alt=\"\" class=\"wp-image-27995\" style=\"width:419px;height:auto\" srcset=\"https:\/\/diariotribuna.com.br\/wp-content\/uploads\/2025\/01\/Imagem-do-WhatsApp-de-2025-01-02-as-13.34.21_6bdbb9b0.jpg 700w, https:\/\/diariotribuna.com.br\/wp-content\/uploads\/2025\/01\/Imagem-do-WhatsApp-de-2025-01-02-as-13.34.21_6bdbb9b0-221x300.jpg 221w, https:\/\/diariotribuna.com.br\/wp-content\/uploads\/2025\/01\/Imagem-do-WhatsApp-de-2025-01-02-as-13.34.21_6bdbb9b0-696x946.jpg 696w, https:\/\/diariotribuna.com.br\/wp-content\/uploads\/2025\/01\/Imagem-do-WhatsApp-de-2025-01-02-as-13.34.21_6bdbb9b0-309x420.jpg 309w\" sizes=\"(max-width: 700px) 100vw, 700px\" \/><\/figure>\n\n\n\n<hr class=\"wp-block-separator has-alpha-channel-opacity\"\/>\n\n\n\n<p><strong>Emerg\u00eancia Policial Militar:<\/strong> 190.<\/p>\n\n\n\n<p><strong>Disque den\u00fancia Unificado:<\/strong> 181<\/p>\n\n\n\n<p><strong>E-mail:<\/strong> <a href=\"mailto:19bpm@pmmg.mg.gov.br\">19bpm@pmmg.mg.gov.br<\/a><\/p>\n\n\n\n<p><strong>Instagram:<\/strong> <a href=\"https:\/\/instagram.com\/19bpmmg?igshid=YmMyMTA2M2Y=\">https:\/\/instagram.com\/19bpmmg?igshid=YmMyMTA2M2Y=<\/a> <\/p>\n\n\n\n<p>(Comandante da Cia: Capit\u00e3o John).<\/p>\n","protected":false},"excerpt":{"rendered":"<p>A Pol\u00edcia Militar de Minas Gerais lan\u00e7ou em todo o estado a opera\u00e7\u00e3o \u201cF\u00e9rias Seguras 2025\u201d, na quinta-feira (2\/1), uma vez que no m\u00eas em quest\u00e3o ocorre o per\u00edodo das f\u00e9rias escolares, aumentado consideravelmente o turismo, com a probabilidade de reflexos na seguran\u00e7a p\u00fablica. Muitas fam\u00edlias viajam e deixam suas resid\u00eancias fechadas, e algumas escolas [&hellip;]<\/p>\n","protected":false},"author":1,"featured_media":27994,"comment_status":"open","ping_status":"open","sticky":false,"template":"","format":"standard","meta":{"rop_custom_images_group":[],"rop_custom_messages_group":[],"rop_publish_now":"initial","rop_publish_now_accounts":[],"rop_publish_now_history":[],"rop_publish_now_status":"pending","footnotes":""},"categories":[18],"tags":[6896,96,6895,76],"class_list":["post-27993","post","type-post","status-publish","format-standard","has-post-thumbnail","hentry","category-regiao","tag-6896","tag-itambacuri","tag-operacao-ferias-seguras","tag-policia-militar"],"_links":{"self":[{"href":"https:\/\/diariotribuna.com.br\/index.php?rest_route=\/wp\/v2\/posts\/27993"}],"collection":[{"href":"https:\/\/diariotribuna.com.br\/index.php?rest_route=\/wp\/v2\/posts"}],"about":[{"href":"https:\/\/diariotribuna.com.br\/index.php?rest_route=\/wp\/v2\/types\/post"}],"author":[{"embeddable":true,"href":"https:\/\/diariotribuna.com.br\/index.php?rest_route=\/wp\/v2\/users\/1"}],"replies":[{"embeddable":true,"href":"https:\/\/diariotribuna.com.br\/index.php?rest_route=%2Fwp%2Fv2%2Fcomments&post=27993"}],"version-history":[{"count":1,"href":"https:\/\/diariotribuna.com.br\/index.php?rest_route=\/wp\/v2\/posts\/27993\/revisions"}],"predecessor-version":[{"id":27996,"href":"https:\/\/diariotribuna.com.br\/index.php?rest_route=\/wp\/v2\/posts\/27993\/revisions\/27996"}],"wp:featuredmedia":[{"embeddable":true,"href":"https:\/\/diariotribuna.com.br\/index.php?rest_route=\/wp\/v2\/media\/27994"}],"wp:attachment":[{"href":"https:\/\/diariotribuna.com.br\/index.php?rest_route=%2Fwp%2Fv2%2Fmedia&parent=27993"}],"wp:term":[{"taxonomy":"category","embeddable":true,"href":"https:\/\/diariotribuna.com.br\/index.php?rest_route=%2Fwp%2Fv2%2Fcategories&post=27993"},{"taxonomy":"post_tag","embeddable":true,"href":"https:\/\/diariotribuna.com.br\/index.php?rest_route=%2Fwp%2Fv2%2Ftags&post=27993"}],"curies":[{"name":"wp","href":"https:\/\/api.w.org\/{rel}","templated":true}]}}