{"id":27997,"date":"2025-01-03T02:57:36","date_gmt":"2025-01-03T05:57:36","guid":{"rendered":"https:\/\/diariotribuna.com.br\/?p=27997"},"modified":"2025-01-08T12:04:36","modified_gmt":"2025-01-08T15:04:36","slug":"taxista-de-teofilo-otoni-morre-em-grave-acidente-na-br-116-2","status":"publish","type":"post","link":"https:\/\/diariotribuna.com.br\/?p=27997","title":{"rendered":"Taxista de Te\u00f3filo Otoni morre em grave acidente na BR 116"},"content":{"rendered":"\n<figure class=\"wp-block-image size-full is-resized\"><img loading=\"lazy\" decoding=\"async\" width=\"700\" height=\"403\" src=\"https:\/\/diariotribuna.com.br\/wp-content\/uploads\/2025\/01\/Captura-de-tela-2025-01-03-022335.png\" alt=\"\" class=\"wp-image-27998\" style=\"width:522px;height:auto\" srcset=\"https:\/\/diariotribuna.com.br\/wp-content\/uploads\/2025\/01\/Captura-de-tela-2025-01-03-022335.png 700w, https:\/\/diariotribuna.com.br\/wp-content\/uploads\/2025\/01\/Captura-de-tela-2025-01-03-022335-300x173.png 300w, https:\/\/diariotribuna.com.br\/wp-content\/uploads\/2025\/01\/Captura-de-tela-2025-01-03-022335-696x401.png 696w\" sizes=\"(max-width: 700px) 100vw, 700px\" \/><\/figure>\n\n\n\n<p>A Pol\u00edcia Rodovi\u00e1ria Federal registrou um grave acidente na tarde desta quinta-feira (2\/1), no Km 284 da BR 116, pr\u00f3ximo \u00e0 Comunidade da Jaqueira, em Te\u00f3filo Otoni. A colis\u00e3o entre um Gol cinza (t\u00e1xi), com placas de Te\u00f3filo Otoni e uma caminhonete branca com ocupantes de Te\u00f3filo Otoni, aconteceu numa reta, e os dois ve\u00edculos pararam fora da pista.<\/p>\n\n\n\n<p>O policial rodovi\u00e1rio federal, Scapellato disse que ainda estava fazendo levantamento sobre o que poderia ter causado o acidente, que o motorista do t\u00e1xi estava bastante machucado. Disse que a \u00fanica coisa que sabia naquele momento \u00e9 que teria ocorrido uma colis\u00e3o transversal. Demais levantamentos seriam feitos pela per\u00edcia t\u00e9cnica no local do acidente.<\/p>\n\n\n\n<p>O condutor da caminhonete SD, que estava com dois passageiros, disse que \u201cseguia para Te\u00f3filo Otoni, chovia muito, n\u00e3o dava para enxergar nada\u201d, e n\u00e3o soube dizer o que aconteceu. Disse que estava testando a caminhonete, inclusive para entregar a um cliente (ramo de mec\u00e2nica).<\/p>\n\n\n\n<figure class=\"wp-block-gallery has-nested-images columns-default is-cropped wp-block-gallery-1 is-layout-flex wp-block-gallery-is-layout-flex\">\n<figure class=\"wp-block-image size-large\"><img loading=\"lazy\" decoding=\"async\" width=\"700\" height=\"409\" data-id=\"28002\" src=\"https:\/\/diariotribuna.com.br\/wp-content\/uploads\/2025\/01\/Captura-de-tela-2025-01-03-022442.png\" alt=\"\" class=\"wp-image-28002\" srcset=\"https:\/\/diariotribuna.com.br\/wp-content\/uploads\/2025\/01\/Captura-de-tela-2025-01-03-022442.png 700w, https:\/\/diariotribuna.com.br\/wp-content\/uploads\/2025\/01\/Captura-de-tela-2025-01-03-022442-300x175.png 300w, https:\/\/diariotribuna.com.br\/wp-content\/uploads\/2025\/01\/Captura-de-tela-2025-01-03-022442-696x407.png 696w\" sizes=\"(max-width: 700px) 100vw, 700px\" \/><\/figure>\n\n\n\n<figure class=\"wp-block-image size-large\"><img loading=\"lazy\" decoding=\"async\" width=\"700\" height=\"398\" data-id=\"28001\" src=\"https:\/\/diariotribuna.com.br\/wp-content\/uploads\/2025\/01\/Captura-de-tela-2025-01-03-022541.png\" alt=\"\" class=\"wp-image-28001\" srcset=\"https:\/\/diariotribuna.com.br\/wp-content\/uploads\/2025\/01\/Captura-de-tela-2025-01-03-022541.png 700w, https:\/\/diariotribuna.com.br\/wp-content\/uploads\/2025\/01\/Captura-de-tela-2025-01-03-022541-300x171.png 300w, https:\/\/diariotribuna.com.br\/wp-content\/uploads\/2025\/01\/Captura-de-tela-2025-01-03-022541-696x396.png 696w\" sizes=\"(max-width: 700px) 100vw, 700px\" \/><\/figure>\n<\/figure>\n\n\n\n<p>No t\u00e1xi havia <strong>o condutor Gracimar Pereira da Silva, 67 anos,<\/strong> e uma passageira. Os dois sofreram ferimentos, o condutor com maior gravidade, com fratura exposta no membro inferior esquerdo. Ele foi atendido por uma equipe do Samu e encaminhado a um hospital de Te\u00f3filo Otoni, mas infelizmente n\u00e3o resistiu e faleceu. As causas do acidente ser\u00e3o investigadas pela Pol\u00edcia Civil. (Colaborou: Elvis Passos).<\/p>\n","protected":false},"excerpt":{"rendered":"<p>A Pol\u00edcia Rodovi\u00e1ria Federal registrou um grave acidente na tarde desta quinta-feira (2\/1), no Km 284 da BR 116, pr\u00f3ximo \u00e0 Comunidade da Jaqueira, em Te\u00f3filo Otoni. A colis\u00e3o entre um Gol cinza (t\u00e1xi), com placas de Te\u00f3filo Otoni e uma caminhonete branca com ocupantes de Te\u00f3filo Otoni, aconteceu numa reta, e os dois ve\u00edculos [&hellip;]<\/p>\n","protected":false},"author":1,"featured_media":27998,"comment_status":"open","ping_status":"open","sticky":false,"template":"","format":"standard","meta":{"rop_custom_images_group":[],"rop_custom_messages_group":[],"rop_publish_now":"initial","rop_publish_now_accounts":[],"rop_publish_now_history":[],"rop_publish_now_status":"pending","footnotes":""},"categories":[18],"tags":[125,1382,6373,2151,6897,416,6366,75],"class_list":["post-27997","post","type-post","status-publish","format-standard","has-post-thumbnail","hentry","category-regiao","tag-acidente","tag-br-116-2","tag-colisao-2-veiculos","tag-fatal","tag-gracimar","tag-jaqueira","tag-taxista","tag-teofilo-otoni"],"_links":{"self":[{"href":"https:\/\/diariotribuna.com.br\/index.php?rest_route=\/wp\/v2\/posts\/27997"}],"collection":[{"href":"https:\/\/diariotribuna.com.br\/index.php?rest_route=\/wp\/v2\/posts"}],"about":[{"href":"https:\/\/diariotribuna.com.br\/index.php?rest_route=\/wp\/v2\/types\/post"}],"author":[{"embeddable":true,"href":"https:\/\/diariotribuna.com.br\/index.php?rest_route=\/wp\/v2\/users\/1"}],"replies":[{"embeddable":true,"href":"https:\/\/diariotribuna.com.br\/index.php?rest_route=%2Fwp%2Fv2%2Fcomments&post=27997"}],"version-history":[{"count":2,"href":"https:\/\/diariotribuna.com.br\/index.php?rest_route=\/wp\/v2\/posts\/27997\/revisions"}],"predecessor-version":[{"id":28003,"href":"https:\/\/diariotribuna.com.br\/index.php?rest_route=\/wp\/v2\/posts\/27997\/revisions\/28003"}],"wp:featuredmedia":[{"embeddable":true,"href":"https:\/\/diariotribuna.com.br\/index.php?rest_route=\/wp\/v2\/media\/27998"}],"wp:attachment":[{"href":"https:\/\/diariotribuna.com.br\/index.php?rest_route=%2Fwp%2Fv2%2Fmedia&parent=27997"}],"wp:term":[{"taxonomy":"category","embeddable":true,"href":"https:\/\/diariotribuna.com.br\/index.php?rest_route=%2Fwp%2Fv2%2Fcategories&post=27997"},{"taxonomy":"post_tag","embeddable":true,"href":"https:\/\/diariotribuna.com.br\/index.php?rest_route=%2Fwp%2Fv2%2Ftags&post=27997"}],"curies":[{"name":"wp","href":"https:\/\/api.w.org\/{rel}","templated":true}]}}