{"id":28009,"date":"2025-01-03T12:35:18","date_gmt":"2025-01-03T15:35:18","guid":{"rendered":"https:\/\/diariotribuna.com.br\/?p=28009"},"modified":"2025-01-03T12:35:18","modified_gmt":"2025-01-03T15:35:18","slug":"faltam-vacinas-em-minas","status":"publish","type":"post","link":"https:\/\/diariotribuna.com.br\/?p=28009","title":{"rendered":"Faltam vacinas em Minas\u00a0"},"content":{"rendered":"<p>Foto:Tomaz Silva\/AgBR<\/p>\n<p><strong><span>COLUNA MG<\/span><\/strong><br \/><span>Principais destaques dos jornais e portais integrantes da rede Sindijori MG <\/span><br \/><span><a href=\"http:\/\/www.sindijorimg.com.br\/\">www.sindijorimg.com.br<\/a><\/span><\/p>\n<p><strong><span>Faltam vacinas em Minas<\/span><\/strong><br \/><span>Oito em cada dez prefeituras mineiras sofrem com a falta de vacinas. A den\u00fancia foi feita pela Confedera\u00e7\u00e3o Nacional de Munic\u00edpios (CNM), em pesquisa que corrobora levantamento realizado pela Associa\u00e7\u00e3o Mineira de Munic\u00edpios (AMM).\u201cA AMM alertou para este problema em agosto e, em setembro, apresentamos os resultados da nossa pesquisa. A CNM realizou dois outros levantamentos e ambos corroboram os nossos n\u00fameros. A AMM notificou o Minist\u00e9rio da Sa\u00fade em setembro, o Minist\u00e9rio admitiu que faltavam os imunizantes e deu v\u00e1rias desculpas: desde a falta de mat\u00e9ria prima, at\u00e9 problemas de log\u00edstica. E, at\u00e9 hoje, a escassez n\u00e3o foi resolvida, colocando em risco a vida de milhares de pessoas\u201d, critica o presidente da AMM, 1\u00ba vice-presidente da CNM e prefeito de Coronel Fabriciano, Marcos Vinicius (Jornal Classivale &#8211; Ipatinga)<\/span><br \/><span><a href=\"https:\/\/jornalclassivale.com.br\/noticia\/3874\/8-em-cada-10-cidades-mineiras-sofrem-com-falta-de-vacinas-aponta-pesquisa-da-cnm-namm-critica-retorno-de-doencas-erradicadas\">https:\/\/jornalclassivale.com.br\/noticia\/3874\/8-em-cada-10-cidades-mineiras-sofrem-com-falta-de-vacinas-aponta-pesquisa-da-cnm-namm-critica-retorno-de-doencas-erradicadas<\/a><\/span><\/p>\n<p><strong><span>Mil atendimentos nas rodovias <\/span><\/strong><br \/><span>Entre 26 de dezembro e 1\u00ba de janeiro, as concession\u00e1rias EPR Vias do Caf\u00e9 e EPR Sul de Minas realizaram mais de mil atendimentos nas rodovias que administram em Minas Gerais, sem registrar acidentes fatais. A EPR Vias do Caf\u00e9 prestou 566 atendimentos, com maior movimento nos dias 27 e 30 de dezembro, enquanto a EPR Sul de Minas registrou 533 atendimentos, com foco em seguran\u00e7a e preven\u00e7\u00e3o. As opera\u00e7\u00f5es seguem at\u00e9 5 de janeiro, com o objetivo de garantir a seguran\u00e7a dos motoristas. (Po\u00e7os J\u00e1 &#8211; Po\u00e7os de Caldas)<\/span><br \/><span><a href=\"https:\/\/pocosja.com.br\/2025\/01\/03\/sem-vitimas-fatais-concessionarias-registram-mais-de-mil-atendimentos-nas-rodovias-da-regiao\/\">https:\/\/pocosja.com.br\/2025\/01\/03\/sem-vitimas-fatais-concessionarias-registram-mais-de-mil-atendimentos-nas-rodovias-da-regiao\/<\/a><\/span><\/p>\n<p><strong><span>Vereadores prop\u00f5em proibir armas de gel<\/span><\/strong><br \/><span>Vereadores de Juiz de Fora propuseram um Projeto de Lei para proibir as armas de gel, conhecidas como gel blasters, na cidade. A proposta estabelece multas de R$ 5 mil para quem fabricar ou comercializar essas armas, com aumento para R$ 10 mil em caso de reincid\u00eancia. Al\u00e9m disso, quem utilizar o produto ter\u00e1 o material apreendido. A justificativa dos vereadores \u00e9 que as armas, semelhantes a armamentos reais, podem causar confus\u00e3o e levar a incidentes graves, al\u00e9m de representarem riscos f\u00edsicos e psicol\u00f3gicos para crian\u00e7as e adolescentes. At\u00e9 o final de 2024, foram registradas v\u00e1rias ocorr\u00eancias envolvendo essas armas na cidade. (Tribuna de Minas &#8211; Juiz de Fora)<\/span><br \/><span><a href=\"https:\/\/tribunademinas.com.br\/noticias\/politica\/03-01-2025\/vereadores-armas-gel.html\">https:\/\/tribunademinas.com.br\/noticias\/politica\/03-01-2025\/vereadores-armas-gel.html<\/a><\/span><\/p>\n<p><strong><span>Chuva forte causa alagamentos<\/span><\/strong><br \/><span>A chuva forte que atingiu o Sul de Minas nesta segunda-feira causou alagamentos e danos em v\u00e1rias cidades. Em Areado, um breve temporal provocou alagamentos em alguns bairros, al\u00e9m de granizo em algumas \u00e1reas, e ilhou um ve\u00edculo nas ruas. Em Cambu\u00ed, alagamentos afetaram vias principais como a Avenida Adolfo Ferreira da Silva e a Pra\u00e7a da Assembleia, mas n\u00e3o houve feridos nem interdi\u00e7\u00f5es de im\u00f3veis. J\u00e1 em Pouso Alegre, a tempestade causou a queda de dois postes no bairro S\u00e3o Crist\u00f3v\u00e3o, afetando a rede el\u00e9trica, e a queda de uma \u00e1rvore sobre um carro no bairro Colina Verde. A cidade segue em alerta e recebe apoio das autoridades para reparar os danos.\u00a0\u00a0\u00a0\u00a0 (Gazeta de Varginha)<\/span><br \/><span><a href=\"https:\/\/www.gazetadevarginha.com.br\/post\/chuva-forte-causa-alagamentos-em-areado-e-cambu%C3%AD-e-danos-em-pouso-alegre\">https:\/\/www.gazetadevarginha.com.br\/post\/chuva-forte-causa-alagamentos-em-areado-e-cambu%C3%AD-e-danos-em-pouso-alegre<\/a><\/span><\/p>\n<p><strong><span>Minas anuncia investimento em teatro <\/span><\/strong><br \/><span>O Governo de Minas anunciou um investimento de R$ 750 mil para impulsionar a 50\u00aa edi\u00e7\u00e3o da Campanha de Populariza\u00e7\u00e3o do Teatro e da Dan\u00e7a, que ocorrer\u00e1 de 3 de janeiro a 16 de fevereiro em Belo Horizonte e cidades da regi\u00e3o metropolitana. O apoio ser\u00e1 realizado por meio da Lei Estadual de Incentivo \u00e0 Cultura e visa ampliar o acesso \u00e0 arte c\u00eanica, beneficiando tanto os artistas locais quanto o p\u00fablico. Ser\u00e3o mais de 190 espet\u00e1culos, incluindo estreias e reapresenta\u00e7\u00f5es de pe\u00e7as de teatro, dan\u00e7a e stand-up comedy. O evento \u00e9 considerado um dos maiores de Minas Gerais. (Correio de Uberl\u00e2ndia)<\/span><br \/><span><a href=\"https:\/\/jornalcorreiodeuberlandia.com.br\/noticia\/62988\/governo-de-minas-anuncia-investimento-para-impulsionar-campanha-de-popularizacao-do-teatro-na-grande-belo-horizonte\">https:\/\/jornalcorreiodeuberlandia.com.br\/noticia\/62988\/governo-de-minas-anuncia-investimento-para-impulsionar-campanha-de-popularizacao-do-teatro-na-grande-belo-horizonte<\/a><\/span><\/p>\n<p><span><strong>DER-MG recuperou 2 mil quil\u00f4metros<\/strong> <\/span><br \/><span>Nos \u00faltimos dois anos, o Departamento de Estradas de Rodagem de Minas Gerais (DER-MG) recuperou quase dois mil quil\u00f4metros de rodovias e eliminou 91 pontos cr\u00edticos em trechos pavimentados e n\u00e3o pavimentados, com investimentos de R$ 1,8 bilh\u00e3o. Em 2024, foram pavimentados 142 quil\u00f4metros de novas rodovias e outros 464 quil\u00f4metros receberam asfalto, com obras em andamento e licita\u00e7\u00f5es previstas. O governo estadual tamb\u00e9m publicou editais para obras de R$ 2 bilh\u00f5es, com previs\u00e3o or\u00e7ament\u00e1ria de R$ 1,2 bilh\u00e3o para 2025. Al\u00e9m disso, o DER-MG implementou a\u00e7\u00f5es de planejamento, inova\u00e7\u00e3o, licenciamento ambiental, seguran\u00e7a vi\u00e1ria e monitoramento de velocidade e peso nas rodovias. (Jornal de Uberaba)<\/span><br \/><span><a href=\"https:\/\/www.jornaldeuberaba.com.br\/noticia\/97797\/der-mg-recuperou-quase-dois-mil-quilometros-de-rodovias-nos-ultimos-dois-anos\">https:\/\/www.jornaldeuberaba.com.br\/noticia\/97797\/der-mg-recuperou-quase-dois-mil-quilometros-de-rodovias-nos-ultimos-dois-anos<\/a><\/span><\/p>\n<p><strong><span>Zema sanciona or\u00e7amento estadual<\/span><\/strong><br \/><span>O governador Romeu Zema sancionou o or\u00e7amento estadual de Minas Gerais para 2025, mas vetou a proposta de rateio do saldo remanescente do Fundeb entre os professores da rede estadual. A medida, inclu\u00edda pelos deputados no or\u00e7amento, pretendia agilizar a divis\u00e3o dos recursos, mas o Executivo argumentou que a defini\u00e7\u00e3o sobre verbas remunerat\u00f3rias deve ser de responsabilidade do governador. O rateio \u00e9 uma pr\u00e1tica que distribui os recursos excedentes do Fundeb, com 70% destinados ao pagamento de abono e sal\u00e1rios dos professores. Em 2022, o governo mineiro distribuiu cerca de R$ 539 milh\u00f5es em saldo a parcelar para os servidores da educa\u00e7\u00e3o, mas houve diverg\u00eancias sobre o uso correto desses recursos. (Jornal da Manh\u00e3 &#8211; Uberaba)<\/span><br \/><span><a href=\"https:\/\/jmonline.com.br\/politica\/zema-sanciona-orcamento-estadual-com-veto-ao-rateio-do-fundeb-a-professores-1.459255\">https:\/\/jmonline.com.br\/politica\/zema-sanciona-orcamento-estadual-com-veto-ao-rateio-do-fundeb-a-professores-1.459255<\/a><\/span><\/p>\n<p><span><\/span><\/p>\n<p>\u00a0<\/p>","protected":false},"excerpt":{"rendered":"<p>Foto:Tomaz Silva\/AgBR COLUNA MGPrincipais destaques dos jornais e portais integrantes da rede Sindijori MG www.sindijorimg.com.br Faltam vacinas em MinasOito em cada dez prefeituras mineiras sofrem com a falta de vacinas. A den\u00fancia foi feita pela Confedera\u00e7\u00e3o Nacional de Munic\u00edpios (CNM), em pesquisa que corrobora levantamento realizado pela Associa\u00e7\u00e3o Mineira de Munic\u00edpios (AMM).\u201cA AMM alertou para [&hellip;]<\/p>\n","protected":false},"author":0,"featured_media":28010,"comment_status":"open","ping_status":"open","sticky":false,"template":"","format":"standard","meta":{"rop_custom_images_group":[],"rop_custom_messages_group":[],"rop_publish_now":"initial","rop_publish_now_accounts":[],"rop_publish_now_history":[],"rop_publish_now_status":"pending","footnotes":""},"categories":[6745],"tags":[],"class_list":["post-28009","post","type-post","status-publish","format-standard","has-post-thumbnail","hentry","category-coluna-sindijori"],"_links":{"self":[{"href":"https:\/\/diariotribuna.com.br\/index.php?rest_route=\/wp\/v2\/posts\/28009"}],"collection":[{"href":"https:\/\/diariotribuna.com.br\/index.php?rest_route=\/wp\/v2\/posts"}],"about":[{"href":"https:\/\/diariotribuna.com.br\/index.php?rest_route=\/wp\/v2\/types\/post"}],"replies":[{"embeddable":true,"href":"https:\/\/diariotribuna.com.br\/index.php?rest_route=%2Fwp%2Fv2%2Fcomments&post=28009"}],"version-history":[{"count":0,"href":"https:\/\/diariotribuna.com.br\/index.php?rest_route=\/wp\/v2\/posts\/28009\/revisions"}],"wp:featuredmedia":[{"embeddable":true,"href":"https:\/\/diariotribuna.com.br\/index.php?rest_route=\/wp\/v2\/media\/28010"}],"wp:attachment":[{"href":"https:\/\/diariotribuna.com.br\/index.php?rest_route=%2Fwp%2Fv2%2Fmedia&parent=28009"}],"wp:term":[{"taxonomy":"category","embeddable":true,"href":"https:\/\/diariotribuna.com.br\/index.php?rest_route=%2Fwp%2Fv2%2Fcategories&post=28009"},{"taxonomy":"post_tag","embeddable":true,"href":"https:\/\/diariotribuna.com.br\/index.php?rest_route=%2Fwp%2Fv2%2Ftags&post=28009"}],"curies":[{"name":"wp","href":"https:\/\/api.w.org\/{rel}","templated":true}]}}