{"id":28011,"date":"2025-01-03T23:43:58","date_gmt":"2025-01-04T02:43:58","guid":{"rendered":"https:\/\/diariotribuna.com.br\/?p=28011"},"modified":"2025-01-04T22:40:50","modified_gmt":"2025-01-05T01:40:50","slug":"pm-de-meio-ambiente-apreende-droga-e-motocicleta-adulterada-durante-operacao-em-jequitinhonha","status":"publish","type":"post","link":"https:\/\/diariotribuna.com.br\/?p=28011","title":{"rendered":"PM de Meio Ambiente apreende droga e motocicleta adulterada durante opera\u00e7\u00e3o em Jequitinhonha"},"content":{"rendered":"\n<figure class=\"wp-block-image size-full is-resized\"><img loading=\"lazy\" decoding=\"async\" width=\"700\" height=\"442\" src=\"https:\/\/diariotribuna.com.br\/wp-content\/uploads\/2025\/01\/Imagem-do-WhatsApp-de-2024-12-31-as-08.19.08_89d8d9f1.jpg\" alt=\"\" class=\"wp-image-28012\" style=\"width:494px;height:auto\" srcset=\"https:\/\/diariotribuna.com.br\/wp-content\/uploads\/2025\/01\/Imagem-do-WhatsApp-de-2024-12-31-as-08.19.08_89d8d9f1.jpg 700w, https:\/\/diariotribuna.com.br\/wp-content\/uploads\/2025\/01\/Imagem-do-WhatsApp-de-2024-12-31-as-08.19.08_89d8d9f1-300x189.jpg 300w, https:\/\/diariotribuna.com.br\/wp-content\/uploads\/2025\/01\/Imagem-do-WhatsApp-de-2024-12-31-as-08.19.08_89d8d9f1-696x439.jpg 696w, https:\/\/diariotribuna.com.br\/wp-content\/uploads\/2025\/01\/Imagem-do-WhatsApp-de-2024-12-31-as-08.19.08_89d8d9f1-665x420.jpg 665w\" sizes=\"(max-width: 700px) 100vw, 700px\" \/><\/figure>\n\n\n\n<p>A Pol\u00edcia Militar de Meio Ambiente deflagrou a Opera\u00e7\u00e3o Piracema na cidade de Jequitinhonha, na ter\u00e7a-feira (30\/12), em cumprimento a uma ordem de servi\u00e7o, quando em patrulhamento no distrito de Estiva, os militares avistaram na margem da estrada, uma motocicleta sem placa de identifica\u00e7\u00e3o e seu condutor que ao perceber a presen\u00e7a policial jogou ao ch\u00e3o um objeto que estava em seu bolso, e fugiu em um denso matagal.<\/p>\n\n\n\n<figure class=\"wp-block-gallery has-nested-images columns-default is-cropped wp-block-gallery-1 is-layout-flex wp-block-gallery-is-layout-flex\">\n<figure class=\"wp-block-image size-large\"><img loading=\"lazy\" decoding=\"async\" width=\"700\" height=\"567\" data-id=\"28014\" src=\"https:\/\/diariotribuna.com.br\/wp-content\/uploads\/2025\/01\/2.jpg\" alt=\"\" class=\"wp-image-28014\" srcset=\"https:\/\/diariotribuna.com.br\/wp-content\/uploads\/2025\/01\/2.jpg 700w, https:\/\/diariotribuna.com.br\/wp-content\/uploads\/2025\/01\/2-300x243.jpg 300w, https:\/\/diariotribuna.com.br\/wp-content\/uploads\/2025\/01\/2-696x564.jpg 696w, https:\/\/diariotribuna.com.br\/wp-content\/uploads\/2025\/01\/2-519x420.jpg 519w\" sizes=\"(max-width: 700px) 100vw, 700px\" \/><\/figure>\n\n\n\n<figure class=\"wp-block-image size-large\"><img loading=\"lazy\" decoding=\"async\" width=\"700\" height=\"395\" data-id=\"28013\" src=\"https:\/\/diariotribuna.com.br\/wp-content\/uploads\/2025\/01\/3.jpg\" alt=\"\" class=\"wp-image-28013\" srcset=\"https:\/\/diariotribuna.com.br\/wp-content\/uploads\/2025\/01\/3.jpg 700w, https:\/\/diariotribuna.com.br\/wp-content\/uploads\/2025\/01\/3-300x169.jpg 300w, https:\/\/diariotribuna.com.br\/wp-content\/uploads\/2025\/01\/3-696x393.jpg 696w\" sizes=\"(max-width: 700px) 100vw, 700px\" \/><\/figure>\n<\/figure>\n\n\n\n<p>Os policiais verificaram o que foi jogado e constataram tratar-se de maconha. O ve\u00edculo foi apreendido e removido a um p\u00e1tio conveniado ao Detran, e o entorpecente encaminhado \u00e0 delegacia de pol\u00edcia judici\u00e1ria para as medidas cab\u00edveis. <strong>Equipe, comando 5\u00ba Pelot\u00e3o, 3\u00aa Cia: <\/strong>tenente Heberth Dias, sargentos Colares e Fernandes, cabo Israeal. (Informa\u00e7\u00f5es\/Fotos: tenente Heberth Dias, comandante da Pol\u00edcia Militar de Meio Ambiente no Vale do Jequitinhonha).<\/p>\n","protected":false},"excerpt":{"rendered":"<p>A Pol\u00edcia Militar de Meio Ambiente deflagrou a Opera\u00e7\u00e3o Piracema na cidade de Jequitinhonha, na ter\u00e7a-feira (30\/12), em cumprimento a uma ordem de servi\u00e7o, quando em patrulhamento no distrito de Estiva, os militares avistaram na margem da estrada, uma motocicleta sem placa de identifica\u00e7\u00e3o e seu condutor que ao perceber a presen\u00e7a policial jogou ao [&hellip;]<\/p>\n","protected":false},"author":1,"featured_media":28012,"comment_status":"open","ping_status":"open","sticky":false,"template":"","format":"standard","meta":{"rop_custom_images_group":[],"rop_custom_messages_group":[],"rop_publish_now":"initial","rop_publish_now_accounts":[],"rop_publish_now_history":[],"rop_publish_now_status":"pending","footnotes":""},"categories":[20],"tags":[297,6900,6899,2138],"class_list":["post-28011","post","type-post","status-publish","format-standard","has-post-thumbnail","hentry","category-policia","tag-jequitinhonha","tag-moto-e-drogas","tag-operacao-piracema","tag-pm-do-meio-ambiente"],"_links":{"self":[{"href":"https:\/\/diariotribuna.com.br\/index.php?rest_route=\/wp\/v2\/posts\/28011"}],"collection":[{"href":"https:\/\/diariotribuna.com.br\/index.php?rest_route=\/wp\/v2\/posts"}],"about":[{"href":"https:\/\/diariotribuna.com.br\/index.php?rest_route=\/wp\/v2\/types\/post"}],"author":[{"embeddable":true,"href":"https:\/\/diariotribuna.com.br\/index.php?rest_route=\/wp\/v2\/users\/1"}],"replies":[{"embeddable":true,"href":"https:\/\/diariotribuna.com.br\/index.php?rest_route=%2Fwp%2Fv2%2Fcomments&post=28011"}],"version-history":[{"count":1,"href":"https:\/\/diariotribuna.com.br\/index.php?rest_route=\/wp\/v2\/posts\/28011\/revisions"}],"predecessor-version":[{"id":28015,"href":"https:\/\/diariotribuna.com.br\/index.php?rest_route=\/wp\/v2\/posts\/28011\/revisions\/28015"}],"wp:featuredmedia":[{"embeddable":true,"href":"https:\/\/diariotribuna.com.br\/index.php?rest_route=\/wp\/v2\/media\/28012"}],"wp:attachment":[{"href":"https:\/\/diariotribuna.com.br\/index.php?rest_route=%2Fwp%2Fv2%2Fmedia&parent=28011"}],"wp:term":[{"taxonomy":"category","embeddable":true,"href":"https:\/\/diariotribuna.com.br\/index.php?rest_route=%2Fwp%2Fv2%2Fcategories&post=28011"},{"taxonomy":"post_tag","embeddable":true,"href":"https:\/\/diariotribuna.com.br\/index.php?rest_route=%2Fwp%2Fv2%2Ftags&post=28011"}],"curies":[{"name":"wp","href":"https:\/\/api.w.org\/{rel}","templated":true}]}}