{"id":28016,"date":"2025-01-04T12:59:42","date_gmt":"2025-01-04T15:59:42","guid":{"rendered":"https:\/\/diariotribuna.com.br\/?p=28016"},"modified":"2025-01-04T12:59:42","modified_gmt":"2025-01-04T15:59:42","slug":"620-cidades-com-superavit-de-empregos","status":"publish","type":"post","link":"https:\/\/diariotribuna.com.br\/?p=28016","title":{"rendered":"620 cidades com super\u00e1vit de empregos\u00a0"},"content":{"rendered":"<p><span>(Foto: Gil Leonardi \/ Imprensa MG)<\/span><\/p>\n<p><strong><span>COLUNA MG<\/span><\/strong><br \/><span>Principais destaques dos jornais e portais integrantes da rede Sindijori MG <\/span><br \/><span><a href=\"http:\/\/www.sindijorimg.com.br\/\">www.sindijorimg.com.br<\/a><\/span><\/p>\n<p><strong><span>620 cidades com super\u00e1vit de empregos<\/span><\/strong><br \/><span>De janeiro a novembro de 2024, 620 das 853 cidades de Minas Gerais tiveram super\u00e1vit de empregos formais e contribu\u00edram para que o Estado encerrasse o per\u00edodo com um saldo positivo de 207,5 mil vagas, alta de 50,3% em rela\u00e7\u00e3o ao registrado no ano inteiro de 2023. Os dados s\u00e3o do Cadastro Geral de Empregados e Desempregados (Caged), do Minist\u00e9rio do Trabalho e Emprego (MTE), e mostram que Belo Horizonte liderou a cria\u00e7\u00e3o de vagas entre os munic\u00edpios, com a abertura de 39,5 mil, o que representa 19% do resultado mineiro. Pela ordem, as 10 que mais empregaram: Belo Horizonte, Contagem, Betim, Juiz de Fora, Uberl\u00e2ndia, Extrema, Uberaba, Montes Claros, Pouso Alegre e Divin\u00f3polis. (Di\u00e1rio do Com\u00e9rcio \u2013 Belo Horizonte)<\/span><br \/><span><a href=\"https:\/\/diariodocomercio.com.br\/economia\/veja-as-cidades-que-mais-criaram-empregos-ate-novembro-de-2024\/\">https:\/\/diariodocomercio.com.br\/economia\/veja-as-cidades-que-mais-criaram-empregos-ate-novembro-de-2024\/<\/a><\/span><\/p>\n<p><strong><span>Turismo mineiro acumula crescimento <\/span><\/strong><br \/><span>A atividade tur\u00edstica em Minas Gerais registrou um crescimento de 4,4% em 2024, superando a m\u00e9dia nacional de 2,1 pontos percentuais. O estado ocupa o 5\u00ba lugar no Brasil, impulsionado principalmente por eventos culturais, festivais de m\u00fasica e ecoturismo. Embora tenha ocorrido uma desacelera\u00e7\u00e3o de 1,5% de setembro para outubro de 2024, a compara\u00e7\u00e3o entre outubro de 2023 e outubro de 2024 mostrou um aumento de 2,7%, com destaque para a forte performance em eventos que promovem a cultura local. Esse crescimento reflete um bom desempenho em rela\u00e7\u00e3o aos outros estados, especialmente os litor\u00e2neos. (Sabar\u00e1 Not\u00edcias)<\/span><br \/><span><a href=\"https:\/\/www.sabaranoticias.com.br\/atividade-turistica-mineira-acumula-44-de-crescimento-no-ano\">https:\/\/www.sabaranoticias.com.br\/atividade-turistica-mineira-acumula-44-de-crescimento-no-ano<\/a><\/span><\/p>\n<p><strong><span>Prefeito de Para\u00edso eleito na Ameg<\/span><\/strong><br \/><span>Prefeitos dos 24 munic\u00edpios que integram a Associa\u00e7\u00e3o P\u00fablica dos Munic\u00edpios da Microrregi\u00e3o do M\u00e9dio Rio Grande (Ameg) reuniram-se na manh\u00e3 desta sexta-feira (3), para a 199\u00aa Assembleia Geral Ordin\u00e1ria Durante o encontro, o prefeito de S\u00e3o Sebasti\u00e3o do Para\u00edso, Marcelo Morais, foi eleito por unanimidade como presidente da entidade para o exerc\u00edcio de 2025. A reuni\u00e3o foi aberta pelo presidente interino e prefeito de Alpin\u00f3polis, Rafael Freire, que apresentou aos presentes a presta\u00e7\u00e3o de contas e destacando as principais a\u00e7\u00f5es realizadas em 2024. (Jornal do Sudoeste \u2013 S\u00e3o Sebasti\u00e3o do Para\u00edso)<\/span><br \/><span><a href=\"https:\/\/jornaldosudoeste.com.br\/noticia.php?codigo=218250\">https:\/\/jornaldosudoeste.com.br\/noticia.php?codigo=218250<\/a><\/span><\/p>\n<p><span><strong>Inadimpl\u00eancia em Minas aumenta<\/strong> <\/span><br \/><span>Em outubro de 2024, Minas Gerais registrou um aumento no n\u00famero de inadimplentes pelo segundo m\u00eas consecutivo, com 41,69% da popula\u00e7\u00e3o endividada. Apesar de ser inferior \u00e0 m\u00e9dia nacional de 45,12%, o estado acumula R$ 59,42 bilh\u00f5es em d\u00edvidas. A maior concentra\u00e7\u00e3o de inadimplentes em Minas est\u00e1 nas faixas et\u00e1rias entre 26 e 60 anos, refletindo dificuldades no controle financeiro de muitas fam\u00edlias. Nacionalmente, o total de d\u00edvidas no Brasil atingiu R$ 402,03 bilh\u00f5es. O valor m\u00e9dio das d\u00edvidas tamb\u00e9m aumentou, chegando a R$ 1.457,48. (Di\u00e1rio do A\u00e7o &#8211; Governador Valadares) <\/span><br \/><span><a href=\"https:\/\/www.diariodoaco.com.br\/noticia\/0121228-inadimplencia-em-minas-gerais-aumenta-pelo-segundo-mes-consecutivo\">https:\/\/www.diariodoaco.com.br\/noticia\/0121228-inadimplencia-em-minas-gerais-aumenta-pelo-segundo-mes-consecutivo<\/a><\/span><\/p>\n<p><strong><span>N\u00edvel do Lago de Furnas volta a subir<\/span><\/strong><br \/><span>Ap\u00f3s atingir o menor n\u00edvel de 2024 em novembro, o Lago de Furnas, no Sul de Minas, apresentou uma recupera\u00e7\u00e3o em dezembro, com o n\u00edvel subindo para 759,2 metros em 31 de dezembro, em compara\u00e7\u00e3o aos 757 metros registrados no final de novembro. O volume \u00fatil tamb\u00e9m aumentou de 27,5% para 39% ao longo do m\u00eas. Apesar da melhoria, os \u00edndices ainda est\u00e3o abaixo da cota m\u00ednima de 762 metros necess\u00e1ria para atividades como pesca, turismo e gera\u00e7\u00e3o de energia. A represa, que abastece a Usina Hidrel\u00e9trica de Furnas e impacta a economia de 34 cidades, continua a ser monitorada. (Tribuna Formiguense)<\/span><br \/><span><a href=\"https:\/\/tribunacentroeste.com.br\/noticias\/ap-s-atingir-menor-ndice-de-2024-n-vel-do-lago-de-furnas-volta-a-subir-e-se-aproxima-da-cota-m-nima\">https:\/\/tribunacentroeste.com.br\/noticias\/ap-s-atingir-menor-ndice-de-2024-n-vel-do-lago-de-furnas-volta-a-subir-e-se-aproxima-da-cota-m-nima<\/a><\/span><\/p>\n<p><strong><span>Guarda entra em opera\u00e7\u00e3o em Passos<\/span><\/strong><br \/><span>A Guarda Civil Municipal de Passos entrou oficialmente em opera\u00e7\u00e3o nesta sexta-feira, dia 3. Ao todo, o primeiro grupo de agentes de seguran\u00e7a preparados para diversas atribui\u00e7\u00f5es nas vias p\u00fablicas em todo o per\u00edmetro urbano \u00e9 formado por 58 guardas, o comandante e seu subordinado. De imediato, as ruas patrulhadas s\u00e3o as do n\u00facleo central da cidade, mas com a gradua\u00e7\u00e3o de novos agentes haver\u00e1 expans\u00e3o para as vias de maior movimento nos bairros. (Observo \u2013 Passos)<\/span><br \/><span><a href=\"https:\/\/www.observo.com.br\/guarda-municipal-entra-em-operacao-nesta-sexta-feira-em-passos\">https:\/\/www.observo.com.br\/guarda-municipal-entra-em-operacao-nesta-sexta-feira-em-passos<\/a><\/span><\/p>\n\n<p>\u00a0<\/p>","protected":false},"excerpt":{"rendered":"<p>(Foto: Gil Leonardi \/ Imprensa MG) COLUNA MGPrincipais destaques dos jornais e portais integrantes da rede Sindijori MG www.sindijorimg.com.br 620 cidades com super\u00e1vit de empregosDe janeiro a novembro de 2024, 620 das 853 cidades de Minas Gerais tiveram super\u00e1vit de empregos formais e contribu\u00edram para que o Estado encerrasse o per\u00edodo com um saldo positivo [&hellip;]<\/p>\n","protected":false},"author":0,"featured_media":28017,"comment_status":"open","ping_status":"open","sticky":false,"template":"","format":"standard","meta":{"rop_custom_images_group":[],"rop_custom_messages_group":[],"rop_publish_now":"initial","rop_publish_now_accounts":[],"rop_publish_now_history":[],"rop_publish_now_status":"pending","footnotes":""},"categories":[6745],"tags":[],"class_list":["post-28016","post","type-post","status-publish","format-standard","has-post-thumbnail","hentry","category-coluna-sindijori"],"_links":{"self":[{"href":"https:\/\/diariotribuna.com.br\/index.php?rest_route=\/wp\/v2\/posts\/28016"}],"collection":[{"href":"https:\/\/diariotribuna.com.br\/index.php?rest_route=\/wp\/v2\/posts"}],"about":[{"href":"https:\/\/diariotribuna.com.br\/index.php?rest_route=\/wp\/v2\/types\/post"}],"replies":[{"embeddable":true,"href":"https:\/\/diariotribuna.com.br\/index.php?rest_route=%2Fwp%2Fv2%2Fcomments&post=28016"}],"version-history":[{"count":0,"href":"https:\/\/diariotribuna.com.br\/index.php?rest_route=\/wp\/v2\/posts\/28016\/revisions"}],"wp:featuredmedia":[{"embeddable":true,"href":"https:\/\/diariotribuna.com.br\/index.php?rest_route=\/wp\/v2\/media\/28017"}],"wp:attachment":[{"href":"https:\/\/diariotribuna.com.br\/index.php?rest_route=%2Fwp%2Fv2%2Fmedia&parent=28016"}],"wp:term":[{"taxonomy":"category","embeddable":true,"href":"https:\/\/diariotribuna.com.br\/index.php?rest_route=%2Fwp%2Fv2%2Fcategories&post=28016"},{"taxonomy":"post_tag","embeddable":true,"href":"https:\/\/diariotribuna.com.br\/index.php?rest_route=%2Fwp%2Fv2%2Ftags&post=28016"}],"curies":[{"name":"wp","href":"https:\/\/api.w.org\/{rel}","templated":true}]}}