{"id":28018,"date":"2025-01-04T22:41:06","date_gmt":"2025-01-05T01:41:06","guid":{"rendered":"https:\/\/diariotribuna.com.br\/?p=28018"},"modified":"2025-01-04T22:54:35","modified_gmt":"2025-01-05T01:54:35","slug":"lei-25-070-traz-alteracoes-importantes-para-os-condutores-de-veiculos-em-minas-gerais","status":"publish","type":"post","link":"https:\/\/diariotribuna.com.br\/?p=28018","title":{"rendered":"Lei 25.070 traz altera\u00e7\u00f5es importantes para os condutores de ve\u00edculos em Minas Gerais"},"content":{"rendered":"\n<figure class=\"wp-block-image size-full is-resized\"><img loading=\"lazy\" decoding=\"async\" width=\"700\" height=\"407\" src=\"https:\/\/diariotribuna.com.br\/wp-content\/uploads\/2025\/01\/content_marcianomenezes_transito_9.jpg\" alt=\"\" class=\"wp-image-28019\" style=\"width:377px;height:auto\" srcset=\"https:\/\/diariotribuna.com.br\/wp-content\/uploads\/2025\/01\/content_marcianomenezes_transito_9.jpg 700w, https:\/\/diariotribuna.com.br\/wp-content\/uploads\/2025\/01\/content_marcianomenezes_transito_9-300x174.jpg 300w, https:\/\/diariotribuna.com.br\/wp-content\/uploads\/2025\/01\/content_marcianomenezes_transito_9-696x405.jpg 696w\" sizes=\"(max-width: 700px) 100vw, 700px\" \/><\/figure>\n\n\n\n<p>A Lei 25.070, de 20 de dezembro de 2024, trouxe altera\u00e7\u00f5es importantes para os condutores e propriet\u00e1rios de ve\u00edculos dentro do estado de Minas Gerais, passando a produzir efeitos a partir de 1\u00ba de janeiro de 2025.<\/p>\n\n\n\n<p><strong>O artigo 12-B, trouxe a seguinte a reda\u00e7\u00e3o:<\/strong> \u201cO propriet\u00e1rio ou o condutor de ve\u00edculo automotor poder\u00e1, quando abordado em opera\u00e7\u00e3o de fiscaliza\u00e7\u00e3o de tr\u00e2nsito realizada no Estado, efetuar, no ato da abordagem, por meio de sistema banc\u00e1rio eletr\u00f4nico, o pagamento de eventuais d\u00e9bitos e encargos financeiros existentes no prontu\u00e1rio do ve\u00edculo, visando a evitar sua remo\u00e7\u00e3o nas situa\u00e7\u00f5es em que a autoridade constatar como irregularidade exclusivamente a falta de pagamento desses d\u00e9bitos, conforme o disposto na Lei Federal n\u00ba 9.503, de 23 de setembro de 1997\u201d.<\/p>\n\n\n\n<p>Anteriormente o ve\u00edculo fiscalizado sem o devido licenciamento pela falta de pagamento da documenta\u00e7\u00e3o, costumava ser removido mesmo se o condutor realizasse a quita\u00e7\u00e3o dos d\u00e9bitos na presen\u00e7a do agente de tr\u00e2nsito, uma vez que normalmente o sistema necessitava de tempo para que o ve\u00edculo constasse devidamente licenciado.<\/p>\n\n\n\n<p>Com a mudan\u00e7a na legisla\u00e7\u00e3o, dentro do estado de Minas Gerais bastar\u00e1 a comprova\u00e7\u00e3o do pagamento, n\u00e3o sendo mais necess\u00e1rio demonstrar no sistema o licenciamento, desde que o motivo do n\u00e3o licenciamento seja exclusivamente pela aus\u00eancia do pagamento dos d\u00e9bitos. O comprovante de pagamento deve ser em tempo real, n\u00e3o sendo aceito agendamento de pagamento.<\/p>\n\n\n\n<p>Essa altera\u00e7\u00e3o impedir\u00e1 que o ve\u00edculo seja removido e o condutor poder\u00e1 seguir no deslocamento. Era muito comum fam\u00edlias em viagens a passeio ou pessoas a trabalho serem abordadas com o licenciamento irregular por d\u00e9bitos de IPVA ou da taxa, e mesmo se propondo a quitar naquele momento, o ve\u00edculo era removido por n\u00e3o haver tempo suficiente de atualiza\u00e7\u00e3o do sistema DETRAN antes da chegada do guincho.<\/p>\n\n\n\n<p>\u201cImportante destacar que essa possibilidade de libera\u00e7\u00e3o do ve\u00edculo n\u00e3o impedir\u00e1 a autua\u00e7\u00e3o grav\u00edssima no valor de R$ 293,47, por conduzir ve\u00edculo que n\u00e3o esteja devidamente licenciado\u201d, disse o tenente Reinaldo Martins, destacando ainda que \u201ctrata-se de uma lei estadual, portanto ser\u00e1 aplicada somente dentro do estado de Minas Gerais, ou seja, caso o condutor seja abordado em outro estado ser\u00e1 submetido aos procedimentos daquela localidade\u201d.<\/p>\n\n\n\n<p>O tenente alerta que, o ideal seria regularizar o licenciamento antecipadamente para n\u00e3o correr o risco de tentar pagar no momento da fiscaliza\u00e7\u00e3o, por algum motivo n\u00e3o conseguir, o ve\u00edculo ser removido e a fam\u00edlia ficar a p\u00e9. (Informa\u00e7\u00f5es: tenente Reinaldo Martins, comandante do 1\u00ba Pelot\u00e3o da 155\u00aa Companhia PM, Itambacuri\/ comandante da Companhia: capit\u00e3o John\/ Cr\u00e9dito-foto: Marciano Menezes\/ Imprensa MG).<\/p>\n\n\n\n<p><strong>Fale com a Pol\u00edcia Militar:<\/strong><\/p>\n\n\n\n<p>&#8211; Emerg\u00eancia ligue 190<\/p>\n\n\n\n<p>&#8211; Disque den\u00fancia unificado ligue 181<\/p>\n\n\n\n<p>&#8211; E-mail: 19bpm@pmmg.mg.gov.br<\/p>\n\n\n\n<p>&#8211; Instagram: https:\/\/instagram.com\/19bpmmg?igshid=YmMyMTA2M2Y=<\/p>\n","protected":false},"excerpt":{"rendered":"<p>A Lei 25.070, de 20 de dezembro de 2024, trouxe altera\u00e7\u00f5es importantes para os condutores e propriet\u00e1rios de ve\u00edculos dentro do estado de Minas Gerais, passando a produzir efeitos a partir de 1\u00ba de janeiro de 2025. O artigo 12-B, trouxe a seguinte a reda\u00e7\u00e3o: \u201cO propriet\u00e1rio ou o condutor de ve\u00edculo automotor poder\u00e1, quando [&hellip;]<\/p>\n","protected":false},"author":1,"featured_media":28019,"comment_status":"open","ping_status":"open","sticky":false,"template":"","format":"standard","meta":{"rop_custom_images_group":[],"rop_custom_messages_group":[],"rop_publish_now":"initial","rop_publish_now_accounts":[],"rop_publish_now_history":[],"rop_publish_now_status":"pending","footnotes":""},"categories":[25,19],"tags":[6902,6903,6901,91],"class_list":["post-28018","post","type-post","status-publish","format-standard","has-post-thumbnail","hentry","category-destaque","category-gerais","tag-alteracoes-importantes","tag-condutores-de-veiculos","tag-lei-25-070","tag-minas"],"_links":{"self":[{"href":"https:\/\/diariotribuna.com.br\/index.php?rest_route=\/wp\/v2\/posts\/28018"}],"collection":[{"href":"https:\/\/diariotribuna.com.br\/index.php?rest_route=\/wp\/v2\/posts"}],"about":[{"href":"https:\/\/diariotribuna.com.br\/index.php?rest_route=\/wp\/v2\/types\/post"}],"author":[{"embeddable":true,"href":"https:\/\/diariotribuna.com.br\/index.php?rest_route=\/wp\/v2\/users\/1"}],"replies":[{"embeddable":true,"href":"https:\/\/diariotribuna.com.br\/index.php?rest_route=%2Fwp%2Fv2%2Fcomments&post=28018"}],"version-history":[{"count":2,"href":"https:\/\/diariotribuna.com.br\/index.php?rest_route=\/wp\/v2\/posts\/28018\/revisions"}],"predecessor-version":[{"id":28021,"href":"https:\/\/diariotribuna.com.br\/index.php?rest_route=\/wp\/v2\/posts\/28018\/revisions\/28021"}],"wp:featuredmedia":[{"embeddable":true,"href":"https:\/\/diariotribuna.com.br\/index.php?rest_route=\/wp\/v2\/media\/28019"}],"wp:attachment":[{"href":"https:\/\/diariotribuna.com.br\/index.php?rest_route=%2Fwp%2Fv2%2Fmedia&parent=28018"}],"wp:term":[{"taxonomy":"category","embeddable":true,"href":"https:\/\/diariotribuna.com.br\/index.php?rest_route=%2Fwp%2Fv2%2Fcategories&post=28018"},{"taxonomy":"post_tag","embeddable":true,"href":"https:\/\/diariotribuna.com.br\/index.php?rest_route=%2Fwp%2Fv2%2Ftags&post=28018"}],"curies":[{"name":"wp","href":"https:\/\/api.w.org\/{rel}","templated":true}]}}