{"id":28022,"date":"2025-01-04T23:47:44","date_gmt":"2025-01-05T02:47:44","guid":{"rendered":"https:\/\/diariotribuna.com.br\/?p=28022"},"modified":"2025-01-04T23:53:42","modified_gmt":"2025-01-05T02:53:42","slug":"vereadores-de-ouro-verde-de-minas-sao-empossados-para-a-legislatura-2025-2028","status":"publish","type":"post","link":"https:\/\/diariotribuna.com.br\/?p=28022","title":{"rendered":"Vereadores de Ouro Verde de Minas s\u00e3o empossados para a Legislatura 2025-2028"},"content":{"rendered":"\n<h3 class=\"wp-block-heading\"><strong><em>Wagneilton Jos\u00e9 da Costa \u2013 \u201cPrego de Dita\u201d foi eleito presidente da C\u00e2mara Municipal <\/em><\/strong><\/h3>\n\n\n\n<figure class=\"wp-block-image size-full is-resized\"><img loading=\"lazy\" decoding=\"async\" width=\"700\" height=\"397\" src=\"https:\/\/diariotribuna.com.br\/wp-content\/uploads\/2025\/01\/Vereadores-da-Camara-Municipal-de-Ouro-Verde-de-Minas-Legislatura-2025-2028.jpg\" alt=\"\" class=\"wp-image-28023\" style=\"width:578px;height:auto\" srcset=\"https:\/\/diariotribuna.com.br\/wp-content\/uploads\/2025\/01\/Vereadores-da-Camara-Municipal-de-Ouro-Verde-de-Minas-Legislatura-2025-2028.jpg 700w, https:\/\/diariotribuna.com.br\/wp-content\/uploads\/2025\/01\/Vereadores-da-Camara-Municipal-de-Ouro-Verde-de-Minas-Legislatura-2025-2028-300x170.jpg 300w, https:\/\/diariotribuna.com.br\/wp-content\/uploads\/2025\/01\/Vereadores-da-Camara-Municipal-de-Ouro-Verde-de-Minas-Legislatura-2025-2028-696x395.jpg 696w\" sizes=\"(max-width: 700px) 100vw, 700px\" \/><figcaption class=\"wp-element-caption\"><strong>Vereadores da C\u00e2mara Municipal de Ouro Verde de Minas, Legislatura 2025-2028<\/strong><\/figcaption><\/figure>\n\n\n\n<p>Os vereadores eleitos de Ouro Verde de Minas, no pleito do \u00faltimo dia 6 de outubro, para a Legislatura 2025-2028 foram empossados na manh\u00e3 de quarta-feira (1\u00ba), na C\u00e2mara Municipal, durante sess\u00e3o solene, onde receberam familiares e amigos que prestigiaram o evento. \u00c0 tarde, os vereadores estiveram presentes na quadra poliesportiva, onde foram empossados, o prefeito reeleito Marcelo Adriano Xavier de Vasconcelos \u2013 \u201cMarcelo de C\u00edcero\u201d e seu vice Eliomar Gouveia.<\/p>\n\n\n\n<p>A solenidade foi conduzida pelo presidente da C\u00e2mara, Wagneilton Jos\u00e9 da Costa \u2013 \u201cPrego de Dita\u201d. A cada nome anunciado para compor a mesa diretora dos trabalhos, os vereadores foram aplaudidos pelos convidados, numa demonstra\u00e7\u00e3o de satisfa\u00e7\u00e3o com as escolhas dos representantes do povo. Ele convidou o prefeito Marcelo de C\u00edcero e o vice Eliomar para fazer a entrega dos diplomas aos vereadores.<\/p>\n\n\n\n<figure class=\"wp-block-image size-full is-resized\"><img loading=\"lazy\" decoding=\"async\" width=\"999\" height=\"688\" src=\"https:\/\/diariotribuna.com.br\/wp-content\/uploads\/2025\/01\/Presidente-da-Camara-Municipal-de-Ouro-Verde-de-Minas-Prego-de-Dita.jpg\" alt=\"\" class=\"wp-image-28024\" style=\"width:488px;height:auto\" srcset=\"https:\/\/diariotribuna.com.br\/wp-content\/uploads\/2025\/01\/Presidente-da-Camara-Municipal-de-Ouro-Verde-de-Minas-Prego-de-Dita.jpg 999w, https:\/\/diariotribuna.com.br\/wp-content\/uploads\/2025\/01\/Presidente-da-Camara-Municipal-de-Ouro-Verde-de-Minas-Prego-de-Dita-300x207.jpg 300w, https:\/\/diariotribuna.com.br\/wp-content\/uploads\/2025\/01\/Presidente-da-Camara-Municipal-de-Ouro-Verde-de-Minas-Prego-de-Dita-768x529.jpg 768w, https:\/\/diariotribuna.com.br\/wp-content\/uploads\/2025\/01\/Presidente-da-Camara-Municipal-de-Ouro-Verde-de-Minas-Prego-de-Dita-100x70.jpg 100w, https:\/\/diariotribuna.com.br\/wp-content\/uploads\/2025\/01\/Presidente-da-Camara-Municipal-de-Ouro-Verde-de-Minas-Prego-de-Dita-218x150.jpg 218w, https:\/\/diariotribuna.com.br\/wp-content\/uploads\/2025\/01\/Presidente-da-Camara-Municipal-de-Ouro-Verde-de-Minas-Prego-de-Dita-696x479.jpg 696w, https:\/\/diariotribuna.com.br\/wp-content\/uploads\/2025\/01\/Presidente-da-Camara-Municipal-de-Ouro-Verde-de-Minas-Prego-de-Dita-610x420.jpg 610w\" sizes=\"(max-width: 999px) 100vw, 999px\" \/><figcaption class=\"wp-element-caption\"><strong>Presidente da C\u00e2mara Municipal de Ouro Verde de Minas, Wagneilton Jos\u00e9 da Costa \u2013 \u201cPrego de Dita\u201d<\/strong><\/figcaption><\/figure>\n\n\n\n<p>O presidente da C\u00e2mara Municipal, Prego de Dita, demonstrou sua satisfa\u00e7\u00e3o e alegria por conduzir a sess\u00e3o solene, e de estar junto com os demais colegas parlamentares, que na oportunidade empossaram o prefeito e o seu vice. Prego de Dita est\u00e1 no seu 3\u00ba mandato como vereador, e agora foi eleito presidente da C\u00e2mara com 8 votos. A outra chapa obteve 1 voto.<\/p>\n\n\n\n<p>Na oportunidade, o novo presidente agradeceu aos seus colegas vereadores por depositar confian\u00e7a no seu nome para conduzir a Casa Legislativa por 2 anos, para fazer um trabalho diferenciado. \u201cN\u00e3o que a C\u00e2mara passada foi ruim, mas queremos fazer uma C\u00e2mara melhor nesse mandato de 2025 a 2028. Refor\u00e7ando o apoio ao prefeito Marcelo de C\u00edcero, que juntamente com a popula\u00e7\u00e3o podem contar com o nosso trabalho\u201d, destacou Prego de Dita.<\/p>\n\n\n\n<figure class=\"wp-block-gallery has-nested-images columns-default is-cropped wp-block-gallery-1 is-layout-flex wp-block-gallery-is-layout-flex\">\n<figure class=\"wp-block-image size-large\"><img loading=\"lazy\" decoding=\"async\" width=\"650\" height=\"403\" data-id=\"28027\" src=\"https:\/\/diariotribuna.com.br\/wp-content\/uploads\/2025\/01\/7.jpg\" alt=\"\" class=\"wp-image-28027\" srcset=\"https:\/\/diariotribuna.com.br\/wp-content\/uploads\/2025\/01\/7.jpg 650w, https:\/\/diariotribuna.com.br\/wp-content\/uploads\/2025\/01\/7-300x186.jpg 300w, https:\/\/diariotribuna.com.br\/wp-content\/uploads\/2025\/01\/7-356x220.jpg 356w\" sizes=\"(max-width: 650px) 100vw, 650px\" \/><figcaption class=\"wp-element-caption\"><strong>Alisson C\u00e2ndido Barbosa<\/strong><\/figcaption><\/figure>\n\n\n\n<figure class=\"wp-block-image size-large\"><img loading=\"lazy\" decoding=\"async\" width=\"650\" height=\"438\" data-id=\"28026\" src=\"https:\/\/diariotribuna.com.br\/wp-content\/uploads\/2025\/01\/8.jpg\" alt=\"\" class=\"wp-image-28026\" srcset=\"https:\/\/diariotribuna.com.br\/wp-content\/uploads\/2025\/01\/8.jpg 650w, https:\/\/diariotribuna.com.br\/wp-content\/uploads\/2025\/01\/8-300x202.jpg 300w, https:\/\/diariotribuna.com.br\/wp-content\/uploads\/2025\/01\/8-623x420.jpg 623w\" sizes=\"(max-width: 650px) 100vw, 650px\" \/><figcaption class=\"wp-element-caption\"><strong>Patrese Vasconcelos Ara\u00fajo<\/strong><\/figcaption><\/figure>\n\n\n\n<figure class=\"wp-block-image size-large\"><img loading=\"lazy\" decoding=\"async\" width=\"650\" height=\"398\" data-id=\"28028\" src=\"https:\/\/diariotribuna.com.br\/wp-content\/uploads\/2025\/01\/9.jpg\" alt=\"\" class=\"wp-image-28028\" srcset=\"https:\/\/diariotribuna.com.br\/wp-content\/uploads\/2025\/01\/9.jpg 650w, https:\/\/diariotribuna.com.br\/wp-content\/uploads\/2025\/01\/9-300x184.jpg 300w\" sizes=\"(max-width: 650px) 100vw, 650px\" \/><figcaption class=\"wp-element-caption\"><strong>S\u00e9rgio Albuquerque Pereira<\/strong><\/figcaption><\/figure>\n\n\n\n<figure class=\"wp-block-image size-large\"><img loading=\"lazy\" decoding=\"async\" width=\"650\" height=\"427\" data-id=\"28030\" src=\"https:\/\/diariotribuna.com.br\/wp-content\/uploads\/2025\/01\/1.jpg\" alt=\"\" class=\"wp-image-28030\" srcset=\"https:\/\/diariotribuna.com.br\/wp-content\/uploads\/2025\/01\/1.jpg 650w, https:\/\/diariotribuna.com.br\/wp-content\/uploads\/2025\/01\/1-300x197.jpg 300w, https:\/\/diariotribuna.com.br\/wp-content\/uploads\/2025\/01\/1-639x420.jpg 639w\" sizes=\"(max-width: 650px) 100vw, 650px\" \/><figcaption class=\"wp-element-caption\"><strong>Bitenil Pereira dos Santos<\/strong><\/figcaption><\/figure>\n\n\n\n<figure class=\"wp-block-image size-large\"><img loading=\"lazy\" decoding=\"async\" width=\"650\" height=\"429\" data-id=\"28031\" src=\"https:\/\/diariotribuna.com.br\/wp-content\/uploads\/2025\/01\/2-1.jpg\" alt=\"\" class=\"wp-image-28031\" srcset=\"https:\/\/diariotribuna.com.br\/wp-content\/uploads\/2025\/01\/2-1.jpg 650w, https:\/\/diariotribuna.com.br\/wp-content\/uploads\/2025\/01\/2-1-300x198.jpg 300w, https:\/\/diariotribuna.com.br\/wp-content\/uploads\/2025\/01\/2-1-636x420.jpg 636w\" sizes=\"(max-width: 650px) 100vw, 650px\" \/><figcaption class=\"wp-element-caption\"><strong>Roberto Saldanha Pereira<\/strong><\/figcaption><\/figure>\n\n\n\n<figure class=\"wp-block-image size-large\"><img loading=\"lazy\" decoding=\"async\" width=\"650\" height=\"433\" data-id=\"28034\" src=\"https:\/\/diariotribuna.com.br\/wp-content\/uploads\/2025\/01\/3-1.jpg\" alt=\"\" class=\"wp-image-28034\" srcset=\"https:\/\/diariotribuna.com.br\/wp-content\/uploads\/2025\/01\/3-1.jpg 650w, https:\/\/diariotribuna.com.br\/wp-content\/uploads\/2025\/01\/3-1-300x200.jpg 300w, https:\/\/diariotribuna.com.br\/wp-content\/uploads\/2025\/01\/3-1-630x420.jpg 630w\" sizes=\"(max-width: 650px) 100vw, 650px\" \/><figcaption class=\"wp-element-caption\"><strong>Wagneilton Jos\u00e9 da Costa &#8211; Prego de Dita<\/strong><\/figcaption><\/figure>\n\n\n\n<figure class=\"wp-block-image size-large\"><img loading=\"lazy\" decoding=\"async\" width=\"650\" height=\"431\" data-id=\"28029\" src=\"https:\/\/diariotribuna.com.br\/wp-content\/uploads\/2025\/01\/4.jpg\" alt=\"\" class=\"wp-image-28029\" srcset=\"https:\/\/diariotribuna.com.br\/wp-content\/uploads\/2025\/01\/4.jpg 650w, https:\/\/diariotribuna.com.br\/wp-content\/uploads\/2025\/01\/4-300x199.jpg 300w, https:\/\/diariotribuna.com.br\/wp-content\/uploads\/2025\/01\/4-633x420.jpg 633w\" sizes=\"(max-width: 650px) 100vw, 650px\" \/><figcaption class=\"wp-element-caption\"><strong>Gilmar Oliveira Pe\u00e7anha<\/strong><\/figcaption><\/figure>\n\n\n\n<figure class=\"wp-block-image size-large\"><img loading=\"lazy\" decoding=\"async\" width=\"650\" height=\"432\" data-id=\"28033\" src=\"https:\/\/diariotribuna.com.br\/wp-content\/uploads\/2025\/01\/5.jpg\" alt=\"\" class=\"wp-image-28033\" srcset=\"https:\/\/diariotribuna.com.br\/wp-content\/uploads\/2025\/01\/5.jpg 650w, https:\/\/diariotribuna.com.br\/wp-content\/uploads\/2025\/01\/5-300x199.jpg 300w, https:\/\/diariotribuna.com.br\/wp-content\/uploads\/2025\/01\/5-632x420.jpg 632w\" sizes=\"(max-width: 650px) 100vw, 650px\" \/><figcaption class=\"wp-element-caption\"><strong>Alisson Sena Pontes &#8211; Baixore<\/strong><\/figcaption><\/figure>\n\n\n\n<figure class=\"wp-block-image size-large\"><img loading=\"lazy\" decoding=\"async\" width=\"650\" height=\"431\" data-id=\"28032\" src=\"https:\/\/diariotribuna.com.br\/wp-content\/uploads\/2025\/01\/6.jpg\" alt=\"\" class=\"wp-image-28032\" srcset=\"https:\/\/diariotribuna.com.br\/wp-content\/uploads\/2025\/01\/6.jpg 650w, https:\/\/diariotribuna.com.br\/wp-content\/uploads\/2025\/01\/6-300x199.jpg 300w, https:\/\/diariotribuna.com.br\/wp-content\/uploads\/2025\/01\/6-633x420.jpg 633w\" sizes=\"(max-width: 650px) 100vw, 650px\" \/><figcaption class=\"wp-element-caption\"><strong>Bharbara Bastos Rodrigues<\/strong><\/figcaption><\/figure>\n<\/figure>\n\n\n\n<p><strong>Vereadores empossados \u2013 presidente<\/strong>&nbsp;Wagneilton Jos\u00e9 da Costa \u2013 \u201cPrego de Dita\u201d (MOB),&nbsp;<strong>vice-presidente&nbsp;<\/strong>Alisson Baixote (AVANTE),&nbsp;<strong>Secret\u00e1rio<\/strong>&nbsp;Bitenil de Jo\u00e3o Branco (PP). Roberto Saldanha (AVANTE), Serj\u00e3o da Ca\u00e7amba (AGIR), Patrese Vasconcelos (MOB)<strong>,&nbsp;<\/strong>Gilmar Da Sa\u00fade (AGIR)<strong>,&nbsp;<\/strong>Alison C\u00e2ndido (MDB) e Bharbara Bastos (PP). Dentre as fun\u00e7\u00f5es do vereador, tem as tarefas de legislar e de exercer o controle externo do Poder Executivo. A fun\u00e7\u00e3o de elaborar, apreciar, alterar ou revogar leis de interesse do munic\u00edpio, que podem ter origem na pr\u00f3pria C\u00e2mara ou projetos de iniciativa da prefeitura.<\/p>\n\n\n\n<figure class=\"wp-block-image size-full is-resized\"><img loading=\"lazy\" decoding=\"async\" width=\"700\" height=\"382\" src=\"https:\/\/diariotribuna.com.br\/wp-content\/uploads\/2025\/01\/Vereadores-da-Camara-Municipal-de-Ouro-Verde-na-posse-do-prefeito-e-vice.jpg\" alt=\"\" class=\"wp-image-28025\" style=\"width:590px;height:auto\" srcset=\"https:\/\/diariotribuna.com.br\/wp-content\/uploads\/2025\/01\/Vereadores-da-Camara-Municipal-de-Ouro-Verde-na-posse-do-prefeito-e-vice.jpg 700w, https:\/\/diariotribuna.com.br\/wp-content\/uploads\/2025\/01\/Vereadores-da-Camara-Municipal-de-Ouro-Verde-na-posse-do-prefeito-e-vice-300x164.jpg 300w, https:\/\/diariotribuna.com.br\/wp-content\/uploads\/2025\/01\/Vereadores-da-Camara-Municipal-de-Ouro-Verde-na-posse-do-prefeito-e-vice-696x380.jpg 696w\" sizes=\"(max-width: 700px) 100vw, 700px\" \/><figcaption class=\"wp-element-caption\"><strong>Os vereadores na posse do prefeito reeleito Marcelo de C\u00edcero e do vice Eliomar Gouveia<\/strong><\/figcaption><\/figure>\n","protected":false},"excerpt":{"rendered":"<p>Wagneilton Jos\u00e9 da Costa \u2013 \u201cPrego de Dita\u201d foi eleito presidente da C\u00e2mara Municipal Os vereadores eleitos de Ouro Verde de Minas, no pleito do \u00faltimo dia 6 de outubro, para a Legislatura 2025-2028 foram empossados na manh\u00e3 de quarta-feira (1\u00ba), na C\u00e2mara Municipal, durante sess\u00e3o solene, onde receberam familiares e amigos que prestigiaram o [&hellip;]<\/p>\n","protected":false},"author":1,"featured_media":28023,"comment_status":"open","ping_status":"open","sticky":false,"template":"","format":"standard","meta":{"rop_custom_images_group":[],"rop_custom_messages_group":[],"rop_publish_now":"initial","rop_publish_now_accounts":[],"rop_publish_now_history":[],"rop_publish_now_status":"pending","footnotes":""},"categories":[1],"tags":[6896,597,371,5267],"class_list":["post-28022","post","type-post","status-publish","format-standard","has-post-thumbnail","hentry","category-sem-categoria","tag-6896","tag-ouro-verde-de-minas","tag-posse","tag-vereadores"],"_links":{"self":[{"href":"https:\/\/diariotribuna.com.br\/index.php?rest_route=\/wp\/v2\/posts\/28022"}],"collection":[{"href":"https:\/\/diariotribuna.com.br\/index.php?rest_route=\/wp\/v2\/posts"}],"about":[{"href":"https:\/\/diariotribuna.com.br\/index.php?rest_route=\/wp\/v2\/types\/post"}],"author":[{"embeddable":true,"href":"https:\/\/diariotribuna.com.br\/index.php?rest_route=\/wp\/v2\/users\/1"}],"replies":[{"embeddable":true,"href":"https:\/\/diariotribuna.com.br\/index.php?rest_route=%2Fwp%2Fv2%2Fcomments&post=28022"}],"version-history":[{"count":3,"href":"https:\/\/diariotribuna.com.br\/index.php?rest_route=\/wp\/v2\/posts\/28022\/revisions"}],"predecessor-version":[{"id":28038,"href":"https:\/\/diariotribuna.com.br\/index.php?rest_route=\/wp\/v2\/posts\/28022\/revisions\/28038"}],"wp:featuredmedia":[{"embeddable":true,"href":"https:\/\/diariotribuna.com.br\/index.php?rest_route=\/wp\/v2\/media\/28023"}],"wp:attachment":[{"href":"https:\/\/diariotribuna.com.br\/index.php?rest_route=%2Fwp%2Fv2%2Fmedia&parent=28022"}],"wp:term":[{"taxonomy":"category","embeddable":true,"href":"https:\/\/diariotribuna.com.br\/index.php?rest_route=%2Fwp%2Fv2%2Fcategories&post=28022"},{"taxonomy":"post_tag","embeddable":true,"href":"https:\/\/diariotribuna.com.br\/index.php?rest_route=%2Fwp%2Fv2%2Ftags&post=28022"}],"curies":[{"name":"wp","href":"https:\/\/api.w.org\/{rel}","templated":true}]}}