{"id":28043,"date":"2025-01-06T12:03:29","date_gmt":"2025-01-06T15:03:29","guid":{"rendered":"https:\/\/diariotribuna.com.br\/?p=28043"},"modified":"2025-01-06T12:03:29","modified_gmt":"2025-01-06T15:03:29","slug":"tarifa-zero-para-estudantes-em-uberlandia","status":"publish","type":"post","link":"https:\/\/diariotribuna.com.br\/?p=28043","title":{"rendered":"Tarifa zero para estudantes em Uberl\u00e2ndia\u00a0"},"content":{"rendered":"<p><span>Foto: Secom\/PMU<\/span><\/p>\n<p><strong><span>COLUNA MG<\/span><\/strong><br \/><span>Principais destaques dos jornais e portais integrantes da rede Sindijori MG <\/span><br \/><span><a href=\"http:\/\/www.sindijorimg.com.br\/\">www.sindijorimg.com.br<\/a><\/span><\/p>\n<p><strong><span>Tarifa zero para estudantes em Uberl\u00e2ndia<\/span><\/strong><br \/><span>A Prefeitura de Uberl\u00e2ndia enviou ao Legislativo o projeto de lei (PL) da Tarifa Zero para estudantes que utilizam o transporte p\u00fablico da cidade. Ao menos 43 mil estudantes j\u00e1 cadastrados no Sistema Integrado de Transporte (SIT) ser\u00e3o beneficiados se o benef\u00edcio for aprovado e sancionado. O projeto dever\u00e1 ser votado na C\u00e2mara Municipal na primeira sess\u00e3o do ano, marcada para a esta ter\u00e7a-feira (7). A proposta estabelece que ter\u00e3o isen\u00e7\u00e3o sobre a tarifa oficial de transporte coletivo os estudantes de Uberl\u00e2ndia regularmente matriculados em estabelecimentos de ensino fundamental, m\u00e9dio, superior, p\u00f3s-gradua\u00e7\u00e3o e no ensino t\u00e9cnico profissionalizante. (Di\u00e1rio de Uberl\u00e2ndia)<\/span><br \/><span><a href=\"https:\/\/diariodeuberlandia.com.br\/noticia\/37226\/projeto-de-lei-propoe-tarifa-zero-para-estudantes-no-transporte-publico-de-uberlandia\">https:\/\/diariodeuberlandia.com.br\/noticia\/37226\/projeto-de-lei-propoe-tarifa-zero-para-estudantes-no-transporte-publico-de-uberlandia<\/a><\/span><\/p>\n<p><span><strong>Minas lan\u00e7a pr\u00eamio de jornalismo<\/strong> <\/span><br \/><span>O Governo de Minas Gerais lan\u00e7ou o pr\u00eamio de jornalismo &#8220;Riquezas dos Vales&#8221;, com o objetivo de reconhecer a\u00e7\u00f5es e hist\u00f3rias impactantes no Vale do L\u00edtio, regi\u00e3o do Jequitinhonha. O pr\u00eamio contempla quatro categorias jornal\u00edsticas (v\u00eddeo, \u00e1udio, imprensa escrita e fotografia) e premiar\u00e1 os tr\u00eas primeiros colocados de cada uma, com pr\u00eamios de at\u00e9 R$ 30 mil. A edi\u00e7\u00e3o de 2024 tem como tema &#8220;Transforma\u00e7\u00e3o&#8221;, focando em relatos de desenvolvimento social e econ\u00f4mico, al\u00e9m de destacar a cultura local e a melhoria da qualidade de vida. As inscri\u00e7\u00f5es est\u00e3o abertas at\u00e9 30 de maio de 2025 e os trabalhos devem ser de 2024 em diante. (Folha de Sabar\u00e1)<\/span><br \/><span><a href=\"https:\/\/folhadesabara.com.br\/noticia\/41094\/vale-do-litio-governo-de-minas-lanca-premio-de-jornalismo-com-premios-de-ate-r-50-mil-por-categoria\">https:\/\/folhadesabara.com.br\/noticia\/41094\/vale-do-litio-governo-de-minas-lanca-premio-de-jornalismo-com-premios-de-ate-r-50-mil-por-categoria<\/a><\/span><\/p>\n<p><strong><span>UPA 24h de Mariana ser\u00e1 inaugurada <\/span><\/strong><br \/><span>A UPA 24h de Mariana ser\u00e1 inaugurada no dia 23 de dezembro de 2024, como parte do Complexo de Sa\u00fade da cidade. A unidade oferecer\u00e1 atendimento emergencial com especialidades como ortopedia, pediatria, exames laboratoriais e procedimentos m\u00e9dicos essenciais. Al\u00e9m disso haver\u00e1 um heliponto, que permitir\u00e1 remo\u00e7\u00f5es aerom\u00e9dicas r\u00e1pidas, facilitando o transporte de pacientes em casos graves. A inaugura\u00e7\u00e3o foi adiada para garantir a prepara\u00e7\u00e3o completa dos equipamentos e profissionais, representando um grande avan\u00e7o para a sa\u00fade p\u00fablica do munic\u00edpio. A UPA faz parte de um projeto maior de amplia\u00e7\u00e3o dos servi\u00e7os de sa\u00fade em Mariana. (Jornal Ponto Final \u2013 Mariana)<\/span><br \/><span><a href=\"https:\/\/jornalpontofinal.com.br\/2024\/12\/19\/upa-24h-de-mariana-sera-inaugurada-no-dia-23-com-heliponto-e-servicos-ampliados\/\">https:\/\/jornalpontofinal.com.br\/2024\/12\/19\/upa-24h-de-mariana-sera-inaugurada-no-dia-23-com-heliponto-e-servicos-ampliados\/<\/a><\/span><\/p>\n<p><span><strong>28\u00aa Mostra Tiradentes traz novidades<\/strong> <\/span><br \/><span>A 28\u00aa Mostra de Cinema de Tiradentes, que ocorrer\u00e1 de 24 de janeiro a 1\u00ba de fevereiro de 2025, traz novidades significativas em sua programa\u00e7\u00e3o, com mudan\u00e7as nas mostras competitivas Olhos Livres, Aurora e Foco. A Mostra Aurora agora ser\u00e1 exclusiva para cineastas em seu primeiro longa-metragem e ser\u00e1 avaliada por um J\u00fari Jovem. J\u00e1 a Olhos Livres, que exibe filmes de vanguarda, ser\u00e1 avaliada pelo J\u00fari Oficial. A atriz Bruna Linzmeyer ser\u00e1 homenageada nesta edi\u00e7\u00e3o. A Mostra Foco, dedicada a curtas-metragens, mant\u00e9m seu car\u00e1ter plural e experimental. Os filmes selecionados para cada mostra incluem produ\u00e7\u00f5es inovadoras do cinema brasileiro contempor\u00e2neo. (Cidade Conecta \u2013 Nova Lima)<\/span><br \/><span><a href=\"https:\/\/www.itatiaia.com.br\/cidade-conecta\/2025\/01\/05\/28-mostra-tiradentes-traz-novidades-nesta-edicao\">https:\/\/www.itatiaia.com.br\/cidade-conecta\/2025\/01\/05\/28-mostra-tiradentes-traz-novidades-nesta-edicao<\/a><\/span><\/p>\n<p><strong><span>Cooperativas de consumo movimentam milh\u00f5es <\/span><\/strong><br \/><span>As cooperativas de consumo em Minas Gerais movimentam cerca de R$ 400 milh\u00f5es por ano, com um crescimento de 32,9% nos \u00faltimos cinco anos, conforme o Anu\u00e1rio do Cooperativismo Brasileiro. O setor conta com 33 cooperativas no estado e gera aproximadamente 1.300 empregos diretos, com destaque para a Cooperativa de Consumo dos Empregados da Usiminas (Consul), que faturou R$ 198,5 milh\u00f5es em 2023. Essas cooperativas operam em diversos setores, como supermercados, farm\u00e1cias e educa\u00e7\u00e3o.. (Di\u00e1rio do Com\u00e9rcio \u2013 Belo Horizonte)<\/span><br \/><span><a href=\"https:\/\/diariodocomercio.com.br\/economia\/conheca-oportunidades-desafios-cooperativismo-consumo\/\">https:\/\/diariodocomercio.com.br\/economia\/conheca-oportunidades-desafios-cooperativismo-consumo\/<\/a><\/span><\/p>\n<p><strong><span>Trabalhadores aprovam estado de greve<\/span><\/strong><br \/><span>Os trabalhadores da Usiminas, Usiroll e Unigal, pertencentes ao mesmo grupo, aprovaram o estado de greve em assembleia realizada na sexta-feira (3), convocada pelo Sindicato dos Trabalhadores nas Ind\u00fastrias Sider\u00fargicas, Metal\u00fargicas, Mec\u00e2nicas de Ipatinga e Regi\u00e3o (Sindipa). A decis\u00e3o foi motivada pela insatisfa\u00e7\u00e3o com a demora na marca\u00e7\u00e3o de uma nova rodada de negocia\u00e7\u00f5es da Campanha Salarial 2024\/2025. Embora a greve ainda n\u00e3o tenha sido deflagrada, os trabalhadores aguardam a reuni\u00e3o agendada, na qual ser\u00e1 discutida uma nova proposta. (Di\u00e1rio do A\u00e7o \u2013 Ipatinga)<\/span><br \/><span><a href=\"https:\/\/www.diariodoaco.com.br\/noticia\/0121254-em-busca-de-um-acordo-salarial-trabalhadores-da-usiminas-aprovam-estado-de-greve\">https:\/\/www.diariodoaco.com.br\/noticia\/0121254-em-busca-de-um-acordo-salarial-trabalhadores-da-usiminas-aprovam-estado-de-greve<\/a><\/span><\/p>\n<p><strong><span>Centro de Uberaba ganha novas esta\u00e7\u00f5es <\/span><\/strong><br \/><span>O centro de Uberaba pode receber novas esta\u00e7\u00f5es de embarque do sistema BRT, com um design mais moderno e funcional. A prefeita Elisa Ara\u00fajo anunciou em entrevista que os atuais tubos da regi\u00e3o central ser\u00e3o substitu\u00eddos por terminais mais modernos, com um design mais leve e esteticamente agrad\u00e1vel, para evitar sobrecarregar o ambiente urbano. A proposta visa tamb\u00e9m facilitar as manuten\u00e7\u00f5es e melhorar a seguran\u00e7a, j\u00e1 que as esta\u00e7\u00f5es atuais, feitas de metal e vidro, t\u00eam sido alvo de vandalismo e furtos, especialmente de cabos de eletricidade. (Jornal da Manh\u00e3 \u2013 Uberaba)<\/span><br \/><span><a href=\"https:\/\/jmonline.com.br\/cidade\/centro-de-uberaba-pode-ganhar-novas-estac-es-brt-com-design-mais-moderno-e-funcional-1.460113\">https:\/\/jmonline.com.br\/cidade\/centro-de-uberaba-pode-ganhar-novas-estac-es-brt-com-design-mais-moderno-e-funcional-1.460113<\/a><\/span><\/p>\n<p><span><\/span><\/p>\n<p>\u00a0<\/p>","protected":false},"excerpt":{"rendered":"<p>Foto: Secom\/PMU COLUNA MGPrincipais destaques dos jornais e portais integrantes da rede Sindijori MG www.sindijorimg.com.br Tarifa zero para estudantes em Uberl\u00e2ndiaA Prefeitura de Uberl\u00e2ndia enviou ao Legislativo o projeto de lei (PL) da Tarifa Zero para estudantes que utilizam o transporte p\u00fablico da cidade. Ao menos 43 mil estudantes j\u00e1 cadastrados no Sistema Integrado de [&hellip;]<\/p>\n","protected":false},"author":0,"featured_media":28044,"comment_status":"open","ping_status":"open","sticky":false,"template":"","format":"standard","meta":{"rop_custom_images_group":[],"rop_custom_messages_group":[],"rop_publish_now":"initial","rop_publish_now_accounts":[],"rop_publish_now_history":[],"rop_publish_now_status":"pending","footnotes":""},"categories":[6745],"tags":[],"class_list":["post-28043","post","type-post","status-publish","format-standard","has-post-thumbnail","hentry","category-coluna-sindijori"],"_links":{"self":[{"href":"https:\/\/diariotribuna.com.br\/index.php?rest_route=\/wp\/v2\/posts\/28043"}],"collection":[{"href":"https:\/\/diariotribuna.com.br\/index.php?rest_route=\/wp\/v2\/posts"}],"about":[{"href":"https:\/\/diariotribuna.com.br\/index.php?rest_route=\/wp\/v2\/types\/post"}],"replies":[{"embeddable":true,"href":"https:\/\/diariotribuna.com.br\/index.php?rest_route=%2Fwp%2Fv2%2Fcomments&post=28043"}],"version-history":[{"count":0,"href":"https:\/\/diariotribuna.com.br\/index.php?rest_route=\/wp\/v2\/posts\/28043\/revisions"}],"wp:featuredmedia":[{"embeddable":true,"href":"https:\/\/diariotribuna.com.br\/index.php?rest_route=\/wp\/v2\/media\/28044"}],"wp:attachment":[{"href":"https:\/\/diariotribuna.com.br\/index.php?rest_route=%2Fwp%2Fv2%2Fmedia&parent=28043"}],"wp:term":[{"taxonomy":"category","embeddable":true,"href":"https:\/\/diariotribuna.com.br\/index.php?rest_route=%2Fwp%2Fv2%2Fcategories&post=28043"},{"taxonomy":"post_tag","embeddable":true,"href":"https:\/\/diariotribuna.com.br\/index.php?rest_route=%2Fwp%2Fv2%2Ftags&post=28043"}],"curies":[{"name":"wp","href":"https:\/\/api.w.org\/{rel}","templated":true}]}}