{"id":28045,"date":"2025-01-06T15:31:33","date_gmt":"2025-01-06T18:31:33","guid":{"rendered":"https:\/\/diariotribuna.com.br\/?p=28045"},"modified":"2025-01-06T15:31:34","modified_gmt":"2025-01-06T18:31:34","slug":"policia-militar-prende-dois-homens-com-armas-de-fogo-e-municoes-em-brejao","status":"publish","type":"post","link":"https:\/\/diariotribuna.com.br\/?p=28045","title":{"rendered":"Pol\u00edcia Militar prende dois homens com armas de fogo e muni\u00e7\u00f5es em Brej\u00e3o"},"content":{"rendered":"\n<figure class=\"wp-block-image size-full is-resized\"><img loading=\"lazy\" decoding=\"async\" width=\"700\" height=\"403\" src=\"https:\/\/diariotribuna.com.br\/wp-content\/uploads\/2025\/01\/Imagem-do-WhatsApp-de-2025-01-06-as-15.09.32_a3773998.jpg\" alt=\"\" class=\"wp-image-28046\" style=\"width:522px;height:auto\" srcset=\"https:\/\/diariotribuna.com.br\/wp-content\/uploads\/2025\/01\/Imagem-do-WhatsApp-de-2025-01-06-as-15.09.32_a3773998.jpg 700w, https:\/\/diariotribuna.com.br\/wp-content\/uploads\/2025\/01\/Imagem-do-WhatsApp-de-2025-01-06-as-15.09.32_a3773998-300x173.jpg 300w, https:\/\/diariotribuna.com.br\/wp-content\/uploads\/2025\/01\/Imagem-do-WhatsApp-de-2025-01-06-as-15.09.32_a3773998-696x401.jpg 696w\" sizes=\"(max-width: 700px) 100vw, 700px\" \/><\/figure>\n\n\n\n<p><strong>Te\u00f3filo Otoni &#8211; <\/strong>A Pol\u00edcia Militar recebeu den\u00fancias, informando que na comunidade de Brej\u00e3o, zona rural de Te\u00f3filo Otoni, dois indiv\u00edduos estariam portando armas de fogo, traficando drogas e amea\u00e7ando moradores daquela localidade. Militares do T\u00e1tico M\u00f3vel foram ao local, nesta segunda-feira (6\/1), e encontraram os dois, que ao perceber que seriam abordados, tentaram fugir, mas foram detidos.<\/p>\n\n\n\n<p>Segundo o sargento Vitor, um deles estava com uma bolsa e dentro tinha maconha e coca\u00edna. E os dois n\u00e3o eram conhecidos da pol\u00edcia, mas j\u00e1 havia den\u00fancias anteriores apontando que eles estariam amea\u00e7ando os moradores. Nesta data, com eles foram apreendidas tr\u00eas armas de fogo, sendo uma espingarda alterada para o calibre 22, um rev\u00f3lver Taurus calibre 38 e um rev\u00f3lver Rossi calibre 22.<\/p>\n\n\n\n<p>Tamb\u00e9m foram apreendidos: 47 muni\u00e7\u00f5es de calibre 22 e 9 de calibre 38, 13 papelotes de coca\u00edna, 15 buchas de maconha e R$ 214,00. O sargento informou que um dos abordados negou ser propriet\u00e1rio das armas, que estavam carregadas, prontas para uso, e o outro assumiu ser dele. Os dois foram encaminhados para a delegacia de Pol\u00edcia Civil, junto com os materiais apreendidos, para ado\u00e7\u00e3o das medidas de pol\u00edcia judici\u00e1ria. (Informa\u00e7\u00f5es\/Foto: PMMG).<\/p>\n","protected":false},"excerpt":{"rendered":"<p>Te\u00f3filo Otoni &#8211; A Pol\u00edcia Militar recebeu den\u00fancias, informando que na comunidade de Brej\u00e3o, zona rural de Te\u00f3filo Otoni, dois indiv\u00edduos estariam portando armas de fogo, traficando drogas e amea\u00e7ando moradores daquela localidade. Militares do T\u00e1tico M\u00f3vel foram ao local, nesta segunda-feira (6\/1), e encontraram os dois, que ao perceber que seriam abordados, tentaram fugir, [&hellip;]<\/p>\n","protected":false},"author":1,"featured_media":28046,"comment_status":"open","ping_status":"open","sticky":false,"template":"","format":"standard","meta":{"rop_custom_images_group":[],"rop_custom_messages_group":[],"rop_publish_now":"initial","rop_publish_now_accounts":[],"rop_publish_now_history":[],"rop_publish_now_status":"pending","footnotes":""},"categories":[25,20],"tags":[1734,6557,3968,205,76,75],"class_list":["post-28045","post","type-post","status-publish","format-standard","has-post-thumbnail","hentry","category-destaque","category-policia","tag-2-presos","tag-3-armas-de-fogo","tag-brejao","tag-municoes","tag-policia-militar","tag-teofilo-otoni"],"_links":{"self":[{"href":"https:\/\/diariotribuna.com.br\/index.php?rest_route=\/wp\/v2\/posts\/28045"}],"collection":[{"href":"https:\/\/diariotribuna.com.br\/index.php?rest_route=\/wp\/v2\/posts"}],"about":[{"href":"https:\/\/diariotribuna.com.br\/index.php?rest_route=\/wp\/v2\/types\/post"}],"author":[{"embeddable":true,"href":"https:\/\/diariotribuna.com.br\/index.php?rest_route=\/wp\/v2\/users\/1"}],"replies":[{"embeddable":true,"href":"https:\/\/diariotribuna.com.br\/index.php?rest_route=%2Fwp%2Fv2%2Fcomments&post=28045"}],"version-history":[{"count":1,"href":"https:\/\/diariotribuna.com.br\/index.php?rest_route=\/wp\/v2\/posts\/28045\/revisions"}],"predecessor-version":[{"id":28047,"href":"https:\/\/diariotribuna.com.br\/index.php?rest_route=\/wp\/v2\/posts\/28045\/revisions\/28047"}],"wp:featuredmedia":[{"embeddable":true,"href":"https:\/\/diariotribuna.com.br\/index.php?rest_route=\/wp\/v2\/media\/28046"}],"wp:attachment":[{"href":"https:\/\/diariotribuna.com.br\/index.php?rest_route=%2Fwp%2Fv2%2Fmedia&parent=28045"}],"wp:term":[{"taxonomy":"category","embeddable":true,"href":"https:\/\/diariotribuna.com.br\/index.php?rest_route=%2Fwp%2Fv2%2Fcategories&post=28045"},{"taxonomy":"post_tag","embeddable":true,"href":"https:\/\/diariotribuna.com.br\/index.php?rest_route=%2Fwp%2Fv2%2Ftags&post=28045"}],"curies":[{"name":"wp","href":"https:\/\/api.w.org\/{rel}","templated":true}]}}