{"id":28057,"date":"2025-01-07T11:30:51","date_gmt":"2025-01-07T14:30:51","guid":{"rendered":"https:\/\/diariotribuna.com.br\/?p=28057"},"modified":"2025-01-07T11:30:51","modified_gmt":"2025-01-07T14:30:51","slug":"natal-de-ouro-preto-atraiu-90-mil","status":"publish","type":"post","link":"https:\/\/diariotribuna.com.br\/?p=28057","title":{"rendered":"Natal de Ouro Preto atraiu 90 mil\u00a0"},"content":{"rendered":"<p><em><span>Foto: Ane Souz<\/span><\/em><\/p>\n<p><strong><span>COLUNA MG<\/span><\/strong><br \/><span>Principais destaques dos jornais e portais integrantes da rede Sindijori MG <\/span><br \/><span><a href=\"http:\/\/www.sindijorimg.com.br\/\">www.sindijorimg.com.br<\/a><\/span><\/p>\n<p><strong><span>Natal de Ouro Preto atraiu 90 mil<\/span><\/strong><br \/><span>Do dia 23 de novembro de 2024 a 6 de janeiro de 2025, Ouro Preto foi adornada com mais de um milh\u00e3o de pontos de luz, transformando os cart\u00f5es postais da cidade em um verdadeiro espet\u00e1culo natalino, e maior \u00e1rvore de natal das cidades hist\u00f3ricas, em frente ao Museu da Inconfid\u00eancia. Segundo estimativas da Secretaria de Turismo, um p\u00fablico de 90 mil pessoas passou pela cidade, com visitantes de S\u00e3o Paulo, Rio de Janeiro, Dinamarca, Inglaterra, Chile, Venezuela e de cidades pr\u00f3ximas como Belo Horizonte, Mariana e a pr\u00f3pria Ouro Preto, entre outras. (O Liberal \u2013 Ouro Preto)<\/span><br \/><span><a href=\"https:\/\/oliberalinconfidentes.com.br\/destaque\/natal-de-ouro-preto-2024-evento-cultural-atrai-90-mil-pessoas-e-gera-impacto-economico-de-r-21-milhoes\/\">https:\/\/oliberalinconfidentes.com.br\/destaque\/natal-de-ouro-preto-2024-evento-cultural-atrai-90-mil-pessoas-e-gera-impacto-economico-de-r-21-milhoes\/<\/a><\/span><\/p>\n<p><span><strong>Cartilha refor\u00e7a combate ao trabalho infantil<\/strong> <\/span><br \/><span>A Secretaria de Estado de Desenvolvimento Social (Sedese) de Minas Gerais lan\u00e7ou uma cartilha voltada ao combate ao trabalho infantil, com o objetivo de orientar profissionais da assist\u00eancia social e gestores municipais. O documento oferece estrat\u00e9gias pr\u00e1ticas para erradicar o problema, apresentando dados sobre o trabalho infantil no estado e detalhando as a\u00e7\u00f5es do Programa de Erradica\u00e7\u00e3o do Trabalho Infantil (PETI). Com base na intersetorialidade, a cartilha prop\u00f5e integra\u00e7\u00e3o entre \u00e1reas como assist\u00eancia social, educa\u00e7\u00e3o e sa\u00fade para potencializar as a\u00e7\u00f5es de prote\u00e7\u00e3o \u00e0s crian\u00e7as e adolescentes. (Gazeta Norte Mineira \u2013 Montes Claros)<\/span><br \/><span><a href=\"https:\/\/gazetanm.com.br\/sedese-lanca-cartilha-para-reforcar-combate-ao-trabalho-infantil-em-minas-gerais\/\">https:\/\/gazetanm.com.br\/sedese-lanca-cartilha-para-reforcar-combate-ao-trabalho-infantil-em-minas-gerais\/<\/a><\/span><\/p>\n<p><span><strong>Pessoas com defici\u00eancia ter\u00e3o prefer\u00eancia<\/strong> <\/span><br \/><span>Foi publicada uma nova legisla\u00e7\u00e3o em Minas Gerais que garante a reserva preferencial de unidades habitacionais da Companhia de Habita\u00e7\u00e3o de Minas Gerais (Cohab) para pessoas com defici\u00eancia, mobilidade reduzida e idosos. A norma estabelece que 12% das moradias sejam destinadas a pessoas com defici\u00eancia ou mobilidade reduzida e 3% a idosos. Para se beneficiar, os interessados devem se cadastrar e atender aos requisitos dos programas habitacionais. Caso n\u00e3o haja candidatos nas categorias reservadas, as unidades poder\u00e3o ser oferecidas ao p\u00fablico geral. (Gazeta de Varginha)<\/span><br \/><span><a href=\"https:\/\/www.gazetadevarginha.com.br\/post\/pessoas-com-defici%C3%AAncia-e-idosos-ter%C3%A3o-reserva-preferencial-para-compra-de-im%C3%B3veis\">https:\/\/www.gazetadevarginha.com.br\/post\/pessoas-com-defici%C3%AAncia-e-idosos-ter%C3%A3o-reserva-preferencial-para-compra-de-im%C3%B3veis<\/a><\/span><\/p>\n<p><strong><span>Lagoa tem maior representatividade <\/span><\/strong><br \/><span>A representatividade feminina nas C\u00e2maras Municipais da regi\u00e3o tem mostrado diferen\u00e7as marcantes. Lagoa da Prata, com quatro mulheres para o Legislativo municipal, ocupa uma parcela significativa das cadeiras e refor\u00e7a a import\u00e2ncia da presen\u00e7a feminina na pol\u00edtica. Por outro lado, Pains se apresenta com a menor representatividade, j\u00e1 que nenhuma mulher foi eleita para a C\u00e2mara Municipal nas \u00faltimas elei\u00e7\u00f5es. Especialistas apontam que essa disparidade est\u00e1 ligada a fatores como a escassez de candidaturas femininas, quest\u00f5es culturais e estruturas de poder ainda tradicionais. (Tribuna Formiguense)<\/span><br \/><span><a href=\"https:\/\/tribunacentroeste.com.br\/noticias\/lagoa-da-prata-a-cidade-com-maior-representatividade-feminina-na-c-mara-e-pains-a-menor\">https:\/\/tribunacentroeste.com.br\/noticias\/lagoa-da-prata-a-cidade-com-maior-representatividade-feminina-na-c-mara-e-pains-a-menor<\/a><\/span><\/p>\n<p><strong><span>Alcoa investe R$ 2,8 milh\u00f5es em Po\u00e7os<\/span><\/strong><br \/><span>Ao longo de 2024, a Alcoa Po\u00e7os de Caldas reafirmou o seu compromisso com o desenvolvimento socioambiental, investindo R$ 2,8 milh\u00f5es em 57 projetos em \u00e1reas como educa\u00e7\u00e3o, meio ambiente, sa\u00fade, desenvolvimento econ\u00f4mico e bem-estar social que beneficiaram cinco cidades: Andradas, Caldas e Po\u00e7os de Caldas, em Minas Gerais, e Divinol\u00e2ndia e S\u00e3o Sebasti\u00e3o da Grama, em S\u00e3o Paulo. Esses investimentos foram realizados com recursos da pr\u00f3pria unidade (Alcoa Po\u00e7os), Alcoa Foundation, Instituto Alcoa e por meio da Lei de Incentivo Municipal \u00e0 Cultura. (Jornal Mantiqueira \u2013 Po\u00e7os de Caldas)<\/span><br \/><span><a href=\"https:\/\/www.jornalmantiqueira.com.br\/2025\/01\/03\/alcoa-pocos-de-caldas-investe-r-28-milhoes-em-iniciativas-socioambientais-na-regiao\/\">https:\/\/www.jornalmantiqueira.com.br\/2025\/01\/03\/alcoa-pocos-de-caldas-investe-r-28-milhoes-em-iniciativas-socioambientais-na-regiao\/<\/a><\/span><\/p>\n<p><strong><span>JF espera 280 mil no Carnaval<\/span><\/strong><br \/><span>Na primeira entrevista coletiva \u00e0 imprensa desde que assumirem as novas pastas, Eduardo Crochet, secret\u00e1rio de Turismo, e Rog\u00e9rio de Freitas, diretor-geral da Funalfa, apresentaram o planejamento e a organiza\u00e7\u00e3o para os blocos de rua do carnaval de 2025 em Juiz de Fora. At\u00e9 o momento, conforme a prefeitura, s\u00e3o 74 blocos pr\u00e9-cadastrados, sendo que o processo ainda n\u00e3o fechou e o n\u00famero pode, por isso, aumentar. O carnaval de 2025 contar\u00e1 com 16 dias de folia: 14, 15 e 16 de fevereiro, al\u00e9m do per\u00edodo entre 21 do mesmo m\u00eas a 5 de mar\u00e7o. A expectativa de p\u00fablico para a folia \u00e9 de cerca de 280 mil pessoas, mas buscando um p\u00fablico maior.\u00a0 (Tribuna de Minas \u2013 Juiz de Fora)<\/span><br \/><span><a href=\"https:\/\/tribunademinas.com.br\/noticias\/cultura\/06-01-2025\/carnaval-circuitos.html\">https:\/\/tribunademinas.com.br\/noticias\/cultura\/06-01-2025\/carnaval-circuitos.html<\/a><\/span><\/p>\n<p><strong><span>Campo Belo enfrenta dengue<\/span><\/strong><br \/><span>Na segunda-feira, 06 as Secretarias Municipais de Infraestrutura, Meio Ambiente e Sa\u00fade de Campo Belo, junto \u00e0 Assessoria de Governo, realizaram uma reuni\u00e3o estrat\u00e9gica para intensificar os trabalhos de Preven\u00e7\u00e3o e Combate \u00e0 Dengue no munic\u00edpio. Durante a reuni\u00e3o, foram discutidas e delegadas atividades a serem implementadas de forma imediata, com destaque para a limpeza de locais de descarte de res\u00edduos em diversas regi\u00f5es da cidade. O objetivo \u00e9 eliminar focos que possam contribuir para a prolifera\u00e7\u00e3o do mosquito Aedes Aegypti, transmissor da Dengue. (Jornal Panorama \u2013 Caxambu)<\/span><br \/><span><a href=\"https:\/\/jornalpanoramaminas.com.br\/site\/prefeitura-de-campo-belo-intensifica-acoes-de-prevencao-e-combate-a-dengue\/\">https:\/\/jornalpanoramaminas.com.br\/site\/prefeitura-de-campo-belo-intensifica-acoes-de-prevencao-e-combate-a-dengue\/<\/a><\/span><\/p>\n\n<p>\u00a0<\/p>","protected":false},"excerpt":{"rendered":"<p>Foto: Ane Souz COLUNA MGPrincipais destaques dos jornais e portais integrantes da rede Sindijori MG www.sindijorimg.com.br Natal de Ouro Preto atraiu 90 milDo dia 23 de novembro de 2024 a 6 de janeiro de 2025, Ouro Preto foi adornada com mais de um milh\u00e3o de pontos de luz, transformando os cart\u00f5es postais da cidade em [&hellip;]<\/p>\n","protected":false},"author":0,"featured_media":28058,"comment_status":"open","ping_status":"open","sticky":false,"template":"","format":"standard","meta":{"rop_custom_images_group":[],"rop_custom_messages_group":[],"rop_publish_now":"initial","rop_publish_now_accounts":[],"rop_publish_now_history":[],"rop_publish_now_status":"pending","footnotes":""},"categories":[6745],"tags":[],"class_list":["post-28057","post","type-post","status-publish","format-standard","has-post-thumbnail","hentry","category-coluna-sindijori"],"_links":{"self":[{"href":"https:\/\/diariotribuna.com.br\/index.php?rest_route=\/wp\/v2\/posts\/28057"}],"collection":[{"href":"https:\/\/diariotribuna.com.br\/index.php?rest_route=\/wp\/v2\/posts"}],"about":[{"href":"https:\/\/diariotribuna.com.br\/index.php?rest_route=\/wp\/v2\/types\/post"}],"replies":[{"embeddable":true,"href":"https:\/\/diariotribuna.com.br\/index.php?rest_route=%2Fwp%2Fv2%2Fcomments&post=28057"}],"version-history":[{"count":0,"href":"https:\/\/diariotribuna.com.br\/index.php?rest_route=\/wp\/v2\/posts\/28057\/revisions"}],"wp:featuredmedia":[{"embeddable":true,"href":"https:\/\/diariotribuna.com.br\/index.php?rest_route=\/wp\/v2\/media\/28058"}],"wp:attachment":[{"href":"https:\/\/diariotribuna.com.br\/index.php?rest_route=%2Fwp%2Fv2%2Fmedia&parent=28057"}],"wp:term":[{"taxonomy":"category","embeddable":true,"href":"https:\/\/diariotribuna.com.br\/index.php?rest_route=%2Fwp%2Fv2%2Fcategories&post=28057"},{"taxonomy":"post_tag","embeddable":true,"href":"https:\/\/diariotribuna.com.br\/index.php?rest_route=%2Fwp%2Fv2%2Ftags&post=28057"}],"curies":[{"name":"wp","href":"https:\/\/api.w.org\/{rel}","templated":true}]}}