{"id":28059,"date":"2025-01-08T12:04:21","date_gmt":"2025-01-08T15:04:21","guid":{"rendered":"https:\/\/diariotribuna.com.br\/?p=28059"},"modified":"2025-01-08T12:24:37","modified_gmt":"2025-01-08T15:24:37","slug":"fortes-chuvas-alagam-ruas-e-casas-em-alguns-bairros-de-teofilo-otoni","status":"publish","type":"post","link":"https:\/\/diariotribuna.com.br\/?p=28059","title":{"rendered":"Fortes chuvas alagam ruas e casas em alguns bairros de Te\u00f3filo Otoni"},"content":{"rendered":"\n<figure class=\"wp-block-image size-full is-resized\"><img loading=\"lazy\" decoding=\"async\" width=\"700\" height=\"420\" src=\"https:\/\/diariotribuna.com.br\/wp-content\/uploads\/2025\/01\/6.png\" alt=\"\" class=\"wp-image-28073\" style=\"width:555px;height:auto\" srcset=\"https:\/\/diariotribuna.com.br\/wp-content\/uploads\/2025\/01\/6.png 700w, https:\/\/diariotribuna.com.br\/wp-content\/uploads\/2025\/01\/6-300x180.png 300w, https:\/\/diariotribuna.com.br\/wp-content\/uploads\/2025\/01\/6-696x418.png 696w\" sizes=\"(max-width: 700px) 100vw, 700px\" \/><\/figure>\n\n\n\n<p>As fortes chuvas que ca\u00edram em Te\u00f3filo Otoni, na noite de ter\u00e7a-feira (7\/1), causaram muita preocupa\u00e7\u00e3o \u00e0 popula\u00e7\u00e3o e aos \u00f3rg\u00e3os de defesa civil municipal. V\u00e1rias ruas e casas foram tomadas pelas \u00e1guas, lama e entulhos, causando preju\u00edzos, mas, felizmente sem registro de pessoas feridas. <strong>O secret\u00e1rio de Defesa Social, Ivonil de Souza Campos falou ao Di\u00e1rio Tribuna sobre os trabalhos realizados<\/strong> em decorr\u00eancia das chuvas que caem na cidade. E a previs\u00e3o \u00e9 de mais chuva nos pr\u00f3ximos dias.<\/p>\n\n\n\n<p>Segundo o secret\u00e1rio, houve um alagamento na rua Le\u00e3o XIII, bairro Frei J\u00falio, ele foi ao local junto com o prefeito Marinho e equipes da Defesa Civil e Secretaria de Servi\u00e7os Urbanos, e os moradores foram orientados. Em alguns locais houve desabamento de barrancos e queda de telhados. Teve uma queda de barranco no bairro Jardim Serra Verde, a fam\u00edlia foi orientada a sair da resid\u00eancia, e foi acolhida por familiares.<\/p>\n\n\n\n<figure class=\"wp-block-image size-full is-resized\"><img loading=\"lazy\" decoding=\"async\" width=\"650\" height=\"378\" src=\"https:\/\/diariotribuna.com.br\/wp-content\/uploads\/2025\/01\/Captura-de-tela-2025-01-07-231610.png\" alt=\"\" class=\"wp-image-28060\" style=\"width:555px;height:auto\" srcset=\"https:\/\/diariotribuna.com.br\/wp-content\/uploads\/2025\/01\/Captura-de-tela-2025-01-07-231610.png 650w, https:\/\/diariotribuna.com.br\/wp-content\/uploads\/2025\/01\/Captura-de-tela-2025-01-07-231610-300x174.png 300w\" sizes=\"(max-width: 650px) 100vw, 650px\" \/><figcaption class=\"wp-element-caption\"><strong>O prefeito Marinho e equipe da Defesa Civil em pontos de alagamentos da cidade<\/strong><\/figcaption><\/figure>\n\n\n\n<p>O prefeito e equipe foram a v\u00e1rios pontos de alagamento da cidade, sobretudo em alguns que j\u00e1 s\u00e3o cr\u00f4nicos, como os bairros, Marajoara, Laranjeiras, Olga Correia Prates (regi\u00e3o da Unipac), S\u00e3o Jacinto, Vila Barreiros e outros. Nas proximidades da Unipac, uma grande lixeira estava sendo levada pela enxurrada, mas a equipe conseguiu evitar e coloc\u00e1-la num local seguro.<\/p>\n\n\n\n<figure class=\"wp-block-gallery has-nested-images columns-default is-cropped wp-block-gallery-1 is-layout-flex wp-block-gallery-is-layout-flex\">\n<figure class=\"wp-block-image size-large\"><img loading=\"lazy\" decoding=\"async\" width=\"600\" height=\"872\" data-id=\"28068\" src=\"https:\/\/diariotribuna.com.br\/wp-content\/uploads\/2025\/01\/5-1.png\" alt=\"\" class=\"wp-image-28068\" srcset=\"https:\/\/diariotribuna.com.br\/wp-content\/uploads\/2025\/01\/5-1.png 600w, https:\/\/diariotribuna.com.br\/wp-content\/uploads\/2025\/01\/5-1-206x300.png 206w, https:\/\/diariotribuna.com.br\/wp-content\/uploads\/2025\/01\/5-1-289x420.png 289w\" sizes=\"(max-width: 600px) 100vw, 600px\" \/><\/figure>\n\n\n\n<figure class=\"wp-block-image size-large\"><img loading=\"lazy\" decoding=\"async\" width=\"600\" height=\"909\" data-id=\"28069\" src=\"https:\/\/diariotribuna.com.br\/wp-content\/uploads\/2025\/01\/3-1.png\" alt=\"\" class=\"wp-image-28069\" srcset=\"https:\/\/diariotribuna.com.br\/wp-content\/uploads\/2025\/01\/3-1.png 600w, https:\/\/diariotribuna.com.br\/wp-content\/uploads\/2025\/01\/3-1-198x300.png 198w, https:\/\/diariotribuna.com.br\/wp-content\/uploads\/2025\/01\/3-1-277x420.png 277w\" sizes=\"(max-width: 600px) 100vw, 600px\" \/><\/figure>\n\n\n\n<figure class=\"wp-block-image size-large\"><img loading=\"lazy\" decoding=\"async\" width=\"600\" height=\"568\" data-id=\"28067\" src=\"https:\/\/diariotribuna.com.br\/wp-content\/uploads\/2025\/01\/4-1.png\" alt=\"\" class=\"wp-image-28067\" srcset=\"https:\/\/diariotribuna.com.br\/wp-content\/uploads\/2025\/01\/4-1.png 600w, https:\/\/diariotribuna.com.br\/wp-content\/uploads\/2025\/01\/4-1-300x284.png 300w, https:\/\/diariotribuna.com.br\/wp-content\/uploads\/2025\/01\/4-1-444x420.png 444w\" sizes=\"(max-width: 600px) 100vw, 600px\" \/><\/figure>\n\n\n\n<figure class=\"wp-block-image size-large\"><img loading=\"lazy\" decoding=\"async\" width=\"600\" height=\"872\" data-id=\"28071\" src=\"https:\/\/diariotribuna.com.br\/wp-content\/uploads\/2025\/01\/2-1.png\" alt=\"\" class=\"wp-image-28071\" srcset=\"https:\/\/diariotribuna.com.br\/wp-content\/uploads\/2025\/01\/2-1.png 600w, https:\/\/diariotribuna.com.br\/wp-content\/uploads\/2025\/01\/2-1-206x300.png 206w, https:\/\/diariotribuna.com.br\/wp-content\/uploads\/2025\/01\/2-1-289x420.png 289w\" sizes=\"(max-width: 600px) 100vw, 600px\" \/><\/figure>\n\n\n\n<figure class=\"wp-block-image size-large\"><img loading=\"lazy\" decoding=\"async\" width=\"600\" height=\"917\" data-id=\"28070\" src=\"https:\/\/diariotribuna.com.br\/wp-content\/uploads\/2025\/01\/1-1.png\" alt=\"\" class=\"wp-image-28070\" srcset=\"https:\/\/diariotribuna.com.br\/wp-content\/uploads\/2025\/01\/1-1.png 600w, https:\/\/diariotribuna.com.br\/wp-content\/uploads\/2025\/01\/1-1-196x300.png 196w, https:\/\/diariotribuna.com.br\/wp-content\/uploads\/2025\/01\/1-1-275x420.png 275w\" sizes=\"(max-width: 600px) 100vw, 600px\" \/><\/figure>\n<\/figure>\n\n\n\n<p>\u201cO pessoal est\u00e1 em campo, orientando fam\u00edlias que est\u00e3o em \u00e1reas de risco, ser\u00e3o feitos laudos para ver se alguma casa corre ou n\u00e3o o risco de desabar, e provid\u00eancias ser\u00e3o tomadas\u201d. Disse o secret\u00e1rio Ivonil, informando ainda que haver\u00e1 plant\u00e3o das equipes da prefeitura, enquanto as pessoas precisarem de apoio. \u201cSabemos dos parcos recursos e das condi\u00e7\u00f5es que a prefeitura foi deixada para n\u00f3s, mas, o que n\u00e3o vai faltar \u00e9 acolhimento\u201d afirmou.<\/p>\n\n\n\n<p>Ele destacou que, as pessoas que tiveram alagamento de casas, a prefeitura ofereceu a Pousada do Sesc para que passassem a noite, mas elas n\u00e3o aceitaram. Disseram que ficariam em casas de parentes. <strong>Na manh\u00e3 desta quarta-feira (8), novamente fizemos contato com o secret\u00e1rio de Defesa Social<\/strong>, ele informou que: &#8220;devido \u00e0s fortes Chuvas na cidade, a Secretaria de Servi\u00e7os Urbanos da prefeitura est\u00e1 com equipes e maquin\u00e1rios nas ruas, visando restabelecer o tr\u00e1fego das vias interditadas total ou\u00a0parcialmente&#8221;.<\/p>\n\n\n\n<figure class=\"wp-block-image size-full is-resized\"><img loading=\"lazy\" decoding=\"async\" width=\"700\" height=\"632\" src=\"https:\/\/diariotribuna.com.br\/wp-content\/uploads\/2025\/01\/Captura-de-tela-2025-01-08-013007.png\" alt=\"\" class=\"wp-image-28072\" style=\"width:471px;height:auto\" srcset=\"https:\/\/diariotribuna.com.br\/wp-content\/uploads\/2025\/01\/Captura-de-tela-2025-01-08-013007.png 700w, https:\/\/diariotribuna.com.br\/wp-content\/uploads\/2025\/01\/Captura-de-tela-2025-01-08-013007-300x271.png 300w, https:\/\/diariotribuna.com.br\/wp-content\/uploads\/2025\/01\/Captura-de-tela-2025-01-08-013007-696x628.png 696w, https:\/\/diariotribuna.com.br\/wp-content\/uploads\/2025\/01\/Captura-de-tela-2025-01-08-013007-465x420.png 465w\" sizes=\"(max-width: 700px) 100vw, 700px\" \/><\/figure>\n\n\n\n<pre class=\"wp-block-verse\"><strong>ALERTA: Em caso de deslizamentos, desabamentos, alagamentos e rachaduras, ligue para a Defesa Civil Municipal:<\/strong> (33) 98854-6946 \/ <strong>Emerg\u00eancia Corpo de Bombeiros:<\/strong> ligue 193. (Imagens: Divulga\u00e7\u00e3o).<\/pre>\n","protected":false},"excerpt":{"rendered":"<p>As fortes chuvas que ca\u00edram em Te\u00f3filo Otoni, na noite de ter\u00e7a-feira (7\/1), causaram muita preocupa\u00e7\u00e3o \u00e0 popula\u00e7\u00e3o e aos \u00f3rg\u00e3os de defesa civil municipal. V\u00e1rias ruas e casas foram tomadas pelas \u00e1guas, lama e entulhos, causando preju\u00edzos, mas, felizmente sem registro de pessoas feridas. O secret\u00e1rio de Defesa Social, Ivonil de Souza Campos falou [&hellip;]<\/p>\n","protected":false},"author":1,"featured_media":28073,"comment_status":"open","ping_status":"open","sticky":false,"template":"","format":"standard","meta":{"rop_custom_images_group":[],"rop_custom_messages_group":[],"rop_publish_now":"initial","rop_publish_now_accounts":[],"rop_publish_now_history":[],"rop_publish_now_status":"pending","footnotes":""},"categories":[25,17],"tags":[2648,2646,75],"class_list":["post-28059","post","type-post","status-publish","format-standard","has-post-thumbnail","hentry","category-destaque","category-teofilootoni","tag-alagamentos","tag-fortes-chuvas","tag-teofilo-otoni"],"_links":{"self":[{"href":"https:\/\/diariotribuna.com.br\/index.php?rest_route=\/wp\/v2\/posts\/28059"}],"collection":[{"href":"https:\/\/diariotribuna.com.br\/index.php?rest_route=\/wp\/v2\/posts"}],"about":[{"href":"https:\/\/diariotribuna.com.br\/index.php?rest_route=\/wp\/v2\/types\/post"}],"author":[{"embeddable":true,"href":"https:\/\/diariotribuna.com.br\/index.php?rest_route=\/wp\/v2\/users\/1"}],"replies":[{"embeddable":true,"href":"https:\/\/diariotribuna.com.br\/index.php?rest_route=%2Fwp%2Fv2%2Fcomments&post=28059"}],"version-history":[{"count":4,"href":"https:\/\/diariotribuna.com.br\/index.php?rest_route=\/wp\/v2\/posts\/28059\/revisions"}],"predecessor-version":[{"id":28081,"href":"https:\/\/diariotribuna.com.br\/index.php?rest_route=\/wp\/v2\/posts\/28059\/revisions\/28081"}],"wp:featuredmedia":[{"embeddable":true,"href":"https:\/\/diariotribuna.com.br\/index.php?rest_route=\/wp\/v2\/media\/28073"}],"wp:attachment":[{"href":"https:\/\/diariotribuna.com.br\/index.php?rest_route=%2Fwp%2Fv2%2Fmedia&parent=28059"}],"wp:term":[{"taxonomy":"category","embeddable":true,"href":"https:\/\/diariotribuna.com.br\/index.php?rest_route=%2Fwp%2Fv2%2Fcategories&post=28059"},{"taxonomy":"post_tag","embeddable":true,"href":"https:\/\/diariotribuna.com.br\/index.php?rest_route=%2Fwp%2Fv2%2Ftags&post=28059"}],"curies":[{"name":"wp","href":"https:\/\/api.w.org\/{rel}","templated":true}]}}