{"id":28078,"date":"2025-01-08T11:54:45","date_gmt":"2025-01-08T14:54:45","guid":{"rendered":"https:\/\/diariotribuna.com.br\/?p=28078"},"modified":"2025-01-08T11:54:45","modified_gmt":"2025-01-08T14:54:45","slug":"projeto-do-sebrae-impulsiona-pirapora","status":"publish","type":"post","link":"https:\/\/diariotribuna.com.br\/?p=28078","title":{"rendered":"Projeto  do Sebrae impulsiona Pirapora\u00a0"},"content":{"rendered":"<p><span>Foto: Reprodu\u00e7\u00e3o GNM<\/span><\/p>\n<p><strong><span>COLUNA MG<\/span><\/strong><br \/><span>Principais destaques dos jornais e portais integrantes da rede Sindijori MG <\/span><br \/><span><a href=\"http:\/\/www.sindijorimg.com.br\/\">www.sindijorimg.com.br<\/a><\/span><\/p>\n<p><strong><span>Projeto\u00a0 impulsiona Pirapora <\/span><\/strong><br \/><span>Pirapora deu um importante passo para o desenvolvimento econ\u00f4mico ao participar do Projeto de Atra\u00e7\u00e3o de Investimentos do Sebrae Minas em 2024. A iniciativa incluiu a capacita\u00e7\u00e3o de servidores p\u00fablicos, fortalecimento de neg\u00f3cios locais e a prepara\u00e7\u00e3o do munic\u00edpio para atrair empresas, com foco nos setores de ind\u00fastria, turismo, confec\u00e7\u00e3o e pescado. Pirapora foi um dos primeiros munic\u00edpios a adotar a metodologia do Sebrae, que tamb\u00e9m tem sido aplicada em outras cidades como Divin\u00f3polis e Tim\u00f3teo, contribuindo para a atra\u00e7\u00e3o de novos investimentos. (Gazeta Norte Mineira \u2013 Montes Claros)<\/span><br \/><span><a href=\"https:\/\/gazetanm.com.br\/projeto-do-sebrae-minas-impulsiona-pirapora-como-destino-atrativo-para-novos-investimentos\/\">https:\/\/gazetanm.com.br\/projeto-do-sebrae-minas-impulsiona-pirapora-como-destino-atrativo-para-novos-investimentos\/<\/a><\/span><\/p>\n<p><strong><span>Banco do Nordeste em Nanuque<\/span><\/strong><br \/><span>O Banco do Nordeste inaugurou, nesta ter\u00e7a-feira, 7, uma nova ag\u00eancia do programa CrediAmigo em Nanuque, Minas Gerais. A unidade est\u00e1 localizada em um amplo espa\u00e7o na Rua S\u00e3o Jo\u00e3o Del Rey, 337, pr\u00f3ximo \u00e0 ag\u00eancia do Banco do Nordeste, e visa oferecer um atendimento diferenciado aos clientes. Somente em 2024, o programa de microcr\u00e9dito orientado do Banco do Nordeste movimentou mais de R$ 3 milh\u00f5es em Nanuque, atendendo cerca de 400 clientes. (Jornal Em Tempo \u2013 Nanuque)<\/span><br \/><span><a href=\"https:\/\/jornalemtempo.com\/banco-do-nordeste-inaugura-agencia-do-crediamigo-em-nanuque\">https:\/\/jornalemtempo.com\/banco-do-nordeste-inaugura-agencia-do-crediamigo-em-nanuque<\/a><\/span><\/p>\n<p><strong><span>Mineradora causa pol\u00eamica <\/span><\/strong><br \/><span>A opera\u00e7\u00e3o da Sandra Minera\u00e7\u00e3o em Prudente de Morais, Minas Gerais, gerou pol\u00eamica devido \u00e0 explora\u00e7\u00e3o de uma \u00e1rea de grande import\u00e2ncia arqueol\u00f3gica e paleontol\u00f3gica, conhecida como Fazenda Escriv\u00e2nia. Este local foi estudado por Peter Lund, considerado o &#8220;pai da paleontologia brasileira&#8221;, e cont\u00e9m cavernas e pinturas rupestres valiosas. A mineradora obteve licenciamento ambiental para a extra\u00e7\u00e3o de calc\u00e1rio, mas o Minist\u00e9rio P\u00fablico questionou a legalidade desse licenciamento, considerando os potenciais impactos negativos ao patrim\u00f4nio cultural e hist\u00f3rico da regi\u00e3o. A empresa defende que as licen\u00e7as est\u00e3o em conformidade com as exig\u00eancias legais e que as atividades s\u00e3o amparadas por estudos t\u00e9cnicos. (Sabar\u00e1 Not\u00edcias)<\/span><br \/><span><a href=\"https:\/\/www.sabaranoticias.com.br\/mineradora-causa-polemica-ao-explorar-area-estudada-por-peter-lund-em-prudente-de-morais-mg\">https:\/\/www.sabaranoticias.com.br\/mineradora-causa-polemica-ao-explorar-area-estudada-por-peter-lund-em-prudente-de-morais-mg<\/a><\/span><\/p>\n<p><strong><span>Chuvas superam m\u00e9dia em Po\u00e7os<\/span><\/strong><br \/><span>O Departamento Municipal de Eletricidade (DME) de Po\u00e7os de Caldas divulgou o relat\u00f3rio de acompanhamento pluviom\u00e9trico referente ao ano de 2024, destacando que os \u00edndices de chuvas superaram a m\u00e9dia hist\u00f3rica. Segundo Marcelo Loichate, Diretor Superintendente da DME Energ\u00e9tica, as chuvas intensas no in\u00edcio e no final do ano foram determinantes para que o volume acumulado de precipita\u00e7\u00f5es ficasse acima da m\u00e9dia. \u201cA m\u00e9dia anual de chuvas em Po\u00e7os de Caldas, considerando os dados hist\u00f3ricos de 1997 a 2023, \u00e9 de aproximadamente 1.750 mm. Em 2024, registramos um total de 1.947\u201d, explicou Loichate. (Jornal Mantiqueira \u2013 Po\u00e7os de Caldas)<\/span><br \/><span><a href=\"https:\/\/www.jornalmantiqueira.com.br\/2025\/01\/08\/dme-divulga-acompanhamento-pluviometrico-de-2024-indices-ficaram-acima-da-media-anual\/\">https:\/\/www.jornalmantiqueira.com.br\/2025\/01\/08\/dme-divulga-acompanhamento-pluviometrico-de-2024-indices-ficaram-acima-da-media-anual\/<\/a><\/span><\/p>\n<p><strong><span><!-- [if gte mso 9]&gt;--><\/span><\/strong><\/p>\n<p><!-- [if gte mso 9]&gt;--><\/p>\n<p>  Normal<br \/>\n  0<\/p>\n<p>  21<\/p>\n<p>  false<br \/>\n  false<br \/>\n  false<\/p>\n<p>  PT-BR<br \/>\n  X-NONE<br \/>\n  X-NONE<\/p>\n<p><!-- [if gte mso 9]&gt;--><\/p>\n<p><!-- [if gte mso 10]&gt;--><\/p>\n<p> \/* Style Definitions *\/<br \/>\n table.MsoNormalTable<br \/>\n\t{mso-style-name:&#8221;Tabela normal&#8221;;<br \/>\n\tmso-tstyle-rowband-size:0;<br \/>\n\tmso-tstyle-colband-size:0;<br \/>\n\tmso-style-noshow:yes;<br \/>\n\tmso-style-priority:99;<br \/>\n\tmso-style-parent:&#8221;&#8221;;<br \/>\n\tmso-padding-alt:0cm 5.4pt 0cm 5.4pt;<br \/>\n\tmso-para-margin-top:0cm;<br \/>\n\tmso-para-margin-right:0cm;<br \/>\n\tmso-para-margin-bottom:8.0pt;<br \/>\n\tmso-para-margin-left:0cm;<br \/>\n\tline-height:115%;<br \/>\n\tmso-pagination:widow-orphan;<br \/>\n\tfont-size:12.0pt;<br \/>\n\tfont-family:&#8221;Aptos&#8221;,sans-serif;<br \/>\n\tmso-ascii-font-family:Aptos;<br \/>\n\tmso-ascii-theme-font:minor-latin;<br \/>\n\tmso-hansi-font-family:Aptos;<br \/>\n\tmso-hansi-theme-font:minor-latin;<br \/>\n\tmso-font-kerning:1.0pt;<br \/>\n\tmso-ligatures:standardcontextual;<br \/>\n\tmso-fareast-language:EN-US;}<\/p>\n<p> <\/p>\n<p class=\"MsoNormal\"><strong><span>Prefeito de Para\u00edso pode disputar AMM<\/span><\/strong><\/p>\n<p class=\"MsoNormal\"><span>O prefeito de S\u00e3o Sebasti\u00e3o do Para\u00edso, Marcelo Morais (PSD), anunciou, nesta semana, que est\u00e1 articulando a disputa pela presid\u00eancia da Associa\u00e7\u00e3o Mineira de Munic\u00edpios (AMM). O an\u00fancio de Morais ocorreu ap\u00f3s a insatisfa\u00e7\u00e3o de um bloco de prefeitos do Sudoeste de Minas Gerais, que demonstraram que a regi\u00e3o tem sido constantemente preterida no cen\u00e1rio estadual nas composi\u00e7\u00f5es da AMM. Para Morais, montar uma chapa neste momento demonstra, de forma clara, a inten\u00e7\u00e3o de protagonismo da Ameg, Amog e Alago no cen\u00e1rio estadual, com representatividade de 66 munic\u00edpios e 1,4 milh\u00e3o de habitantes da regi\u00e3o. (Jornal do Sudoeste \u2013 S\u00e3o Sebasti\u00e3o do Para\u00edso)<\/span><\/p>\n<p class=\"MsoNormal\"><span>https:\/\/jornaldosudoeste.com.br\/noticia.php?codigo=218257<\/span><\/p>\n<p><strong><span>Sem\u00e1foros\u00a0 em Vi\u00e7osa ajustados<\/span><\/strong><br \/><span>Quase todos os sem\u00e1foros das esquinas de Vi\u00e7osa tiveram suas programa\u00e7\u00f5es alteradas nas \u00faltimas semanas, informou a Diretoria de Tr\u00e2nsito da Prefeitura. As mudan\u00e7as foram baseadas em um estudo, elaborado pela UFV, que \u00e9 fruto do conv\u00eanio assinado em outubro de 2022, mas pouco aproveitado pela gest\u00e3o municipal. Segundo a Prefeitura, os t\u00e9cnicos da UFV analisaram o fluxo de ve\u00edculos durante picos de movimento e per\u00edodos de chuva para a implementa\u00e7\u00e3o de uma nova programa\u00e7\u00e3o para os sem\u00e1foros, aumentando o tempo de sinal verde para alguns e reduzindo em outros. (Folha da Mata \u2013 Vi\u00e7osa)<\/span><br \/><span><a href=\"https:\/\/www.folhadamata.com.br\/semaforos-passam-por-ajustes-em-vicosa-e-estudo-preve-remocoes\">https:\/\/www.folhadamata.com.br\/semaforos-passam-por-ajustes-em-vicosa-e-estudo-preve-remocoes<\/a><\/span><\/p>\n<p><span><\/span><\/p>\n<p>\u00a0<\/p>","protected":false},"excerpt":{"rendered":"<p>Foto: Reprodu\u00e7\u00e3o GNM COLUNA MGPrincipais destaques dos jornais e portais integrantes da rede Sindijori MG www.sindijorimg.com.br Projeto\u00a0 impulsiona Pirapora Pirapora deu um importante passo para o desenvolvimento econ\u00f4mico ao participar do Projeto de Atra\u00e7\u00e3o de Investimentos do Sebrae Minas em 2024. A iniciativa incluiu a capacita\u00e7\u00e3o de servidores p\u00fablicos, fortalecimento de neg\u00f3cios locais e a [&hellip;]<\/p>\n","protected":false},"author":0,"featured_media":28079,"comment_status":"open","ping_status":"open","sticky":false,"template":"","format":"standard","meta":{"rop_custom_images_group":[],"rop_custom_messages_group":[],"rop_publish_now":"initial","rop_publish_now_accounts":[],"rop_publish_now_history":[],"rop_publish_now_status":"pending","footnotes":""},"categories":[6745],"tags":[],"class_list":["post-28078","post","type-post","status-publish","format-standard","has-post-thumbnail","hentry","category-coluna-sindijori"],"_links":{"self":[{"href":"https:\/\/diariotribuna.com.br\/index.php?rest_route=\/wp\/v2\/posts\/28078"}],"collection":[{"href":"https:\/\/diariotribuna.com.br\/index.php?rest_route=\/wp\/v2\/posts"}],"about":[{"href":"https:\/\/diariotribuna.com.br\/index.php?rest_route=\/wp\/v2\/types\/post"}],"replies":[{"embeddable":true,"href":"https:\/\/diariotribuna.com.br\/index.php?rest_route=%2Fwp%2Fv2%2Fcomments&post=28078"}],"version-history":[{"count":0,"href":"https:\/\/diariotribuna.com.br\/index.php?rest_route=\/wp\/v2\/posts\/28078\/revisions"}],"wp:featuredmedia":[{"embeddable":true,"href":"https:\/\/diariotribuna.com.br\/index.php?rest_route=\/wp\/v2\/media\/28079"}],"wp:attachment":[{"href":"https:\/\/diariotribuna.com.br\/index.php?rest_route=%2Fwp%2Fv2%2Fmedia&parent=28078"}],"wp:term":[{"taxonomy":"category","embeddable":true,"href":"https:\/\/diariotribuna.com.br\/index.php?rest_route=%2Fwp%2Fv2%2Fcategories&post=28078"},{"taxonomy":"post_tag","embeddable":true,"href":"https:\/\/diariotribuna.com.br\/index.php?rest_route=%2Fwp%2Fv2%2Ftags&post=28078"}],"curies":[{"name":"wp","href":"https:\/\/api.w.org\/{rel}","templated":true}]}}