{"id":28210,"date":"2025-01-17T07:28:58","date_gmt":"2025-01-17T10:28:58","guid":{"rendered":"https:\/\/diariotribuna.com.br\/?p=28210"},"modified":"2025-01-17T07:28:58","modified_gmt":"2025-01-17T10:28:58","slug":"fecomercio-mg-pesquisa-revela-que-584-dos-empresarios-mineiros-projetam-crescimento-das-vendas-no-1o-semestre","status":"publish","type":"post","link":"https:\/\/diariotribuna.com.br\/?p=28210","title":{"rendered":"Fecom\u00e9rcio MG: pesquisa revela que 58,4% dos empres\u00e1rios mineiros projetam crescimento das vendas no 1\u00ba semestre\u00a0"},"content":{"rendered":"<p class=\"MsoNormal\"><span>FECOM\u00c9RCIO MG | Divulga\u00e7\u00e3o<\/span><\/p>\n<p><\/p>\n<p class=\"MsoNormal\"><span>Pesquisa realizada pelo N\u00facleo de Intelig\u00eancia e Pesquisa da Fecom\u00e9rcio MG, realizada com 421 empresas de todas as regi\u00f5es do estado, entre os dias 02 e 09 de janeiro, apurou que 55,1% delas alcan\u00e7aram as expectativas de vendas para o segundo semestre de 2024 e 42,8% n\u00e3o alcan\u00e7aram. <\/span><\/p>\n<p><\/p>\n<p class=\"MsoNormal\"><span>O desempenho positivo no per\u00edodo faz 58,4% dos empres\u00e1rios do com\u00e9rcio mineiro projetarem um primeiro semestre deste ano ainda melhor que o segundo semestre de 2024. Os motivos para essa expectativa positiva, conforme a pesquisa, est\u00e3o sustentados em esperan\u00e7a\/otimismo, aquecimento do com\u00e9rcio e a\u00e7\u00f5es da loja. A pesquisa tamb\u00e9m mostra expectativa de estabilidade no com\u00e9rcio e de melhora nas vendas durante o ano de 2025 para 43,2% dos empres\u00e1rios ouvidos.<span> \u00a0<\/span><\/span><\/p>\n<p class=\"MsoNormal\"><span>Entre os que n\u00e3o compartilham do otimismo, os motivos citados para o primeiro semestre deste ano ser pior do que o segundo do ano passado est\u00e3o: pre\u00e7o alto dos produtos, momento pol\u00edtico e endividamento do consumidor.<\/span><span>\u00a0\u00a0 <\/span><span>\u00a0 \u00a0<\/span><\/p>\n<p class=\"MsoNormal\"><span>Quando se compara o desempenho do segundo semestre de 2024 com mesmo per\u00edodo de 2023, o volume de vendas aumentou para 34,0% das empresas, sendo que o incremento foi de 20% para 31,5% dela no per\u00edodo. <\/span><\/p>\n<p><\/p>\n<p class=\"MsoNormal\"><span>A expectativa para as datas comemorativas do primeiro semestre desse ano frente ao do ano passado \u00e9 de melhor resultado na opini\u00e3o 31,9% dos empres\u00e1rios. Para 17,7% os resultados ser\u00e3o iguais. Entre as datas comemorativas do primeiro semestre que possuem impacto positivo, o Dia das M\u00e3es aparece com maior percentual entre as empresas (64,3%). Em seguida aparecem o Carnaval (36,1%) e o Dia dos Namorados (25,6%). <\/span><\/p>\n<p><\/p>\n<p class=\"MsoNormal\"><span>De acordo com Fernanda Gon\u00e7alves, economista da Fecom\u00e9rcio MG, Minas Gerais apresenta um cen\u00e1rio empresarial com perspectivas positivas para o 1\u00ba semestre em 2025. <\/span><\/p>\n<p><\/p>\n<p class=\"MsoNormal\"><span>\u201cA pesquisa revelou que 58,4% dos empres\u00e1rios est\u00e3o otimistas quanto \u00e0 melhoria nas vendas. Esse aumento no otimismo \u00e9 em parte decorrente da confian\u00e7a nas estrat\u00e9gias comerciais, que utilizam m\u00e9todos de comunica\u00e7\u00e3o que superam limites f\u00edsicos e geogr\u00e1ficos. Isso permite que os setores de com\u00e9rcio, servi\u00e7os e turismo impulsionem suas vendas, fidelizem clientes e evidenciem seus diferenciais no mercado, tanto em rela\u00e7\u00e3o aos produtos quanto ao atendimento\u201d. Gon\u00e7alves explica que, apesar dos desafios econ\u00f4micos e pol\u00edticos enfrentados pelos empres\u00e1rios, datas comemorativas que despertam emo\u00e7\u00f5es na popula\u00e7\u00e3o, como o Dia das M\u00e3es, o Dia dos Namorados e o tradicional Carnaval, juntamente com melhores condi\u00e7\u00f5es de pagamento, ir\u00e3o impactar positivamente os setores de varejo, com\u00e9rcio, servi\u00e7os e turismo.<\/span><\/p>\n<p><\/p>\n<p class=\"MsoNormal\"><span>Ainda de acordo com a pesquisa, as modalidades de pagamento que ser\u00e3o mais utilizadas no primeiro semestre do ano s\u00e3o: cart\u00e3o de cr\u00e9dito parcelado, com 47,3% das indica\u00e7\u00f5es, seguido de pix (19,2%) e cart\u00e3o de cr\u00e9dito, parcela \u00fanica (14,3%). <span>\u00a0\u00a0<\/span><span>\u00a0<\/span><\/span><\/p>\n<p><\/p>\n<p class=\"MsoNormal\"><span>Sobre a Fecom\u00e9rcio MG<\/span><span><\/span><\/p>\n<p><\/p>\n<p class=\"MsoNormal\"><span>A Federa\u00e7\u00e3o do Com\u00e9rcio de Bens, Servi\u00e7os e Turismo de Minas Gerais integra o Sistema Fecom\u00e9rcio MG, Sesc e Senac em Minas que tem como presidente o empres\u00e1rio Nadim Donato. A Fecom\u00e9rcio MG \u00e9 a maior representante do setor terci\u00e1rio no estado, atuando em prol de mais de 740 mil empresas mineiras. Em conjunto com a Confedera\u00e7\u00e3o Nacional do Com\u00e9rcio (CNC), presidida por Jos\u00e9 Roberto Tadros, a Fecom\u00e9rcio MG atua junto \u00e0s esferas p\u00fablica e privada para defender os interesses do setor de Bens, Servi\u00e7os e Turismo a fim de requisitar melhores condi\u00e7\u00f5es tribut\u00e1rias, celebrar conven\u00e7\u00f5es coletivas de trabalho, disponibilizar benef\u00edcios visando o desenvolvimento do com\u00e9rcio no estado e muito mais. H\u00e1 86 anos fortalecendo e defendendo o setor, beneficiando e transformando a vida dos cidad\u00e3os.<\/span><\/p>\n<p><\/p>\n<p>\u00a0<\/p>","protected":false},"excerpt":{"rendered":"<p>FECOM\u00c9RCIO MG | Divulga\u00e7\u00e3o Pesquisa realizada pelo N\u00facleo de Intelig\u00eancia e Pesquisa da Fecom\u00e9rcio MG, realizada com 421 empresas de todas as regi\u00f5es do estado, entre os dias 02 e 09 de janeiro, apurou que 55,1% delas alcan\u00e7aram as expectativas de vendas para o segundo semestre de 2024 e 42,8% n\u00e3o alcan\u00e7aram. O desempenho positivo [&hellip;]<\/p>\n","protected":false},"author":0,"featured_media":28211,"comment_status":"open","ping_status":"open","sticky":false,"template":"","format":"standard","meta":{"rop_custom_images_group":[],"rop_custom_messages_group":[],"rop_publish_now":"initial","rop_publish_now_accounts":[],"rop_publish_now_history":[],"rop_publish_now_status":"pending","footnotes":""},"categories":[6745],"tags":[],"class_list":["post-28210","post","type-post","status-publish","format-standard","has-post-thumbnail","hentry","category-coluna-sindijori"],"_links":{"self":[{"href":"https:\/\/diariotribuna.com.br\/index.php?rest_route=\/wp\/v2\/posts\/28210"}],"collection":[{"href":"https:\/\/diariotribuna.com.br\/index.php?rest_route=\/wp\/v2\/posts"}],"about":[{"href":"https:\/\/diariotribuna.com.br\/index.php?rest_route=\/wp\/v2\/types\/post"}],"replies":[{"embeddable":true,"href":"https:\/\/diariotribuna.com.br\/index.php?rest_route=%2Fwp%2Fv2%2Fcomments&post=28210"}],"version-history":[{"count":0,"href":"https:\/\/diariotribuna.com.br\/index.php?rest_route=\/wp\/v2\/posts\/28210\/revisions"}],"wp:featuredmedia":[{"embeddable":true,"href":"https:\/\/diariotribuna.com.br\/index.php?rest_route=\/wp\/v2\/media\/28211"}],"wp:attachment":[{"href":"https:\/\/diariotribuna.com.br\/index.php?rest_route=%2Fwp%2Fv2%2Fmedia&parent=28210"}],"wp:term":[{"taxonomy":"category","embeddable":true,"href":"https:\/\/diariotribuna.com.br\/index.php?rest_route=%2Fwp%2Fv2%2Fcategories&post=28210"},{"taxonomy":"post_tag","embeddable":true,"href":"https:\/\/diariotribuna.com.br\/index.php?rest_route=%2Fwp%2Fv2%2Ftags&post=28210"}],"curies":[{"name":"wp","href":"https:\/\/api.w.org\/{rel}","templated":true}]}}