{"id":28212,"date":"2025-01-17T11:50:30","date_gmt":"2025-01-17T14:50:30","guid":{"rendered":"https:\/\/diariotribuna.com.br\/?p=28212"},"modified":"2025-01-17T11:50:30","modified_gmt":"2025-01-17T14:50:30","slug":"juiz-de-fora-e-a-quinta-em-desastres","status":"publish","type":"post","link":"https:\/\/diariotribuna.com.br\/?p=28212","title":{"rendered":"Juiz de Fora \u00e9 a quinta em desastres\u00a0"},"content":{"rendered":"<p><span>(Foto: Tribuna de Minas)<\/span><\/p>\n<p><strong><span>COLUNA MG<\/span><\/strong><br \/><span>Principais destaques dos jornais e portais integrantes da rede Sindijori MG <\/span><br \/><span><a href=\"http:\/\/www.sindijorimg.com.br\/\">www.sindijorimg.com.br<\/a><\/span><\/p>\n<p><strong><span>JF \u00e9 a quinta em desastres<\/span><\/strong><br \/><span>Juiz de Fora ocupa a quinta posi\u00e7\u00e3o no ranking de ocorr\u00eancias de desastres registradas em 2024 pelo Centro Nacional de Monitoramento e Alertas de Desastres Naturais (Cemaden), unidade de pesquisa vinculada ao Minist\u00e9rio da Ci\u00eancia, Tecnologia e Inova\u00e7\u00e3o (MCTI). A cidade registrou metade do n\u00famero de ocorr\u00eancias contabilizado na cidade de Petr\u00f3polis, no Rio de Janeiro, que lidera a lista. Foram dez casos de risco geol\u00f3gico, como deslizamento de terra, e 12 epis\u00f3dios associados a risco hidrol\u00f3gico, como enxurradas e transbordamentos de rios e c\u00f3rregos, totalizando 22 notifica\u00e7\u00f5es. (Tribuna de Minas \u2013 Juiz de Fora)<\/span><br \/><span><a href=\"https:\/\/tribunademinas.com.br\/especiais\/biosfera\/17-01-2025\/deslizamentos-inundacoes-juiz-de-fora.html\">https:\/\/tribunademinas.com.br\/especiais\/biosfera\/17-01-2025\/deslizamentos-inundacoes-juiz-de-fora.html<\/a><\/span><\/p>\n<p><strong><span>Uberaba recebe etapa de Beach Tennis <\/span><\/strong><br \/><span>Uberaba est\u00e1 recebendo jogos do Mundial de Beach Tennis. O evento, al\u00e9m de colocar a cidade no calend\u00e1rio da modalidade esportiva, tamb\u00e9m \u00e9 uma oportunidade de apresentar Uberaba aos turistas que porventura visitem a cidade pelos jogos.O Mundial come\u00e7ou na quinta-feira (16) e se estender\u00e1 at\u00e9 domingo, dia 19, na Arena Jo\u00e3o Menezes. S\u00e3o mais de 700 atletas profissionais e amadores mobilizados para a competi\u00e7\u00e3o e para as disputas. (Jornal da Manh\u00e3 \u2013 Uberaba)<\/span><br \/><span><a href=\"https:\/\/jmonline.com.br\/cidade\/uberaba-recebe-etapa-do-mundial-de-beach-tennis-e-jo-o-meneses-joga-nesta-sexta-feira-17-1.464318\">https:\/\/jmonline.com.br\/cidade\/uberaba-recebe-etapa-do-mundial-de-beach-tennis-e-jo-o-meneses-joga-nesta-sexta-feira-17-1.464318<\/a><\/span><\/p>\n<p><strong><span>A\u00e7\u00f5es retornam de importante esp\u00e9cie <\/span><\/strong><br \/><span>A\u00e7\u00f5es de recupera\u00e7\u00e3o ambiental no Monumento Natural Estadual Lapa Nova de Vazante, realizadas pelo Instituto Estadual de Florestas (IEF), est\u00e3o favorecendo o retorno da anta \u00e0 \u00e1rea, ap\u00f3s a implementa\u00e7\u00e3o de medidas como o cercamento de nascentes, reflorestamento e conserva\u00e7\u00e3o de \u00e1reas degradadas. Essas iniciativas contribuem para a regenera\u00e7\u00e3o florestal e o aumento da biodiversidade local, j\u00e1 que as antas desempenham um papel importante na dispers\u00e3o de sementes. O Monumento tamb\u00e9m recebe investimentos para melhorar a infraestrutura de ecoturismo e preservar o patrim\u00f4nio natural. (Gazeta Norte Mineira \u2013 Montes Claros)<\/span><br \/><span><a href=\"https:\/\/gazetanm.com.br\/pesquisadores-encontram-novo-genero-de-planta-no-norte-de-minas\/\">https:\/\/gazetanm.com.br\/pesquisadores-encontram-novo-genero-de-planta-no-norte-de-minas\/<\/a><\/span><\/p>\n<p><strong><span>Sincom\u00e9rcio\u00a0 disponibiliza capacita\u00e7\u00e3o <\/span><\/strong><br \/><span>O Sindicato do Com\u00e9rcio Varejista de Divin\u00f3polis (Sincom\u00e9rcio), em parceria com o Senac, est\u00e1 oferecendo um curso gratuito de capacita\u00e7\u00e3o para vendedores do com\u00e9rcio, focado em &#8220;Qualidade no Atendimento ao Cliente&#8221;. S\u00e3o oferecidas 20 vagas, com requisito de ser maior de 16 anos. A capacita\u00e7\u00e3o visa aprimorar a qualidade do atendimento, essencial para a satisfa\u00e7\u00e3o e fideliza\u00e7\u00e3o dos clientes, contribuindo para o sucesso das empresas no mercado competitivo. O curso ser\u00e1 ministrado no Senac de Divin\u00f3polis. (Portal G37 de Not\u00edcias \u2013 Divin\u00f3polis)<\/span><br \/><span><a href=\"https:\/\/g37.com.br\/divinopolis\/sincomercio-e-senac-disponibilizam-capacitacao-gratuita-para-atendimento-no-comercio-varejista\/\">https:\/\/g37.com.br\/divinopolis\/sincomercio-e-senac-disponibilizam-capacitacao-gratuita-para-atendimento-no-comercio-varejista\/<\/a><\/span><\/p>\n<p><strong><span>Defesa Civil avalia danos das chuvas<\/span><\/strong><br \/><span>A Defesa Civil de Minas Gerais chegou a Divin\u00f3polis em 16 de janeiro para avaliar os danos causados pelas chuvas recentes e oferecer apoio humanit\u00e1rio \u00e0 cidade. A a\u00e7\u00e3o foi solicitada pela Prefeitura, que pediu ajuda para identificar as \u00e1reas mais afetadas e planejar a reconstru\u00e7\u00e3o da infraestrutura p\u00fablica danificada, como escolas, unidades de sa\u00fade e CRAS. T\u00e9cnicos da Defesa Civil, acompanhados por autoridades locais, visitaram os pontos cr\u00edticos para propor solu\u00e7\u00f5es r\u00e1pidas. O Governo de Minas Gerais garantiu recursos financeiros e suporte t\u00e9cnico para a recupera\u00e7\u00e3o. (Portal Gerais \u2013 Divin\u00f3polis)<\/span><br \/><span><a href=\"https:\/\/portalgerais.com\/defesa-civil-de-minas-gerais-chega-a-divinopolis-para-avaliar-danos-das-chuvas\/\">https:\/\/portalgerais.com\/defesa-civil-de-minas-gerais-chega-a-divinopolis-para-avaliar-danos-das-chuvas\/<\/a><\/span><\/p>\n<p><strong><span>Sul de Minas aposta no cultivo de ma\u00e7\u00e3<\/span><\/strong><br \/><span>No Sul de Minas, tradicionalmente conhecido pela produ\u00e7\u00e3o de caf\u00e9, o cultivo de ma\u00e7\u00e3 est\u00e1 ganhando destaque como uma estrat\u00e9gia para diversificar a produ\u00e7\u00e3o agr\u00edcola e gerar novas fontes de renda para os agricultores. A iniciativa da Empresa de Assist\u00eancia T\u00e9cnica e Extens\u00e3o Rural de Minas Gerais (Emater-MG) j\u00e1 colheu resultados promissores, com a primeira safra totalizando 30 toneladas. Cidades como Alfenas, Guaxup\u00e9 e Monte Santo de Minas participaram do projeto, que envolveu o plantio de variedades de ma\u00e7\u00e3 adaptadas ao clima local, como as cultivares Eva e Princesa. (Gazeta de Varginha)<\/span><br \/><span><a href=\"https:\/\/www.gazetadevarginha.com.br\/post\/sul-de-minas-aposta-no-cultivo-de-maca\">https:\/\/www.gazetadevarginha.com.br\/post\/sul-de-minas-aposta-no-cultivo-de-maca<\/a><\/span><\/p>\n<p><strong><span>Sete Lagos homenageia Zacarias<\/span><\/strong><br \/><span>No dia 18 de janeiro, o Brasil relembra o anivers\u00e1rio de Mauro Faccio Gon\u00e7alves, eternizado como Zacarias, um dos humoristas mais queridos e talentosos do pa\u00eds. Nascido em 1934, em Sete Lagoas, conquistou o cora\u00e7\u00e3o do p\u00fablico com sua do\u00e7ura, humor \u00fanico e jeito inconfund\u00edvel de levar alegria a todas as idades. Zacarias iniciou sua carreira na r\u00e1dio Cultura de Sete Lagoas. Por\u00e9m, foi em 1974 que ele ganhou notoriedade nacional ao integrar o elenco do programa Os Trapalh\u00f5es, ao lado de Renato Arag\u00e3o, Ded\u00e9 Santana e Mussum. Seu humor ing\u00eanuo e carism\u00e1tico logo se tornou sua marca registradae sua mem\u00f3ria est\u00e1 sendo celebrada em Sete Lagos. (Sete Dias \u2013 Sete Lagoa)<\/span><br \/><span><a href=\"http:\/\/www.setedias.com.br\/\">www.setedias.com.br<\/a><\/span><\/p>\n\n<p>\u00a0<\/p>","protected":false},"excerpt":{"rendered":"<p>(Foto: Tribuna de Minas) COLUNA MGPrincipais destaques dos jornais e portais integrantes da rede Sindijori MG www.sindijorimg.com.br JF \u00e9 a quinta em desastresJuiz de Fora ocupa a quinta posi\u00e7\u00e3o no ranking de ocorr\u00eancias de desastres registradas em 2024 pelo Centro Nacional de Monitoramento e Alertas de Desastres Naturais (Cemaden), unidade de pesquisa vinculada ao Minist\u00e9rio [&hellip;]<\/p>\n","protected":false},"author":0,"featured_media":28213,"comment_status":"open","ping_status":"open","sticky":false,"template":"","format":"standard","meta":{"rop_custom_images_group":[],"rop_custom_messages_group":[],"rop_publish_now":"initial","rop_publish_now_accounts":[],"rop_publish_now_history":[],"rop_publish_now_status":"pending","footnotes":""},"categories":[6745],"tags":[],"class_list":["post-28212","post","type-post","status-publish","format-standard","has-post-thumbnail","hentry","category-coluna-sindijori"],"_links":{"self":[{"href":"https:\/\/diariotribuna.com.br\/index.php?rest_route=\/wp\/v2\/posts\/28212"}],"collection":[{"href":"https:\/\/diariotribuna.com.br\/index.php?rest_route=\/wp\/v2\/posts"}],"about":[{"href":"https:\/\/diariotribuna.com.br\/index.php?rest_route=\/wp\/v2\/types\/post"}],"replies":[{"embeddable":true,"href":"https:\/\/diariotribuna.com.br\/index.php?rest_route=%2Fwp%2Fv2%2Fcomments&post=28212"}],"version-history":[{"count":0,"href":"https:\/\/diariotribuna.com.br\/index.php?rest_route=\/wp\/v2\/posts\/28212\/revisions"}],"wp:featuredmedia":[{"embeddable":true,"href":"https:\/\/diariotribuna.com.br\/index.php?rest_route=\/wp\/v2\/media\/28213"}],"wp:attachment":[{"href":"https:\/\/diariotribuna.com.br\/index.php?rest_route=%2Fwp%2Fv2%2Fmedia&parent=28212"}],"wp:term":[{"taxonomy":"category","embeddable":true,"href":"https:\/\/diariotribuna.com.br\/index.php?rest_route=%2Fwp%2Fv2%2Fcategories&post=28212"},{"taxonomy":"post_tag","embeddable":true,"href":"https:\/\/diariotribuna.com.br\/index.php?rest_route=%2Fwp%2Fv2%2Ftags&post=28212"}],"curies":[{"name":"wp","href":"https:\/\/api.w.org\/{rel}","templated":true}]}}