{"id":28224,"date":"2025-01-18T10:28:04","date_gmt":"2025-01-18T13:28:04","guid":{"rendered":"https:\/\/diariotribuna.com.br\/?p=28224"},"modified":"2025-01-18T10:28:04","modified_gmt":"2025-01-18T13:28:04","slug":"aena-investira-650-milhoes-em-aeroportos","status":"publish","type":"post","link":"https:\/\/diariotribuna.com.br\/?p=28224","title":{"rendered":"Aena investir\u00e1 650 milh\u00f5es em aeroportos\u00a0"},"content":{"rendered":"<p><span>Foto: Beto Oliveira \/ Aena Brasil<\/span><\/p>\n<p><strong><span>COLUNA MG<\/span><\/strong><br \/><span>Principais destaques dos jornais e portais integrantes da rede Sindijori MG <\/span><br \/><span><a href=\"http:\/\/www.sindijorimg.com.br\/\">www.sindijorimg.com.br<\/a><\/span><\/p>\n<p><strong><span>Aena investir\u00e1 em aeroportos<\/span><\/strong><br \/><span>Os aeroportos administrados pela Aena Brasil em Uberaba e Uberl\u00e2ndia, no Tri\u00e2ngulo Mineiro, e em Montes Claros, no Norte de Minas Gerais, movimentaram quase 1,5 milh\u00e3o de passageiros em 2024. Foram mais de 38,3 mil pousos e decolagens nos tr\u00eas aeroportos, que registraram resultados distintos para a operadora. A empresa mant\u00e9m a previs\u00e3o de investimento anunciada para os tr\u00eas aer\u00f3dromos at\u00e9 2026, da ordem R$ 650 milh\u00f5es, disse o diretor de Rela\u00e7\u00f5es Internacionais e Comunica\u00e7\u00e3o da empresa, Marcelo Bento. Ser\u00e3o aportes de R$ 300 milh\u00f5es destinados para obras em Uberl\u00e2ndia, R$ 200 milh\u00f5es em Montes Claros, e R$ 150 milh\u00f5es em Uberaba. (Di\u00e1rio do Com\u00e9rcio \u2013 Belo Horizonte)<\/span><br \/><span><a href=\"https:\/\/diariodocomercio.com.br\/economia\/movimentacoes-distintas-aeroportos-aena-minas-gerais\/\">https:\/\/diariodocomercio.com.br\/economia\/movimentacoes-distintas-aeroportos-aena-minas-gerais\/<\/a><\/span><\/p>\n<p><strong><span>Al\u00e9m Para\u00edba sem desfiles<\/span><\/strong><br \/><span>Em uma reuni\u00e3o realizada na \u00faltima sexta-feira, 10 de janeiro, as escolas de samba de Al\u00e9m Para\u00edba decidiram n\u00e3o desfilar nos Festejos de Momo deste ano de 2025. As agremia\u00e7\u00f5es apontaram a \u201csitua\u00e7\u00e3o financeira\u201d como o principal motivo para a suspens\u00e3o dos tradicionais desfiles que acontecem na Ilha do Lazareto. Segundo os dirigentes, o ano de 2025 ser\u00e1 dedicado \u00e0 realiza\u00e7\u00e3o de eventos e campanhas para arrecada\u00e7\u00e3o de fundos, visando um retorno robusto e digno do carnaval de Al\u00e9m Para\u00edba. Apesar do cancelamento dos desfiles, acredita-se que o carnaval na cidade ser\u00e1 marcado por blocos de rua. (Al\u00e9m Parahyba)<\/span><br \/><span><a href=\"https:\/\/www.jornalalemparahyba.com.br\/2025\/01\/alem-paraiba-nao-tera-desfile-de-escolas-de-samba-neste-carnaval\/\">https:\/\/www.jornalalemparahyba.com.br\/2025\/01\/alem-paraiba-nao-tera-desfile-de-escolas-de-samba-neste-carnaval\/<\/a><\/span><\/p>\n<p><strong><span>Governo planeja entrega de conjuntos habitacionais<\/span><\/strong><br \/><span>O Governo Federal anunciou a entrega de dois conjuntos habitacionais em Ipatinga prevista para julho de 2025, al\u00e9m de um novo projeto do programa Minha Casa Minha Vida voltado para a reconstru\u00e7\u00e3o de moradias destru\u00eddas por desastres naturais, como as chuvas recentes que devastaram a cidade. Durante uma reuni\u00e3o virtual, autoridades reafirmaram a urg\u00eancia em atender as fam\u00edlias afetadas, com foco na recupera\u00e7\u00e3o e amplia\u00e7\u00e3o do acesso \u00e0 moradia. (Jornal dos Vales \u2013 Ipatinga)<\/span><br \/><span><a href=\"https:\/\/jornaldosvales.com.br\/noticia\/51946\/apos-articulacao-da-deputada-rosangela-reis-governo-federal-planeja-entrega-de-conjuntos-habitacionais-em-ipatinga\">https:\/\/jornaldosvales.com.br\/noticia\/51946\/apos-articulacao-da-deputada-rosangela-reis-governo-federal-planeja-entrega-de-conjuntos-habitacionais-em-ipatinga<\/a><\/span><\/p>\n<p><strong><span>Alunos UFU vencem na Nasa<\/span><\/strong><br \/><span>Os alunos da Universidade Federal de Uberl\u00e2ndia (UFU) venceram o pr\u00eamio de &#8220;Melhor Uso da Tecnologia&#8221; durante o hackathon (maratona de programa\u00e7\u00e3o) da Nasa Space Apps Challenge. Na competi\u00e7\u00e3o, equipes multidisciplinares precisavam criar solu\u00e7\u00f5es para desafios formulados pela Administra\u00e7\u00e3o Nacional da Aeron\u00e1utica e Espa\u00e7o (Nasa) Nasa em busca de respostas para problemas existentes na Terra e no espa\u00e7o. Ao todo, o evento contou com 93.520 participantes do mundo todo. (Di\u00e1rio de Uberl\u00e2ndia)<\/span><br \/><span><a href=\"https:\/\/diariodeuberlandia.com.br\/noticia\/37317\/alunos-da-ufu-vencem-competicao-internacional-da-nasa\">https:\/\/diariodeuberlandia.com.br\/noticia\/37317\/alunos-da-ufu-vencem-competicao-internacional-da-nasa<\/a><\/span><\/p>\n<p><strong><span>Cinema abre calend\u00e1rio de Tiradentes<\/span><\/strong><br \/><span>Entre os dias 24 de janeiro e 1\u00ba de fevereiro ser\u00e1 realizada a 28\u00aa Mostra de Cinema de Tiradentes, na regi\u00e3o Central do Estado, que abre o calend\u00e1rio audiovisual de 2025. Com programa\u00e7\u00e3o totalmente gratuita, em formato on-line e presencial, o evento apresenta, exibe e debate o que h\u00e1 de mais inovador e promissor na produ\u00e7\u00e3o audiovisual brasileira, em pr\u00e9-estreias mundiais e nacionais. A Mostra oferece um espa\u00e7o de forma\u00e7\u00e3o, apreens\u00e3o e discuss\u00e3o do cinema brasileiro, realiza a Mostrinha de Cinema, Mostra Valores, promove o 28\u00ba Semin\u00e1rio do Cinema Brasileiro, o 3\u00ba F\u00f3rum de Tiradentes, Rodas de Conversa, Programa de Forma\u00e7\u00e3o e outros (Edi\u00e7\u00e3o do Brasil \u2013 Belo Horizonte)<\/span><br \/><span><a href=\"https:\/\/edicaodobrasil.com.br\/2025\/01\/17\/28a-mostra-de-cinema-de-tiradentes-abre-o-calendario-audiovisual-de-2025\/\">https:\/\/edicaodobrasil.com.br\/2025\/01\/17\/28a-mostra-de-cinema-de-tiradentes-abre-o-calendario-audiovisual-de-2025\/<\/a><\/span><\/p>\n<p><strong><span>Te\u00f3filo Otoni re\u00fane secret\u00e1rios <\/span><\/strong><br \/><span>O Secret\u00e1rio Municipal de Sa\u00fade de Te\u00f3filo Otoni, Dr. C\u00edcero Santana recebeu, na quarta-feira, 15 de janeiro, demais secret\u00e1rios de sa\u00fade da regi\u00e3o, e destaca que o Governo Marinho est\u00e1 agora fazendo essa aproxima\u00e7\u00e3o dos secret\u00e1rios, por entender que Te\u00f3filo Otoni tem que ser realmente uma cidade polo em sede de macro, para absorver toda a demanda em sa\u00fade. O encontro tamb\u00e9m foi oportuno para que todos os secret\u00e1rios se conhecessem, e Te\u00f3filo Otoni deu as boas-vindas a eles. (Di\u00e1rio Tribuna \u2013 Te\u00f3filo Otoni)<\/span><br \/><span><a href=\"https:\/\/diariotribuna.com.br\/?p=28200\">https:\/\/diariotribuna.com.br\/?p=28200<\/a><\/span><\/p>\n<p><span><\/span><\/p>\n<p>\u00a0<\/p>","protected":false},"excerpt":{"rendered":"<p>Foto: Beto Oliveira \/ Aena Brasil COLUNA MGPrincipais destaques dos jornais e portais integrantes da rede Sindijori MG www.sindijorimg.com.br Aena investir\u00e1 em aeroportosOs aeroportos administrados pela Aena Brasil em Uberaba e Uberl\u00e2ndia, no Tri\u00e2ngulo Mineiro, e em Montes Claros, no Norte de Minas Gerais, movimentaram quase 1,5 milh\u00e3o de passageiros em 2024. Foram mais de [&hellip;]<\/p>\n","protected":false},"author":0,"featured_media":28225,"comment_status":"open","ping_status":"open","sticky":false,"template":"","format":"standard","meta":{"rop_custom_images_group":[],"rop_custom_messages_group":[],"rop_publish_now":"initial","rop_publish_now_accounts":[],"rop_publish_now_history":[],"rop_publish_now_status":"pending","footnotes":""},"categories":[6745],"tags":[],"class_list":["post-28224","post","type-post","status-publish","format-standard","has-post-thumbnail","hentry","category-coluna-sindijori"],"_links":{"self":[{"href":"https:\/\/diariotribuna.com.br\/index.php?rest_route=\/wp\/v2\/posts\/28224"}],"collection":[{"href":"https:\/\/diariotribuna.com.br\/index.php?rest_route=\/wp\/v2\/posts"}],"about":[{"href":"https:\/\/diariotribuna.com.br\/index.php?rest_route=\/wp\/v2\/types\/post"}],"replies":[{"embeddable":true,"href":"https:\/\/diariotribuna.com.br\/index.php?rest_route=%2Fwp%2Fv2%2Fcomments&post=28224"}],"version-history":[{"count":0,"href":"https:\/\/diariotribuna.com.br\/index.php?rest_route=\/wp\/v2\/posts\/28224\/revisions"}],"wp:featuredmedia":[{"embeddable":true,"href":"https:\/\/diariotribuna.com.br\/index.php?rest_route=\/wp\/v2\/media\/28225"}],"wp:attachment":[{"href":"https:\/\/diariotribuna.com.br\/index.php?rest_route=%2Fwp%2Fv2%2Fmedia&parent=28224"}],"wp:term":[{"taxonomy":"category","embeddable":true,"href":"https:\/\/diariotribuna.com.br\/index.php?rest_route=%2Fwp%2Fv2%2Fcategories&post=28224"},{"taxonomy":"post_tag","embeddable":true,"href":"https:\/\/diariotribuna.com.br\/index.php?rest_route=%2Fwp%2Fv2%2Ftags&post=28224"}],"curies":[{"name":"wp","href":"https:\/\/api.w.org\/{rel}","templated":true}]}}