{"id":28229,"date":"2025-01-19T09:30:09","date_gmt":"2025-01-19T12:30:09","guid":{"rendered":"https:\/\/diariotribuna.com.br\/?p=28229"},"modified":"2025-01-20T16:53:10","modified_gmt":"2025-01-20T19:53:10","slug":"seguranca-de-evento-e-morto-a-facadas-em-teofilo-otoni","status":"publish","type":"post","link":"https:\/\/diariotribuna.com.br\/?p=28229","title":{"rendered":"Seguran\u00e7a de evento \u00e9 morto a facadas em Te\u00f3filo Otoni"},"content":{"rendered":"\n<figure class=\"wp-block-image size-full is-resized\"><img loading=\"lazy\" decoding=\"async\" width=\"700\" height=\"477\" src=\"https:\/\/diariotribuna.com.br\/wp-content\/uploads\/2025\/01\/Imagem-do-WhatsApp-de-2025-01-19-as-09.25.00_23934bde.jpg\" alt=\"\" class=\"wp-image-28230\" style=\"width:440px;height:auto\" srcset=\"https:\/\/diariotribuna.com.br\/wp-content\/uploads\/2025\/01\/Imagem-do-WhatsApp-de-2025-01-19-as-09.25.00_23934bde.jpg 700w, https:\/\/diariotribuna.com.br\/wp-content\/uploads\/2025\/01\/Imagem-do-WhatsApp-de-2025-01-19-as-09.25.00_23934bde-300x204.jpg 300w, https:\/\/diariotribuna.com.br\/wp-content\/uploads\/2025\/01\/Imagem-do-WhatsApp-de-2025-01-19-as-09.25.00_23934bde-218x150.jpg 218w, https:\/\/diariotribuna.com.br\/wp-content\/uploads\/2025\/01\/Imagem-do-WhatsApp-de-2025-01-19-as-09.25.00_23934bde-696x474.jpg 696w, https:\/\/diariotribuna.com.br\/wp-content\/uploads\/2025\/01\/Imagem-do-WhatsApp-de-2025-01-19-as-09.25.00_23934bde-616x420.jpg 616w\" sizes=\"(max-width: 700px) 100vw, 700px\" \/><figcaption class=\"wp-element-caption\"><strong>V\u00edtima, Fabiano dos Santos trabalhava como um dos seguran\u00e7as do evento <\/strong><\/figcaption><\/figure>\n\n\n\n<p>A Pol\u00edcia Militar foi acionada na madrugada deste domingo (19\/1), por volta das 3h30, a comparecer no Parque de Exposi\u00e7\u00f5es \u2013 Pampulhinha, onde teria ocorrido agress\u00e3o com uso de arma branca. Os militares e equipe do Samu foram ao local, foi observado que <strong>Fabiano dos Santos Oliveira, 39 anos<\/strong>, estava ca\u00eddo ao ch\u00e3o com bastante sangue ao redor, e uma enfermeira do Samu constatou que ele estava sem sinais vitais.<\/p>\n\n\n\n<p>Os militares isolaram o local e acionaram a per\u00edcia t\u00e9cnica da Pol\u00edcia Civil, que ap\u00f3s realizar os trabalhos de praxe, o corpo da v\u00edtima foi removido ao Instituto M\u00e9dico Legal (IML) para ser necropsiado. Uma testemunha, 56 anos, disse aos policiais que atuava como seguran\u00e7a na portaria do evento denominado \u201cPiseiro\u201d, em um bar dentro da Pampulhinha, quando a equipe de seguran\u00e7a precisou fazer interven\u00e7\u00e3o para vetar a reentrada de dois indiv\u00edduos no espa\u00e7o de festa.<\/p>\n\n\n\n<p>Os indiv\u00edduos teriam ficado insatisfeitos por terem sidos barrados, porque ao sair do espa\u00e7o de festa, teriam que pagar novamente para entrar, e isso teria ocasionado o atrito entre eles e os seguran\u00e7as. Posteriormente, os indiv\u00edduos teriam retornado, um deles portando uma faca na cintura, e novamente houve atrito com os seguran\u00e7as, evoluindo a agress\u00e3o, envolvendo o seguran\u00e7a Fabiano, que durante o atrito, foi esfaqueado.<\/p>\n\n\n\n<p>A testemunha disse que s\u00f3 percebeu o ocorrido ap\u00f3s os autores fugirem. Os militares foram informados das caracter\u00edsticas deles e tamb\u00e9m ouviram relatos de outras testemunhas. O produtor do evento disse que, logo que tomou conhecimento dos fatos, decidiu desligar o som e parar o evento, foi at\u00e9 a portaria e viu Fabiano ca\u00eddo ensanguentado. A Pol\u00edcia Civil vai investigar causas e circunst\u00e2ncias do crime.<\/p>\n","protected":false},"excerpt":{"rendered":"<p>A Pol\u00edcia Militar foi acionada na madrugada deste domingo (19\/1), por volta das 3h30, a comparecer no Parque de Exposi\u00e7\u00f5es \u2013 Pampulhinha, onde teria ocorrido agress\u00e3o com uso de arma branca. Os militares e equipe do Samu foram ao local, foi observado que Fabiano dos Santos Oliveira, 39 anos, estava ca\u00eddo ao ch\u00e3o com bastante [&hellip;]<\/p>\n","protected":false},"author":1,"featured_media":28230,"comment_status":"open","ping_status":"open","sticky":false,"template":"","format":"standard","meta":{"rop_custom_images_group":[],"rop_custom_messages_group":[],"rop_publish_now":"initial","rop_publish_now_accounts":[],"rop_publish_now_history":[],"rop_publish_now_status":"pending","footnotes":""},"categories":[20],"tags":[6930,5744,4606,107,6931,76,75],"class_list":["post-28229","post","type-post","status-publish","format-standard","has-post-thumbnail","hentry","category-policia","tag-fabiano-oliveira","tag-facadas","tag-festa","tag-homicidio","tag-pampunhinha","tag-policia-militar","tag-teofilo-otoni"],"_links":{"self":[{"href":"https:\/\/diariotribuna.com.br\/index.php?rest_route=\/wp\/v2\/posts\/28229"}],"collection":[{"href":"https:\/\/diariotribuna.com.br\/index.php?rest_route=\/wp\/v2\/posts"}],"about":[{"href":"https:\/\/diariotribuna.com.br\/index.php?rest_route=\/wp\/v2\/types\/post"}],"author":[{"embeddable":true,"href":"https:\/\/diariotribuna.com.br\/index.php?rest_route=\/wp\/v2\/users\/1"}],"replies":[{"embeddable":true,"href":"https:\/\/diariotribuna.com.br\/index.php?rest_route=%2Fwp%2Fv2%2Fcomments&post=28229"}],"version-history":[{"count":2,"href":"https:\/\/diariotribuna.com.br\/index.php?rest_route=\/wp\/v2\/posts\/28229\/revisions"}],"predecessor-version":[{"id":28232,"href":"https:\/\/diariotribuna.com.br\/index.php?rest_route=\/wp\/v2\/posts\/28229\/revisions\/28232"}],"wp:featuredmedia":[{"embeddable":true,"href":"https:\/\/diariotribuna.com.br\/index.php?rest_route=\/wp\/v2\/media\/28230"}],"wp:attachment":[{"href":"https:\/\/diariotribuna.com.br\/index.php?rest_route=%2Fwp%2Fv2%2Fmedia&parent=28229"}],"wp:term":[{"taxonomy":"category","embeddable":true,"href":"https:\/\/diariotribuna.com.br\/index.php?rest_route=%2Fwp%2Fv2%2Fcategories&post=28229"},{"taxonomy":"post_tag","embeddable":true,"href":"https:\/\/diariotribuna.com.br\/index.php?rest_route=%2Fwp%2Fv2%2Ftags&post=28229"}],"curies":[{"name":"wp","href":"https:\/\/api.w.org\/{rel}","templated":true}]}}