{"id":28233,"date":"2025-01-19T17:41:08","date_gmt":"2025-01-19T20:41:08","guid":{"rendered":"https:\/\/diariotribuna.com.br\/?p=28233"},"modified":"2025-01-19T17:41:09","modified_gmt":"2025-01-19T20:41:09","slug":"operacao-pmmg-250-anos-ferias-seguras-2025-em-aracuai","status":"publish","type":"post","link":"https:\/\/diariotribuna.com.br\/?p=28233","title":{"rendered":"Opera\u00e7\u00e3o \u201cPMMG 250 anos: F\u00e9rias Seguras 2025\u201d em Ara\u00e7ua\u00ed"},"content":{"rendered":"\n<figure class=\"wp-block-image size-full is-resized\"><img loading=\"lazy\" decoding=\"async\" width=\"700\" height=\"700\" src=\"https:\/\/diariotribuna.com.br\/wp-content\/uploads\/2025\/01\/Imagem-do-WhatsApp-de-2025-01-17-as-16.17.25_e1aab98c.jpg\" alt=\"\" class=\"wp-image-28234\" style=\"width:392px;height:auto\" srcset=\"https:\/\/diariotribuna.com.br\/wp-content\/uploads\/2025\/01\/Imagem-do-WhatsApp-de-2025-01-17-as-16.17.25_e1aab98c.jpg 700w, https:\/\/diariotribuna.com.br\/wp-content\/uploads\/2025\/01\/Imagem-do-WhatsApp-de-2025-01-17-as-16.17.25_e1aab98c-300x300.jpg 300w, https:\/\/diariotribuna.com.br\/wp-content\/uploads\/2025\/01\/Imagem-do-WhatsApp-de-2025-01-17-as-16.17.25_e1aab98c-150x150.jpg 150w, https:\/\/diariotribuna.com.br\/wp-content\/uploads\/2025\/01\/Imagem-do-WhatsApp-de-2025-01-17-as-16.17.25_e1aab98c-696x696.jpg 696w, https:\/\/diariotribuna.com.br\/wp-content\/uploads\/2025\/01\/Imagem-do-WhatsApp-de-2025-01-17-as-16.17.25_e1aab98c-420x420.jpg 420w\" sizes=\"(max-width: 700px) 100vw, 700px\" \/><\/figure>\n\n\n\n<p>No per\u00edodo de 2 a 31 de janeiro de 2025, o 70\u00ba Batalh\u00e3o da Pol\u00edcia Militar realiza a opera\u00e7\u00e3o \u201cPMMG 250 Anos: F\u00e9rias Seguras 2025\u201d, abrangendo nove munic\u00edpios sob sua jurisdi\u00e7\u00e3o. A a\u00e7\u00e3o integra o calend\u00e1rio de comemora\u00e7\u00f5es pelos 250 anos da PMMG e busca garantir a tranquilidade durante o per\u00edodo de f\u00e9rias escolares, caracterizado por maior fluxo de pessoas e ve\u00edculos.<\/p>\n\n\n\n<p>Com foco em prevenir e coibir a pr\u00e1tica de crimes, principalmente contra o patrim\u00f4nio, a opera\u00e7\u00e3o adota estrat\u00e9gias de policiamento ostensivo para minimizar furtos a resid\u00eancias e escolas, al\u00e9m de reduzir acidentes em rodovias estaduais e federais delegadas. Outras frentes incluem a fiscaliza\u00e7\u00e3o de infra\u00e7\u00f5es ambientais em locais tur\u00edsticos como balne\u00e1rios, represas e parques, \u00e1reas que tradicionalmente recebem grande n\u00famero de visitantes nessa \u00e9poca do ano.<\/p>\n\n\n\n<p>O diagn\u00f3stico para o m\u00eas de janeiro aponta aumento no fluxo tur\u00edstico e no tr\u00e2nsito nas estradas, al\u00e9m de situa\u00e7\u00f5es como casas fechadas por viagens e institui\u00e7\u00f5es de ensino parcialmente inativas, fatores que podem facilitar a atua\u00e7\u00e3o de infratores. Frente a esse cen\u00e1rio, a PMMG mobiliza seu efetivo para atuar de maneira preventiva, garantindo maior seguran\u00e7a para a popula\u00e7\u00e3o e turistas.<\/p>\n\n\n\n<p>Na sexta-feira (17\/1), a opera\u00e7\u00e3o contabilizou resultados importantes, incluindo a apreens\u00e3o de dois ve\u00edculos e a lavratura de tr\u00eas autos de infra\u00e7\u00e3o de tr\u00e2nsito (AITs), refor\u00e7ando o compromisso da PMMG com a seguran\u00e7a p\u00fablica. A corpora\u00e7\u00e3o segue vigilante para assegurar que as f\u00e9rias de 2025 sejam marcadas por seguran\u00e7a e tranquilidade nos munic\u00edpios sob sua responsabilidade. (Informa\u00e7\u00f5es\/Fotos: assessoria de comunica\u00e7\u00e3o\/ 70\u00ba BPM\/ Ara\u00e7ua\u00ed).<\/p>\n","protected":false},"excerpt":{"rendered":"<p>No per\u00edodo de 2 a 31 de janeiro de 2025, o 70\u00ba Batalh\u00e3o da Pol\u00edcia Militar realiza a opera\u00e7\u00e3o \u201cPMMG 250 Anos: F\u00e9rias Seguras 2025\u201d, abrangendo nove munic\u00edpios sob sua jurisdi\u00e7\u00e3o. A a\u00e7\u00e3o integra o calend\u00e1rio de comemora\u00e7\u00f5es pelos 250 anos da PMMG e busca garantir a tranquilidade durante o per\u00edodo de f\u00e9rias escolares, caracterizado [&hellip;]<\/p>\n","protected":false},"author":1,"featured_media":28234,"comment_status":"open","ping_status":"open","sticky":false,"template":"","format":"standard","meta":{"rop_custom_images_group":[],"rop_custom_messages_group":[],"rop_publish_now":"initial","rop_publish_now_accounts":[],"rop_publish_now_history":[],"rop_publish_now_status":"pending","footnotes":""},"categories":[25,20],"tags":[],"class_list":["post-28233","post","type-post","status-publish","format-standard","has-post-thumbnail","hentry","category-destaque","category-policia"],"_links":{"self":[{"href":"https:\/\/diariotribuna.com.br\/index.php?rest_route=\/wp\/v2\/posts\/28233"}],"collection":[{"href":"https:\/\/diariotribuna.com.br\/index.php?rest_route=\/wp\/v2\/posts"}],"about":[{"href":"https:\/\/diariotribuna.com.br\/index.php?rest_route=\/wp\/v2\/types\/post"}],"author":[{"embeddable":true,"href":"https:\/\/diariotribuna.com.br\/index.php?rest_route=\/wp\/v2\/users\/1"}],"replies":[{"embeddable":true,"href":"https:\/\/diariotribuna.com.br\/index.php?rest_route=%2Fwp%2Fv2%2Fcomments&post=28233"}],"version-history":[{"count":1,"href":"https:\/\/diariotribuna.com.br\/index.php?rest_route=\/wp\/v2\/posts\/28233\/revisions"}],"predecessor-version":[{"id":28235,"href":"https:\/\/diariotribuna.com.br\/index.php?rest_route=\/wp\/v2\/posts\/28233\/revisions\/28235"}],"wp:featuredmedia":[{"embeddable":true,"href":"https:\/\/diariotribuna.com.br\/index.php?rest_route=\/wp\/v2\/media\/28234"}],"wp:attachment":[{"href":"https:\/\/diariotribuna.com.br\/index.php?rest_route=%2Fwp%2Fv2%2Fmedia&parent=28233"}],"wp:term":[{"taxonomy":"category","embeddable":true,"href":"https:\/\/diariotribuna.com.br\/index.php?rest_route=%2Fwp%2Fv2%2Fcategories&post=28233"},{"taxonomy":"post_tag","embeddable":true,"href":"https:\/\/diariotribuna.com.br\/index.php?rest_route=%2Fwp%2Fv2%2Ftags&post=28233"}],"curies":[{"name":"wp","href":"https:\/\/api.w.org\/{rel}","templated":true}]}}