{"id":28238,"date":"2025-01-20T12:12:02","date_gmt":"2025-01-20T15:12:02","guid":{"rendered":"https:\/\/diariotribuna.com.br\/?p=28238"},"modified":"2025-01-21T17:18:55","modified_gmt":"2025-01-21T20:18:55","slug":"diario-tribuna-20-de-janeiro-de-2025-teofilo-otoni-mg","status":"publish","type":"post","link":"https:\/\/diariotribuna.com.br\/?p=28238","title":{"rendered":"Di\u00e1rio Tribuna, 20 de Janeiro de 2025, Te\u00f3filo Otoni &#8211; MG"},"content":{"rendered":"\n<figure class=\"wp-block-image size-full is-resized\"><img loading=\"lazy\" decoding=\"async\" width=\"685\" height=\"975\" src=\"https:\/\/diariotribuna.com.br\/wp-content\/uploads\/2025\/01\/Imagem-do-WhatsApp-de-2025-01-20-as-12.02.40_80497845.jpg\" alt=\"\" class=\"wp-image-28240\" style=\"width:415px;height:auto\" srcset=\"https:\/\/diariotribuna.com.br\/wp-content\/uploads\/2025\/01\/Imagem-do-WhatsApp-de-2025-01-20-as-12.02.40_80497845.jpg 685w, https:\/\/diariotribuna.com.br\/wp-content\/uploads\/2025\/01\/Imagem-do-WhatsApp-de-2025-01-20-as-12.02.40_80497845-211x300.jpg 211w, https:\/\/diariotribuna.com.br\/wp-content\/uploads\/2025\/01\/Imagem-do-WhatsApp-de-2025-01-20-as-12.02.40_80497845-295x420.jpg 295w\" sizes=\"(max-width: 685px) 100vw, 685px\" \/><\/figure>\n\n\n\n<h2 class=\"wp-block-heading\"><strong><mark style=\"background-color:#ffffff\" class=\"has-inline-color has-vivid-red-color\">Acesse o link abaixo e veja a edi\u00e7\u00e3o completa do Di\u00e1rio Tribuna desta segunda-feira (20\/1\/2025)<\/mark><\/strong><\/h2>\n\n\n\n<h2 class=\"wp-block-heading\"><a href=\"https:\/\/diariotribuna.com.br\/wp-content\/uploads\/2025\/01\/DIARIO-TRIBUNA-55-ANOS-20-JANEIRO-2025.pdf\"><strong><mark style=\"background-color:#ffffff\" class=\"has-inline-color has-vivid-red-color\">https:\/\/diariotribuna.com.br\/wp-content\/uploads\/2025\/01\/DIARIO-TRIBUNA-55-ANOS-20-JANEIRO-2025.pdf<\/mark><\/strong><\/a><\/h2>\n","protected":false},"excerpt":{"rendered":"<p>Acesse o link abaixo e veja a edi\u00e7\u00e3o completa do Di\u00e1rio Tribuna desta segunda-feira (20\/1\/2025) https:\/\/diariotribuna.com.br\/wp-content\/uploads\/2025\/01\/DIARIO-TRIBUNA-55-ANOS-20-JANEIRO-2025.pdf<\/p>\n","protected":false},"author":1,"featured_media":28240,"comment_status":"open","ping_status":"open","sticky":false,"template":"","format":"standard","meta":{"rop_custom_images_group":[],"rop_custom_messages_group":[],"rop_publish_now":"initial","rop_publish_now_accounts":[],"rop_publish_now_history":[],"rop_publish_now_status":"pending","footnotes":""},"categories":[17,23],"tags":[6932,42,1010,75,867],"class_list":["post-28238","post","type-post","status-publish","format-standard","has-post-thumbnail","hentry","category-teofilootoni","category-ultimaedicao","tag-20-1-25","tag-diario-tribuna","tag-nordeste-mineiro","tag-teofilo-otoni","tag-vale-do-mucuri"],"_links":{"self":[{"href":"https:\/\/diariotribuna.com.br\/index.php?rest_route=\/wp\/v2\/posts\/28238"}],"collection":[{"href":"https:\/\/diariotribuna.com.br\/index.php?rest_route=\/wp\/v2\/posts"}],"about":[{"href":"https:\/\/diariotribuna.com.br\/index.php?rest_route=\/wp\/v2\/types\/post"}],"author":[{"embeddable":true,"href":"https:\/\/diariotribuna.com.br\/index.php?rest_route=\/wp\/v2\/users\/1"}],"replies":[{"embeddable":true,"href":"https:\/\/diariotribuna.com.br\/index.php?rest_route=%2Fwp%2Fv2%2Fcomments&post=28238"}],"version-history":[{"count":2,"href":"https:\/\/diariotribuna.com.br\/index.php?rest_route=\/wp\/v2\/posts\/28238\/revisions"}],"predecessor-version":[{"id":28243,"href":"https:\/\/diariotribuna.com.br\/index.php?rest_route=\/wp\/v2\/posts\/28238\/revisions\/28243"}],"wp:featuredmedia":[{"embeddable":true,"href":"https:\/\/diariotribuna.com.br\/index.php?rest_route=\/wp\/v2\/media\/28240"}],"wp:attachment":[{"href":"https:\/\/diariotribuna.com.br\/index.php?rest_route=%2Fwp%2Fv2%2Fmedia&parent=28238"}],"wp:term":[{"taxonomy":"category","embeddable":true,"href":"https:\/\/diariotribuna.com.br\/index.php?rest_route=%2Fwp%2Fv2%2Fcategories&post=28238"},{"taxonomy":"post_tag","embeddable":true,"href":"https:\/\/diariotribuna.com.br\/index.php?rest_route=%2Fwp%2Fv2%2Ftags&post=28238"}],"curies":[{"name":"wp","href":"https:\/\/api.w.org\/{rel}","templated":true}]}}