{"id":28244,"date":"2025-01-20T11:26:43","date_gmt":"2025-01-20T14:26:43","guid":{"rendered":"https:\/\/diariotribuna.com.br\/?p=28244"},"modified":"2025-01-20T11:26:43","modified_gmt":"2025-01-20T14:26:43","slug":"timoteo-suspende-licitacao-de-hospital","status":"publish","type":"post","link":"https:\/\/diariotribuna.com.br\/?p=28244","title":{"rendered":"Tim\u00f3teo suspende licita\u00e7\u00e3o de hospital\u00a0"},"content":{"rendered":"<p>Foto: Reprodu\u00e7\u00e3o JV<\/p>\n<p><strong><span>COLUNA MG<\/span><\/strong><br \/><span>Principais destaques dos jornais e portais integrantes da rede Sindijori MG <\/span><br \/><span><a href=\"http:\/\/www.sindijorimg.com.br\/\">www.sindijorimg.com.br<\/a><\/span><\/p>\n<p><strong><span>Tim\u00f3teo suspende licita\u00e7\u00e3o de hospital<\/span><\/strong><br \/><span>A Prefeitura Municipal de Tim\u00f3teo suspendeu, por tempo indeterminado, a Concorr\u00eancia P\u00fablica referente ao Processo Administrativo que tinha como objeto a gest\u00e3o do Hospital Municipal, ou seja, a concess\u00e3o de uso do im\u00f3vel localizado na Rua Jos\u00e9 J\u00falio Lage, s\/n, bairro Timirim, destinado \u00e0 presta\u00e7\u00e3o de servi\u00e7os ambulatoriais e hospitalares no Hospital e Maternidade de Tim\u00f3teo. A suspens\u00e3o ocorreu por &#8220;raz\u00f5es de conveni\u00eancia e oportunidade&#8221;, especialmente devido \u00e0 transi\u00e7\u00e3o de gest\u00e3o municipal. A medida busca permitir que a nova administra\u00e7\u00e3o avalie os processos em andamento, incluindo este procedimento licitat\u00f3rio. (Jornal dos Vales)<\/span><br \/><span><a href=\"https:\/\/www.jornaldosvales.com.br\/noticia\/51985\/prefeitura-de-timoteo-suspende-processo-licitatorio-para-gestao-do-hospital-municipal\">https:\/\/www.jornaldosvales.com.br\/noticia\/51985\/prefeitura-de-timoteo-suspende-processo-licitatorio-para-gestao-do-hospital-municipal<\/a><\/span><\/p>\n<p><strong><span>Cristiano Silva assume a Alago<\/span><\/strong><br \/><span>O prefeito de Capit\u00f3lio, Cristiano Silva, foi eleito por unanimidade presidente da Associa\u00e7\u00e3o dos Munic\u00edpios do Lago de Furnas (ALAGO) e do Cons\u00f3rcio Intermunicipal Multifinalit\u00e1rio dos Munic\u00edpios do Lago de Furnas (CIMLAGO) para o bi\u00eanio 2025-2026. A elei\u00e7\u00e3o ocorreu durante a Assembleia Geral Ordin\u00e1ria conjunta, realizada na sexta-feira, 17, , em Alfenas. Cristiano Silva, que anteriormente ocupava o cargo de vice-presidente das entidades, assume com o compromisso de fortalecer a representatividade dos munic\u00edpios do Lago de Furnas e promover o desenvolvimento sustent\u00e1vel da regi\u00e3o. Em sua gest\u00e3o, ter\u00e1 como vice-presidente o prefeito de Alfenas, F\u00e1bio Marques Flor\u00eancio (Tribuna \u2013 Formiga)<\/span><br \/><span><a href=\"https:\/\/tribunacentroeste.com.br\/noticias\/cristiano-silva-assume-a-presid-ncia-da-alago-e-cel-la-rcio-o-novo-secret-rio\">https:\/\/tribunacentroeste.com.br\/noticias\/cristiano-silva-assume-a-presid-ncia-da-alago-e-cel-la-rcio-o-novo-secret-rio<\/a><\/span><\/p>\n<p><strong><span>Acordo de Mariana ainda em impasse<\/span><\/strong><br \/><span>O rompimento da barragem da Samarco, em Mariana, completa mais de nove anos e ainda gera impasses sobre a repara\u00e7\u00e3o dos danos. O novo acordo de repactua\u00e7\u00e3o homologado pelo STF prop\u00f5e R$ 100 bilh\u00f5es em repara\u00e7\u00f5es, mas com desembolsos ao longo de 20 anos, o que gerou resist\u00eancia de munic\u00edpios e atingidos, que contestam os valores e condi\u00e7\u00f5es. Apenas 4 dos 49 munic\u00edpios aceitaram desistir da a\u00e7\u00e3o no tribunal ingl\u00eas, onde \u00e9 pleiteada uma indeniza\u00e7\u00e3o de R$ 260 bilh\u00f5es. O prazo para ades\u00e3o ao acordo vai at\u00e9 6 de mar\u00e7o de 2025, e muitos munic\u00edpios, como Ouro Preto, ainda mant\u00eam a busca pela repara\u00e7\u00e3o internacional. (Balc\u00e3o News \u2013 Belo Horizonte)<\/span><br \/><span><a href=\"https:\/\/balcaonews.com.br\/2025\/01\/20\/acordo-samarco\/\">https:\/\/balcaonews.com.br\/2025\/01\/20\/acordo-samarco\/<\/a><\/span><\/p>\n<p><strong><span>Arte movimenta bilh\u00f5es em Minas<\/span><\/strong><br \/><span>Em 2024, a cultura de Minas Gerais experimentou um avan\u00e7o significativo, com investimentos in\u00e9ditos que impulsionaram o setor cultural e geraram um impacto econ\u00f4mico de R$ 12,7 bilh\u00f5es. O aporte financeiro foi viabilizado por iniciativas como a Lei Descentra Cultura e a moderniza\u00e7\u00e3o de mecanismos de incentivo \u00e0 cultura. A interioriza\u00e7\u00e3o dos recursos permitiu que pequenas e m\u00e9dias cidades ganhassem destaque, fortalecendo tradi\u00e7\u00f5es culturais e gerando empregos em \u00e1reas como artesanato, gastronomia e m\u00fasica. Al\u00e9m disso, a preserva\u00e7\u00e3o do patrim\u00f4nio hist\u00f3rico e cultural foi intensificada, especialmente com o reconhecimento do Queijo Minas Artesanal e os Congados e Reinados. (Cidade Conecta \u2013 Nova Lima)<\/span><br \/><span><a href=\"https:\/\/www.itatiaia.com.br\/cidade-conecta\/2025\/01\/16\/arte-e-economia-da-criatividade-movimentam-mais-de-r-12-bilhoes-em-minas\">https:\/\/www.itatiaia.com.br\/cidade-conecta\/2025\/01\/16\/arte-e-economia-da-criatividade-movimentam-mais-de-r-12-bilhoes-em-minas<\/a><\/span><\/p>\n<p><strong><span>Mostra de cinema chega a Congonhas <\/span><\/strong><br \/><span>A mostra &#8220;Cinematografias do Mundo: \u00c1sia&#8221; acontece em Congonhas at\u00e9 2 de fevereiro, com uma sele\u00e7\u00e3o de filmes de grandes mestres do cinema asi\u00e1tico. Exibidos no Cineclube Centro Cultural da Romaria, os filmes s\u00e3o de entrada gratuita e ser\u00e3o apresentados \u00e0s sextas, s\u00e1bados e domingos. A mostra visa explorar as realidades sociais e culturais de diferentes pa\u00edses asi\u00e1ticos, com sess\u00f5es comentadas e textos in\u00e9ditos sobre as obras. Com curadoria da Funda\u00e7\u00e3o Cl\u00f3vis Salgado, a iniciativa oferece uma imers\u00e3o no cinema global (Correio da Cidade \u2013 Conselheiro Lafaiete) <\/span><br \/><span><a href=\"https:\/\/jornalcorreiodacidade.com.br\/noticias\/39497-cinematografias-do-mundo-mostra-de-cinema-asiatico-chega-a-congonhas-com-filmes-iconicos\">https:\/\/jornalcorreiodacidade.com.br\/noticias\/39497-cinematografias-do-mundo-mostra-de-cinema-asiatico-chega-a-congonhas-com-filmes-iconicos<\/a><\/span><\/p>\n<p><strong><span>CAA MG disponibiliza aux\u00edlio<\/span><\/strong><br \/><span>A Caixa de Assist\u00eancia dos Advogados de Minas Gerais (CAAMG) disponibilizou um Aux\u00edlio Extraordin\u00e1rio para advogados afetados por desastres naturais, como as fortes chuvas que atingiram o estado no in\u00edcio de 2025. O aux\u00edlio, no valor de at\u00e9 R$ 4.200, visa reparar danos em resid\u00eancias e escrit\u00f3rios de advogados v\u00edtimas de inunda\u00e7\u00f5es. O benef\u00edcio \u00e9 oferecido em parcela \u00fanica e cobre danos em at\u00e9 dois endere\u00e7os, caso tanto a resid\u00eancia quanto o escrit\u00f3rio do advogado sejam afetados. A medida, vigente at\u00e9 31 de mar\u00e7o de 2025, foi anunciada pela presidente da CAAMG, \u00c2ngela Botelho, e busca ajudar a minimizar os preju\u00edzos causados pelos desastres naturais, que t\u00eam aumentado devido \u00e0s mudan\u00e7as clim\u00e1ticas. (Di\u00e1rio de Par\u00e1 de Minas)<\/span><br \/><span><a href=\"https:\/\/www.jdiario.com.br\/caa-mg-disponibiliza-auxilio-extraordinario-para-desastres-naturais\/\">https:\/\/www.jdiario.com.br\/caa-mg-disponibiliza-auxilio-extraordinario-para-desastres-naturais\/<\/a><\/span><\/p>\n<p><span><\/span><\/p>\n<p>\u00a0<\/p>","protected":false},"excerpt":{"rendered":"<p>Foto: Reprodu\u00e7\u00e3o JV COLUNA MGPrincipais destaques dos jornais e portais integrantes da rede Sindijori MG www.sindijorimg.com.br Tim\u00f3teo suspende licita\u00e7\u00e3o de hospitalA Prefeitura Municipal de Tim\u00f3teo suspendeu, por tempo indeterminado, a Concorr\u00eancia P\u00fablica referente ao Processo Administrativo que tinha como objeto a gest\u00e3o do Hospital Municipal, ou seja, a concess\u00e3o de uso do im\u00f3vel localizado na [&hellip;]<\/p>\n","protected":false},"author":0,"featured_media":28245,"comment_status":"open","ping_status":"open","sticky":false,"template":"","format":"standard","meta":{"rop_custom_images_group":[],"rop_custom_messages_group":[],"rop_publish_now":"initial","rop_publish_now_accounts":[],"rop_publish_now_history":[],"rop_publish_now_status":"pending","footnotes":""},"categories":[6745],"tags":[],"class_list":["post-28244","post","type-post","status-publish","format-standard","has-post-thumbnail","hentry","category-coluna-sindijori"],"_links":{"self":[{"href":"https:\/\/diariotribuna.com.br\/index.php?rest_route=\/wp\/v2\/posts\/28244"}],"collection":[{"href":"https:\/\/diariotribuna.com.br\/index.php?rest_route=\/wp\/v2\/posts"}],"about":[{"href":"https:\/\/diariotribuna.com.br\/index.php?rest_route=\/wp\/v2\/types\/post"}],"replies":[{"embeddable":true,"href":"https:\/\/diariotribuna.com.br\/index.php?rest_route=%2Fwp%2Fv2%2Fcomments&post=28244"}],"version-history":[{"count":0,"href":"https:\/\/diariotribuna.com.br\/index.php?rest_route=\/wp\/v2\/posts\/28244\/revisions"}],"wp:featuredmedia":[{"embeddable":true,"href":"https:\/\/diariotribuna.com.br\/index.php?rest_route=\/wp\/v2\/media\/28245"}],"wp:attachment":[{"href":"https:\/\/diariotribuna.com.br\/index.php?rest_route=%2Fwp%2Fv2%2Fmedia&parent=28244"}],"wp:term":[{"taxonomy":"category","embeddable":true,"href":"https:\/\/diariotribuna.com.br\/index.php?rest_route=%2Fwp%2Fv2%2Fcategories&post=28244"},{"taxonomy":"post_tag","embeddable":true,"href":"https:\/\/diariotribuna.com.br\/index.php?rest_route=%2Fwp%2Fv2%2Ftags&post=28244"}],"curies":[{"name":"wp","href":"https:\/\/api.w.org\/{rel}","templated":true}]}}