{"id":28246,"date":"2025-01-20T16:52:16","date_gmt":"2025-01-20T19:52:16","guid":{"rendered":"https:\/\/diariotribuna.com.br\/?p=28246"},"modified":"2025-01-20T16:52:35","modified_gmt":"2025-01-20T19:52:35","slug":"policia-civil-prende-segundo-envolvido-na-morte-de-seguranca-de-evento-em-teofilo-otoni","status":"publish","type":"post","link":"https:\/\/diariotribuna.com.br\/?p=28246","title":{"rendered":"Pol\u00edcia Civil prende segundo envolvido na morte de seguran\u00e7a de evento em Te\u00f3filo Otoni"},"content":{"rendered":"\n<figure class=\"wp-block-image size-full is-resized\"><img loading=\"lazy\" decoding=\"async\" width=\"650\" height=\"359\" src=\"https:\/\/diariotribuna.com.br\/wp-content\/uploads\/2025\/01\/Imagem-do-WhatsApp-de-2024-12-26-as-18.34.27_5d17fed1.jpg\" alt=\"\" class=\"wp-image-28247\" style=\"width:473px;height:auto\" srcset=\"https:\/\/diariotribuna.com.br\/wp-content\/uploads\/2025\/01\/Imagem-do-WhatsApp-de-2024-12-26-as-18.34.27_5d17fed1.jpg 650w, https:\/\/diariotribuna.com.br\/wp-content\/uploads\/2025\/01\/Imagem-do-WhatsApp-de-2024-12-26-as-18.34.27_5d17fed1-300x166.jpg 300w\" sizes=\"(max-width: 650px) 100vw, 650px\" \/><\/figure>\n\n\n\n<p>A Pol\u00edcia Civil de Minas Gerais, por meio da 1\u00aa Delegacia Regional de Te\u00f3filo Otoni, informa que prendeu o segundo autor respons\u00e1vel pela morte de <strong>Fabiano dos Santos Oliveira, de 39 anos<\/strong>, fato que ocorreu na madrugada de domingo (19\/1\/2025), no espa\u00e7o do Parque de Exposi\u00e7\u00f5es &#8211; Pampulhinha, em Te\u00f3filo Otoni, onde acontecia um evento festivo, ocasi\u00e3o em que a v\u00edtima trabalhava como seguran\u00e7a na portaria.<\/p>\n\n\n\n<p>Segundo a Pol\u00edcia Civil, um dos autores, 26 anos, foi preso em flagrante pela Pol\u00edcia Militar ainda no dia do crime (19) e, na manh\u00e3 desta segunda-feira (20), na delegacia, o segundo suspeito confessou a autoria do crime, ocasi\u00e3o em que a equipe da Delegacia de Homic\u00eddios cumpriu o mandado de pris\u00e3o expedido contra ele. <strong>Equipe PCMG:<\/strong> <strong>Delegada<\/strong>: Dra. H\u00e9rika Ribeiro Sena. <strong>Escriv\u00e3es:<\/strong> Larissa Syngrid Pereira Santana e Mara Katiussy de Oliveira Evangelista. <strong>Investigadores:<\/strong> Lucas da Franca Barreiros, Nat\u00e1lia Sp\u00f3sito Lemos e Ana Julinda\u00a0Costa\u00a0Bento.<\/p>\n\n\n\n<p><strong>O Caso &#8211; <\/strong>A Pol\u00edcia Militar foi acionada na madrugada de domingo (19\/1), por volta das 3h30, a comparecer na Pampulhinha, onde ocorreu o homic\u00eddio. Junto com uma equipe do Samu, os militares depararam com <strong>Fabiano dos Santos Oliveira <\/strong>ca\u00eddo ao ch\u00e3o com bastante sangue ao redor, e uma enfermeira do Samu constatou que ele estava sem sinais vitais. Os militares ouviram testemunhas que presenciaram o crime, e ouviram tamb\u00e9m o produtor do evento.<\/p>\n\n\n\n<figure class=\"wp-block-image size-full is-resized\"><img loading=\"lazy\" decoding=\"async\" width=\"466\" height=\"626\" src=\"https:\/\/diariotribuna.com.br\/wp-content\/uploads\/2025\/01\/Imagem-do-WhatsApp-de-2025-01-19-as-08.02.49_2e8da032.jpg\" alt=\"\" class=\"wp-image-28248\" style=\"width:264px;height:auto\" srcset=\"https:\/\/diariotribuna.com.br\/wp-content\/uploads\/2025\/01\/Imagem-do-WhatsApp-de-2025-01-19-as-08.02.49_2e8da032.jpg 466w, https:\/\/diariotribuna.com.br\/wp-content\/uploads\/2025\/01\/Imagem-do-WhatsApp-de-2025-01-19-as-08.02.49_2e8da032-223x300.jpg 223w, https:\/\/diariotribuna.com.br\/wp-content\/uploads\/2025\/01\/Imagem-do-WhatsApp-de-2025-01-19-as-08.02.49_2e8da032-313x420.jpg 313w\" sizes=\"(max-width: 466px) 100vw, 466px\" \/><figcaption class=\"wp-element-caption\"><strong>Fabiano Santos &#8211; v\u00edtima (Foto: Divulga\u00e7\u00e3o)<\/strong><\/figcaption><\/figure>\n\n\n\n<p>Ap\u00f3s os trabalhos da per\u00edcia t\u00e9cnica no local, o corpo foi encaminhado ao IML de Te\u00f3filo Otoni para ser necropsiado. Segundo informa\u00e7\u00f5es de uma testemunha, o atrito entre os autores e os seguran\u00e7as, ocorreu porque os autores teriam deixado o local de festa e, ao tentarem entrar novamente, teriam que pagar, deixando os autores insatisfeitos por serem barrados na portaria. Eles chegaram a deixar o local, depois retornaram, um deles portando uma faca, come\u00e7aram novamente o atrito, e Fabiano foi atingido com os golpes de faca. (Foto\/Viatura: ilustrativa).<\/p>\n","protected":false},"excerpt":{"rendered":"<p>A Pol\u00edcia Civil de Minas Gerais, por meio da 1\u00aa Delegacia Regional de Te\u00f3filo Otoni, informa que prendeu o segundo autor respons\u00e1vel pela morte de Fabiano dos Santos Oliveira, de 39 anos, fato que ocorreu na madrugada de domingo (19\/1\/2025), no espa\u00e7o do Parque de Exposi\u00e7\u00f5es &#8211; Pampulhinha, em Te\u00f3filo Otoni, onde acontecia um evento [&hellip;]<\/p>\n","protected":false},"author":1,"featured_media":28247,"comment_status":"open","ping_status":"open","sticky":false,"template":"","format":"standard","meta":{"rop_custom_images_group":[],"rop_custom_messages_group":[],"rop_publish_now":"initial","rop_publish_now_accounts":[],"rop_publish_now_history":[],"rop_publish_now_status":"pending","footnotes":""},"categories":[25,20,1],"tags":[],"class_list":["post-28246","post","type-post","status-publish","format-standard","has-post-thumbnail","hentry","category-destaque","category-policia","category-sem-categoria"],"_links":{"self":[{"href":"https:\/\/diariotribuna.com.br\/index.php?rest_route=\/wp\/v2\/posts\/28246"}],"collection":[{"href":"https:\/\/diariotribuna.com.br\/index.php?rest_route=\/wp\/v2\/posts"}],"about":[{"href":"https:\/\/diariotribuna.com.br\/index.php?rest_route=\/wp\/v2\/types\/post"}],"author":[{"embeddable":true,"href":"https:\/\/diariotribuna.com.br\/index.php?rest_route=\/wp\/v2\/users\/1"}],"replies":[{"embeddable":true,"href":"https:\/\/diariotribuna.com.br\/index.php?rest_route=%2Fwp%2Fv2%2Fcomments&post=28246"}],"version-history":[{"count":1,"href":"https:\/\/diariotribuna.com.br\/index.php?rest_route=\/wp\/v2\/posts\/28246\/revisions"}],"predecessor-version":[{"id":28249,"href":"https:\/\/diariotribuna.com.br\/index.php?rest_route=\/wp\/v2\/posts\/28246\/revisions\/28249"}],"wp:featuredmedia":[{"embeddable":true,"href":"https:\/\/diariotribuna.com.br\/index.php?rest_route=\/wp\/v2\/media\/28247"}],"wp:attachment":[{"href":"https:\/\/diariotribuna.com.br\/index.php?rest_route=%2Fwp%2Fv2%2Fmedia&parent=28246"}],"wp:term":[{"taxonomy":"category","embeddable":true,"href":"https:\/\/diariotribuna.com.br\/index.php?rest_route=%2Fwp%2Fv2%2Fcategories&post=28246"},{"taxonomy":"post_tag","embeddable":true,"href":"https:\/\/diariotribuna.com.br\/index.php?rest_route=%2Fwp%2Fv2%2Ftags&post=28246"}],"curies":[{"name":"wp","href":"https:\/\/api.w.org\/{rel}","templated":true}]}}