{"id":28260,"date":"2025-01-20T20:26:29","date_gmt":"2025-01-20T23:26:29","guid":{"rendered":"https:\/\/diariotribuna.com.br\/?p=28260"},"modified":"2025-01-22T23:56:06","modified_gmt":"2025-01-23T02:56:06","slug":"prefeito-de-carlos-chagas-nanayoski-tavares-e-o-novo-presidente-do-consorcio-de-saude-cis-evmj","status":"publish","type":"post","link":"https:\/\/diariotribuna.com.br\/?p=28260","title":{"rendered":"Prefeito de Carlos Chagas, Nanayoski Tavares \u00e9 o novo presidente do Cons\u00f3rcio de Sa\u00fade (CIS-EVMJ)"},"content":{"rendered":"\n<figure class=\"wp-block-image size-full is-resized\"><img loading=\"lazy\" decoding=\"async\" width=\"700\" height=\"419\" src=\"https:\/\/diariotribuna.com.br\/wp-content\/uploads\/2025\/01\/20.jpg\" alt=\"\" class=\"wp-image-28261\" style=\"width:549px;height:auto\" srcset=\"https:\/\/diariotribuna.com.br\/wp-content\/uploads\/2025\/01\/20.jpg 700w, https:\/\/diariotribuna.com.br\/wp-content\/uploads\/2025\/01\/20-300x180.jpg 300w, https:\/\/diariotribuna.com.br\/wp-content\/uploads\/2025\/01\/20-696x417.jpg 696w\" sizes=\"(max-width: 700px) 100vw, 700px\" \/><figcaption class=\"wp-element-caption\"><strong>Momento da apura\u00e7\u00e3o dos votos: Nanayoski foi eleito com 16 votos<\/strong><\/figcaption><\/figure>\n\n\n\n<p>O Cons\u00f3rcio Intermunicipal de Sa\u00fade entre os Vales do Mucuri e Jequitinhonha (CIS-EVMJ), realizou elei\u00e7\u00e3o na quarta-feira (15\/1\/2025), em sua sede, no bairro S\u00e3o Jacinto, e o prefeito de Carlos Chagas, Nanayoski Tavares foi eleito com 16 votos, para um mandato de dois anos, contra a outra chapa encabe\u00e7ada pelo prefeito de Pot\u00e9, M\u00e1rio S\u00e9rgio Santos \u2013 \u201cSerginho\u201d que obteve 13 votos.<\/p>\n\n\n\n<p><strong>Ao final da elei\u00e7\u00e3o e apura\u00e7\u00e3o dos votos, o presidente eleito, Nanayoski Tavares agradeceu a todos por confiarem o seu nome para comandar o cons\u00f3rcio nos pr\u00f3ximos dois anos.<\/strong> \u201cFoi uma vit\u00f3ria da democracia, e a partir desse momento n\u00e3o tem que se falar em chapa 1 e chapa 2, tem que se falar em Cons\u00f3rcio dos Vales do Mucuri e Jequitinhonha. Todos n\u00f3s unidos somos muito mais fortes, para fazermos um Cons\u00f3rcio cada vez melhor\u201d, disse.<\/p>\n\n\n\n<p>Gild\u00e9sio Sampaio (N\u00eago Sampaio), que encerrou seu mandato na presid\u00eancia do Cons\u00f3rcio (Gest\u00e3o 2023\/2024), no seu pronunciamento informou que a sede foi inaugurada por ele, e de l\u00e1 para c\u00e1 foram in\u00fameros avan\u00e7os. Disse que pegou a institui\u00e7\u00e3o com R$ 8 milh\u00f5es e estava deixando em caixa para a nova gest\u00e3o, o valor de R$ 20 milh\u00f5es. N\u00eago fez uma explana\u00e7\u00e3o sobre os relevantes servi\u00e7os oferecidos pelo Cons\u00f3rcio, como consultas especializadas, cirurgias, o CEAE, o IST-Aids, o Transporta SUS e o Vacim\u00f3vel.<\/p>\n\n\n\n<figure class=\"wp-block-gallery has-nested-images columns-default is-cropped wp-block-gallery-1 is-layout-flex wp-block-gallery-is-layout-flex\">\n<figure class=\"wp-block-image size-large\"><img loading=\"lazy\" decoding=\"async\" width=\"700\" height=\"410\" data-id=\"28267\" src=\"https:\/\/diariotribuna.com.br\/wp-content\/uploads\/2025\/01\/DSC_5423.jpg\" alt=\"\" class=\"wp-image-28267\" srcset=\"https:\/\/diariotribuna.com.br\/wp-content\/uploads\/2025\/01\/DSC_5423.jpg 700w, https:\/\/diariotribuna.com.br\/wp-content\/uploads\/2025\/01\/DSC_5423-300x176.jpg 300w, https:\/\/diariotribuna.com.br\/wp-content\/uploads\/2025\/01\/DSC_5423-696x408.jpg 696w\" sizes=\"(max-width: 700px) 100vw, 700px\" \/><\/figure>\n\n\n\n<figure class=\"wp-block-image size-large\"><img loading=\"lazy\" decoding=\"async\" width=\"700\" height=\"464\" data-id=\"28262\" src=\"https:\/\/diariotribuna.com.br\/wp-content\/uploads\/2025\/01\/DSC_5406.jpg\" alt=\"\" class=\"wp-image-28262\" srcset=\"https:\/\/diariotribuna.com.br\/wp-content\/uploads\/2025\/01\/DSC_5406.jpg 700w, https:\/\/diariotribuna.com.br\/wp-content\/uploads\/2025\/01\/DSC_5406-300x199.jpg 300w, https:\/\/diariotribuna.com.br\/wp-content\/uploads\/2025\/01\/DSC_5406-696x461.jpg 696w, https:\/\/diariotribuna.com.br\/wp-content\/uploads\/2025\/01\/DSC_5406-634x420.jpg 634w\" sizes=\"(max-width: 700px) 100vw, 700px\" \/><\/figure>\n\n\n\n<figure class=\"wp-block-image size-large\"><img loading=\"lazy\" decoding=\"async\" width=\"700\" height=\"464\" data-id=\"28264\" src=\"https:\/\/diariotribuna.com.br\/wp-content\/uploads\/2025\/01\/DSC_5435.jpg\" alt=\"\" class=\"wp-image-28264\" srcset=\"https:\/\/diariotribuna.com.br\/wp-content\/uploads\/2025\/01\/DSC_5435.jpg 700w, https:\/\/diariotribuna.com.br\/wp-content\/uploads\/2025\/01\/DSC_5435-300x199.jpg 300w, https:\/\/diariotribuna.com.br\/wp-content\/uploads\/2025\/01\/DSC_5435-696x461.jpg 696w, https:\/\/diariotribuna.com.br\/wp-content\/uploads\/2025\/01\/DSC_5435-634x420.jpg 634w\" sizes=\"(max-width: 700px) 100vw, 700px\" \/><\/figure>\n\n\n\n<figure class=\"wp-block-image size-large\"><img loading=\"lazy\" decoding=\"async\" width=\"700\" height=\"464\" data-id=\"28265\" src=\"https:\/\/diariotribuna.com.br\/wp-content\/uploads\/2025\/01\/DSC_5436.jpg\" alt=\"\" class=\"wp-image-28265\" srcset=\"https:\/\/diariotribuna.com.br\/wp-content\/uploads\/2025\/01\/DSC_5436.jpg 700w, https:\/\/diariotribuna.com.br\/wp-content\/uploads\/2025\/01\/DSC_5436-300x199.jpg 300w, https:\/\/diariotribuna.com.br\/wp-content\/uploads\/2025\/01\/DSC_5436-696x461.jpg 696w, https:\/\/diariotribuna.com.br\/wp-content\/uploads\/2025\/01\/DSC_5436-634x420.jpg 634w\" sizes=\"(max-width: 700px) 100vw, 700px\" \/><\/figure>\n\n\n\n<figure class=\"wp-block-image size-large\"><img loading=\"lazy\" decoding=\"async\" width=\"700\" height=\"464\" data-id=\"28263\" src=\"https:\/\/diariotribuna.com.br\/wp-content\/uploads\/2025\/01\/21.jpg\" alt=\"\" class=\"wp-image-28263\" srcset=\"https:\/\/diariotribuna.com.br\/wp-content\/uploads\/2025\/01\/21.jpg 700w, https:\/\/diariotribuna.com.br\/wp-content\/uploads\/2025\/01\/21-300x199.jpg 300w, https:\/\/diariotribuna.com.br\/wp-content\/uploads\/2025\/01\/21-696x461.jpg 696w, https:\/\/diariotribuna.com.br\/wp-content\/uploads\/2025\/01\/21-634x420.jpg 634w\" sizes=\"(max-width: 700px) 100vw, 700px\" \/><\/figure>\n\n\n\n<figure class=\"wp-block-image size-large\"><img loading=\"lazy\" decoding=\"async\" width=\"700\" height=\"418\" data-id=\"28266\" src=\"https:\/\/diariotribuna.com.br\/wp-content\/uploads\/2025\/01\/DSC_5404.jpg\" alt=\"\" class=\"wp-image-28266\" srcset=\"https:\/\/diariotribuna.com.br\/wp-content\/uploads\/2025\/01\/DSC_5404.jpg 700w, https:\/\/diariotribuna.com.br\/wp-content\/uploads\/2025\/01\/DSC_5404-300x179.jpg 300w, https:\/\/diariotribuna.com.br\/wp-content\/uploads\/2025\/01\/DSC_5404-696x416.jpg 696w\" sizes=\"(max-width: 700px) 100vw, 700px\" \/><\/figure>\n<\/figure>\n\n\n\n<p>A Secret\u00e1ria Executiva do Cons\u00f3rcio, Giovana Karla tamb\u00e9m falou dos trabalhos prestados pela institui\u00e7\u00e3o, que conta com uma equipe multiprofissional permitindo que a unidade ofere\u00e7a um tratamento diferenciado, com maior qualidade dos servi\u00e7os e o acompanhamento integral por uma equipe de profissionais diferenciados.<\/p>\n\n\n\n<p>A vota\u00e7\u00e3o foi secreta, e Nanayoski afirmou que a democracia mostrou sua for\u00e7a. Afirma que vai fazer uma gest\u00e3o buscando a uni\u00e3o, e nesse mesmo dia, embarcou para Belo Horizonte, onde tinha agenda com o Secret\u00e1rio de Governo Gustavo Valadares, o Secret\u00e1rio de Sa\u00fade, F\u00e1bio Baccheretti, e com o vice-governador Mateus Sim\u00f5es, para buscar recursos para o Cons\u00f3rcio, visando melhorar cada vez mais o atendimento \u00e0 popula\u00e7\u00e3o. \u201cPrincipalmente para quem mais precisa\u201d, concluiu.<\/p>\n\n\n\n<figure class=\"wp-block-gallery has-nested-images columns-default is-cropped wp-block-gallery-2 is-layout-flex wp-block-gallery-is-layout-flex\">\n<figure class=\"wp-block-image size-large\"><img loading=\"lazy\" decoding=\"async\" width=\"700\" height=\"464\" data-id=\"28273\" src=\"https:\/\/diariotribuna.com.br\/wp-content\/uploads\/2025\/01\/DSC_5450.jpg\" alt=\"\" class=\"wp-image-28273\" srcset=\"https:\/\/diariotribuna.com.br\/wp-content\/uploads\/2025\/01\/DSC_5450.jpg 700w, https:\/\/diariotribuna.com.br\/wp-content\/uploads\/2025\/01\/DSC_5450-300x199.jpg 300w, https:\/\/diariotribuna.com.br\/wp-content\/uploads\/2025\/01\/DSC_5450-696x461.jpg 696w, https:\/\/diariotribuna.com.br\/wp-content\/uploads\/2025\/01\/DSC_5450-634x420.jpg 634w\" sizes=\"(max-width: 700px) 100vw, 700px\" \/><\/figure>\n\n\n\n<figure class=\"wp-block-image size-large\"><img loading=\"lazy\" decoding=\"async\" width=\"700\" height=\"464\" data-id=\"28272\" src=\"https:\/\/diariotribuna.com.br\/wp-content\/uploads\/2025\/01\/DSC_5454.jpg\" alt=\"\" class=\"wp-image-28272\" srcset=\"https:\/\/diariotribuna.com.br\/wp-content\/uploads\/2025\/01\/DSC_5454.jpg 700w, https:\/\/diariotribuna.com.br\/wp-content\/uploads\/2025\/01\/DSC_5454-300x199.jpg 300w, https:\/\/diariotribuna.com.br\/wp-content\/uploads\/2025\/01\/DSC_5454-696x461.jpg 696w, https:\/\/diariotribuna.com.br\/wp-content\/uploads\/2025\/01\/DSC_5454-634x420.jpg 634w\" sizes=\"(max-width: 700px) 100vw, 700px\" \/><\/figure>\n\n\n\n<figure class=\"wp-block-image size-large\"><img loading=\"lazy\" decoding=\"async\" width=\"700\" height=\"464\" data-id=\"28271\" src=\"https:\/\/diariotribuna.com.br\/wp-content\/uploads\/2025\/01\/DSC_5448.jpg\" alt=\"\" class=\"wp-image-28271\" srcset=\"https:\/\/diariotribuna.com.br\/wp-content\/uploads\/2025\/01\/DSC_5448.jpg 700w, https:\/\/diariotribuna.com.br\/wp-content\/uploads\/2025\/01\/DSC_5448-300x199.jpg 300w, https:\/\/diariotribuna.com.br\/wp-content\/uploads\/2025\/01\/DSC_5448-696x461.jpg 696w, https:\/\/diariotribuna.com.br\/wp-content\/uploads\/2025\/01\/DSC_5448-634x420.jpg 634w\" sizes=\"(max-width: 700px) 100vw, 700px\" \/><\/figure>\n\n\n\n<figure class=\"wp-block-image size-large\"><img loading=\"lazy\" decoding=\"async\" width=\"700\" height=\"424\" data-id=\"28269\" src=\"https:\/\/diariotribuna.com.br\/wp-content\/uploads\/2025\/01\/DSC_5441.jpg\" alt=\"\" class=\"wp-image-28269\" srcset=\"https:\/\/diariotribuna.com.br\/wp-content\/uploads\/2025\/01\/DSC_5441.jpg 700w, https:\/\/diariotribuna.com.br\/wp-content\/uploads\/2025\/01\/DSC_5441-300x182.jpg 300w, https:\/\/diariotribuna.com.br\/wp-content\/uploads\/2025\/01\/DSC_5441-696x422.jpg 696w, https:\/\/diariotribuna.com.br\/wp-content\/uploads\/2025\/01\/DSC_5441-693x420.jpg 693w\" sizes=\"(max-width: 700px) 100vw, 700px\" \/><\/figure>\n\n\n\n<figure class=\"wp-block-image size-large\"><img loading=\"lazy\" decoding=\"async\" width=\"700\" height=\"464\" data-id=\"28270\" src=\"https:\/\/diariotribuna.com.br\/wp-content\/uploads\/2025\/01\/DSC_5442.jpg\" alt=\"\" class=\"wp-image-28270\" srcset=\"https:\/\/diariotribuna.com.br\/wp-content\/uploads\/2025\/01\/DSC_5442.jpg 700w, https:\/\/diariotribuna.com.br\/wp-content\/uploads\/2025\/01\/DSC_5442-300x199.jpg 300w, https:\/\/diariotribuna.com.br\/wp-content\/uploads\/2025\/01\/DSC_5442-696x461.jpg 696w, https:\/\/diariotribuna.com.br\/wp-content\/uploads\/2025\/01\/DSC_5442-634x420.jpg 634w\" sizes=\"(max-width: 700px) 100vw, 700px\" \/><\/figure>\n\n\n\n<figure class=\"wp-block-image size-large\"><img loading=\"lazy\" decoding=\"async\" width=\"700\" height=\"464\" data-id=\"28268\" src=\"https:\/\/diariotribuna.com.br\/wp-content\/uploads\/2025\/01\/DSC_5444.jpg\" alt=\"\" class=\"wp-image-28268\" srcset=\"https:\/\/diariotribuna.com.br\/wp-content\/uploads\/2025\/01\/DSC_5444.jpg 700w, https:\/\/diariotribuna.com.br\/wp-content\/uploads\/2025\/01\/DSC_5444-300x199.jpg 300w, https:\/\/diariotribuna.com.br\/wp-content\/uploads\/2025\/01\/DSC_5444-696x461.jpg 696w, https:\/\/diariotribuna.com.br\/wp-content\/uploads\/2025\/01\/DSC_5444-634x420.jpg 634w\" sizes=\"(max-width: 700px) 100vw, 700px\" \/><\/figure>\n<\/figure>\n","protected":false},"excerpt":{"rendered":"<p>O Cons\u00f3rcio Intermunicipal de Sa\u00fade entre os Vales do Mucuri e Jequitinhonha (CIS-EVMJ), realizou elei\u00e7\u00e3o na quarta-feira (15\/1\/2025), em sua sede, no bairro S\u00e3o Jacinto, e o prefeito de Carlos Chagas, Nanayoski Tavares foi eleito com 16 votos, para um mandato de dois anos, contra a outra chapa encabe\u00e7ada pelo prefeito de Pot\u00e9, M\u00e1rio S\u00e9rgio [&hellip;]<\/p>\n","protected":false},"author":1,"featured_media":28261,"comment_status":"open","ping_status":"open","sticky":false,"template":"","format":"standard","meta":{"rop_custom_images_group":[],"rop_custom_messages_group":[],"rop_publish_now":"initial","rop_publish_now_accounts":[],"rop_publish_now_history":[],"rop_publish_now_status":"pending","footnotes":""},"categories":[19,1],"tags":[6935,332,6934,75],"class_list":["post-28260","post","type-post","status-publish","format-standard","has-post-thumbnail","hentry","category-gerais","category-sem-categoria","tag-2025-2026","tag-cis-evmj","tag-nanayoski-presidente","tag-teofilo-otoni"],"_links":{"self":[{"href":"https:\/\/diariotribuna.com.br\/index.php?rest_route=\/wp\/v2\/posts\/28260"}],"collection":[{"href":"https:\/\/diariotribuna.com.br\/index.php?rest_route=\/wp\/v2\/posts"}],"about":[{"href":"https:\/\/diariotribuna.com.br\/index.php?rest_route=\/wp\/v2\/types\/post"}],"author":[{"embeddable":true,"href":"https:\/\/diariotribuna.com.br\/index.php?rest_route=\/wp\/v2\/users\/1"}],"replies":[{"embeddable":true,"href":"https:\/\/diariotribuna.com.br\/index.php?rest_route=%2Fwp%2Fv2%2Fcomments&post=28260"}],"version-history":[{"count":4,"href":"https:\/\/diariotribuna.com.br\/index.php?rest_route=\/wp\/v2\/posts\/28260\/revisions"}],"predecessor-version":[{"id":28277,"href":"https:\/\/diariotribuna.com.br\/index.php?rest_route=\/wp\/v2\/posts\/28260\/revisions\/28277"}],"wp:featuredmedia":[{"embeddable":true,"href":"https:\/\/diariotribuna.com.br\/index.php?rest_route=\/wp\/v2\/media\/28261"}],"wp:attachment":[{"href":"https:\/\/diariotribuna.com.br\/index.php?rest_route=%2Fwp%2Fv2%2Fmedia&parent=28260"}],"wp:term":[{"taxonomy":"category","embeddable":true,"href":"https:\/\/diariotribuna.com.br\/index.php?rest_route=%2Fwp%2Fv2%2Fcategories&post=28260"},{"taxonomy":"post_tag","embeddable":true,"href":"https:\/\/diariotribuna.com.br\/index.php?rest_route=%2Fwp%2Fv2%2Ftags&post=28260"}],"curies":[{"name":"wp","href":"https:\/\/api.w.org\/{rel}","templated":true}]}}