{"id":28279,"date":"2025-01-20T22:08:19","date_gmt":"2025-01-21T01:08:19","guid":{"rendered":"https:\/\/diariotribuna.com.br\/?p=28279"},"modified":"2025-01-23T23:59:17","modified_gmt":"2025-01-24T02:59:17","slug":"prefeito-de-teofilo-otoni-fabio-marinho-e-eleito-presidente-da-amuc-por-aclamacao-2","status":"publish","type":"post","link":"https:\/\/diariotribuna.com.br\/?p=28279","title":{"rendered":"Prefeito de Te\u00f3filo Otoni, F\u00e1bio Marinho \u00e9 eleito presidente da AMUC por aclama\u00e7\u00e3o"},"content":{"rendered":"\n<figure class=\"wp-block-image size-full is-resized\"><img loading=\"lazy\" decoding=\"async\" width=\"700\" height=\"404\" src=\"https:\/\/diariotribuna.com.br\/wp-content\/uploads\/2025\/01\/4-2.jpg\" alt=\"\" class=\"wp-image-28280\" style=\"width:619px;height:auto\" srcset=\"https:\/\/diariotribuna.com.br\/wp-content\/uploads\/2025\/01\/4-2.jpg 700w, https:\/\/diariotribuna.com.br\/wp-content\/uploads\/2025\/01\/4-2-300x173.jpg 300w, https:\/\/diariotribuna.com.br\/wp-content\/uploads\/2025\/01\/4-2-696x402.jpg 696w\" sizes=\"(max-width: 700px) 100vw, 700px\" \/><figcaption class=\"wp-element-caption\"><strong>Novo presidente da AMUC, Marinho com a diretoria e o deputado estadual Dr. Jorge Ali<\/strong><\/figcaption><\/figure>\n\n\n\n<p>A Associa\u00e7\u00e3o dos Munic\u00edpios da Microrregi\u00e3o do Vale do Mucuri (AMUC) realizou Assembleia Ordin\u00e1ria, na manh\u00e3 de quarta-feira, 15 de janeiro de 2025, em sua sede, em Te\u00f3filo Otoni, para elei\u00e7\u00e3o da diretoria, exerc\u00edcio 2025 e presta\u00e7\u00e3o de contas da gest\u00e3o anterior. A assembleia foi conduzida pelo ent\u00e3o presidente e prefeito de Itaip\u00e9, Alexander Rodrigues Batista \u2013 \u201cSand\u00e3o\u201d, e pelo diretor de finan\u00e7as Dival dos Santos.<\/p>\n\n\n\n<p>Iniciando a cerim\u00f4nia, o coordenador de Engenharia da AMUC, Miguel Bravim fez uma explana\u00e7\u00e3o sobre a futura sede da institui\u00e7\u00e3o, apresentando um projeto de v\u00e1rios anos, informando que este come\u00e7ou com o ex-prefeito de Pot\u00e9 N\u00eago Sampaio, passando pelo ex-prefeito de Novo Cruzeiro Nem Capot\u00e3o, pelo prefeito de Carlos Chagas Nanayoski Tavares, sendo conclu\u00eddo pelo ex-prefeito de Itaip\u00e9 Alexsander Rodrigues \u2013 \u201cSand\u00e3o\u201d. \u201cIsso aqui \u00e9 um antigo sonho da AMUC, que neste ano vai completar 42 anos de funda\u00e7\u00e3o e n\u00f3s n\u00e3o temos uma sede\u201d, disse Miguel.<\/p>\n\n\n\n<figure class=\"wp-block-gallery has-nested-images columns-2 is-cropped wp-block-gallery-1 is-layout-flex wp-block-gallery-is-layout-flex\">\n<figure class=\"wp-block-image size-large\"><img loading=\"lazy\" decoding=\"async\" width=\"700\" height=\"464\" data-id=\"28284\" src=\"https:\/\/diariotribuna.com.br\/wp-content\/uploads\/2025\/01\/1-6.jpg\" alt=\"\" class=\"wp-image-28284\" srcset=\"https:\/\/diariotribuna.com.br\/wp-content\/uploads\/2025\/01\/1-6.jpg 700w, https:\/\/diariotribuna.com.br\/wp-content\/uploads\/2025\/01\/1-6-300x199.jpg 300w, https:\/\/diariotribuna.com.br\/wp-content\/uploads\/2025\/01\/1-6-696x461.jpg 696w, https:\/\/diariotribuna.com.br\/wp-content\/uploads\/2025\/01\/1-6-634x420.jpg 634w\" sizes=\"(max-width: 700px) 100vw, 700px\" \/><figcaption class=\"wp-element-caption\"><strong>Assembleia da AMUC elegeu Marinho como presidente<\/strong><\/figcaption><\/figure>\n\n\n\n<figure class=\"wp-block-image size-large\"><img loading=\"lazy\" decoding=\"async\" width=\"700\" height=\"464\" data-id=\"28283\" src=\"https:\/\/diariotribuna.com.br\/wp-content\/uploads\/2025\/01\/DSC_5354.jpg\" alt=\"\" class=\"wp-image-28283\" srcset=\"https:\/\/diariotribuna.com.br\/wp-content\/uploads\/2025\/01\/DSC_5354.jpg 700w, https:\/\/diariotribuna.com.br\/wp-content\/uploads\/2025\/01\/DSC_5354-300x199.jpg 300w, https:\/\/diariotribuna.com.br\/wp-content\/uploads\/2025\/01\/DSC_5354-696x461.jpg 696w, https:\/\/diariotribuna.com.br\/wp-content\/uploads\/2025\/01\/DSC_5354-634x420.jpg 634w\" sizes=\"(max-width: 700px) 100vw, 700px\" \/><figcaption class=\"wp-element-caption\"><strong>Sand\u00e3o (Itaip\u00e9) deixou a presid\u00eancia da AMUC<\/strong><\/figcaption><\/figure>\n\n\n\n<figure class=\"wp-block-image size-large\"><img loading=\"lazy\" decoding=\"async\" width=\"700\" height=\"464\" data-id=\"28281\" src=\"https:\/\/diariotribuna.com.br\/wp-content\/uploads\/2025\/01\/DSC_5361.jpg\" alt=\"\" class=\"wp-image-28281\" srcset=\"https:\/\/diariotribuna.com.br\/wp-content\/uploads\/2025\/01\/DSC_5361.jpg 700w, https:\/\/diariotribuna.com.br\/wp-content\/uploads\/2025\/01\/DSC_5361-300x199.jpg 300w, https:\/\/diariotribuna.com.br\/wp-content\/uploads\/2025\/01\/DSC_5361-696x461.jpg 696w, https:\/\/diariotribuna.com.br\/wp-content\/uploads\/2025\/01\/DSC_5361-634x420.jpg 634w\" sizes=\"(max-width: 700px) 100vw, 700px\" \/><figcaption class=\"wp-element-caption\"><strong>Presen\u00e7a do deputado estadual Dr. Jorge Ali<\/strong><\/figcaption><\/figure>\n\n\n\n<figure class=\"wp-block-image size-large\"><img loading=\"lazy\" decoding=\"async\" width=\"700\" height=\"464\" data-id=\"28282\" src=\"https:\/\/diariotribuna.com.br\/wp-content\/uploads\/2025\/01\/DSC_5369.jpg\" alt=\"\" class=\"wp-image-28282\" srcset=\"https:\/\/diariotribuna.com.br\/wp-content\/uploads\/2025\/01\/DSC_5369.jpg 700w, https:\/\/diariotribuna.com.br\/wp-content\/uploads\/2025\/01\/DSC_5369-300x199.jpg 300w, https:\/\/diariotribuna.com.br\/wp-content\/uploads\/2025\/01\/DSC_5369-696x461.jpg 696w, https:\/\/diariotribuna.com.br\/wp-content\/uploads\/2025\/01\/DSC_5369-634x420.jpg 634w\" sizes=\"(max-width: 700px) 100vw, 700px\" \/><figcaption class=\"wp-element-caption\"><strong>Marinho agradeceu a confian\u00e7a dos prefeitos<\/strong><\/figcaption><\/figure>\n<\/figure>\n\n\n\n<p>Em seu pronunciamento, Sand\u00e3o cumprimentou a todos, atrav\u00e9s do prefeito de Te\u00f3filo Otoni, F\u00e1bio Marinho \u2013 cidade sede da AMUC, e disse que era para ele motivo de muita alegria participar dessa solenidade t\u00e3o importante para a associa\u00e7\u00e3o. Deu as boas-vindas aos prefeitos que est\u00e3o chegando, e aos que est\u00e3o na reelei\u00e7\u00e3o. Sand\u00e3o apresentou uma presta\u00e7\u00e3o de contas e disse que, assim que assumiu como presidente, como o objetivo \u00e9 a constru\u00e7\u00e3o da sede da AMUC, na sua gest\u00e3o foram feitas economias e agora deixa em caixa o valor de R$ 780.678,86.<\/p>\n\n\n\n<p>O prefeito de Te\u00f3filo Otoni, F\u00e1bio Marinho dos Santos, foi eleito presidente da AMUC por aclama\u00e7\u00e3o, e disse que assume agora mais uma responsabilidade, com objetivo de promover a uni\u00e3o dos munic\u00edpios associados \u00e0 AMUC, e levar tanto para o Governo de Minas Gerais, como para o Governo Federal, a representatividade da nossa cidade e regi\u00e3o. \u201c\u00c9 muito importante essa uni\u00e3o para que a gente possa cumprir uma das finalidades da AMUC que \u00e9 o desenvolvimento social e econ\u00f4mico\u201d, disse.<\/p>\n\n\n\n<p>Marinho frisou que essa miss\u00e3o \u00e9 um desafio, porque ele j\u00e1 viu outras representa\u00e7\u00f5es municipalistas no Estado de Minas Gerais, apresentando resultados muito bons. Por isso, \u00e9 preciso seguir esses bons exemplos e fazer com que a AMUC assuma esse papel no protagonismo da representa\u00e7\u00e3o municipalista. \u201cCada munic\u00edpio tem as suas dificuldades, os seus problemas, tem as suas estrat\u00e9gias para enfrentar uma gest\u00e3o moderna, mas, o mais importante \u00e9 fazer com que a AMUC assuma esse papel de mobilizar todos os munic\u00edpios da nossa regi\u00e3o\u201d, concluiu o novo presidente.<\/p>\n\n\n\n<figure class=\"wp-block-gallery has-nested-images columns-default is-cropped wp-block-gallery-2 is-layout-flex wp-block-gallery-is-layout-flex\">\n<figure class=\"wp-block-image size-large\"><img loading=\"lazy\" decoding=\"async\" width=\"700\" height=\"464\" data-id=\"28287\" src=\"https:\/\/diariotribuna.com.br\/wp-content\/uploads\/2025\/01\/DSC_5381.jpg\" alt=\"\" class=\"wp-image-28287\" srcset=\"https:\/\/diariotribuna.com.br\/wp-content\/uploads\/2025\/01\/DSC_5381.jpg 700w, https:\/\/diariotribuna.com.br\/wp-content\/uploads\/2025\/01\/DSC_5381-300x199.jpg 300w, https:\/\/diariotribuna.com.br\/wp-content\/uploads\/2025\/01\/DSC_5381-696x461.jpg 696w, https:\/\/diariotribuna.com.br\/wp-content\/uploads\/2025\/01\/DSC_5381-634x420.jpg 634w\" sizes=\"(max-width: 700px) 100vw, 700px\" \/><\/figure>\n\n\n\n<figure class=\"wp-block-image size-large\"><img loading=\"lazy\" decoding=\"async\" width=\"1024\" height=\"678\" data-id=\"28294\" src=\"https:\/\/diariotribuna.com.br\/wp-content\/uploads\/2025\/01\/DSC_5349-1024x678.jpg\" alt=\"\" class=\"wp-image-28294\" srcset=\"https:\/\/diariotribuna.com.br\/wp-content\/uploads\/2025\/01\/DSC_5349-1024x678.jpg 1024w, https:\/\/diariotribuna.com.br\/wp-content\/uploads\/2025\/01\/DSC_5349-300x199.jpg 300w, https:\/\/diariotribuna.com.br\/wp-content\/uploads\/2025\/01\/DSC_5349-768x509.jpg 768w, https:\/\/diariotribuna.com.br\/wp-content\/uploads\/2025\/01\/DSC_5349-1536x1017.jpg 1536w, https:\/\/diariotribuna.com.br\/wp-content\/uploads\/2025\/01\/DSC_5349-2048x1356.jpg 2048w, https:\/\/diariotribuna.com.br\/wp-content\/uploads\/2025\/01\/DSC_5349-696x461.jpg 696w, https:\/\/diariotribuna.com.br\/wp-content\/uploads\/2025\/01\/DSC_5349-1068x707.jpg 1068w, https:\/\/diariotribuna.com.br\/wp-content\/uploads\/2025\/01\/DSC_5349-634x420.jpg 634w\" sizes=\"(max-width: 1024px) 100vw, 1024px\" \/><\/figure>\n\n\n\n<figure class=\"wp-block-image size-large\"><img loading=\"lazy\" decoding=\"async\" width=\"700\" height=\"464\" data-id=\"28286\" src=\"https:\/\/diariotribuna.com.br\/wp-content\/uploads\/2025\/01\/DSC_5397.jpg\" alt=\"\" class=\"wp-image-28286\" srcset=\"https:\/\/diariotribuna.com.br\/wp-content\/uploads\/2025\/01\/DSC_5397.jpg 700w, https:\/\/diariotribuna.com.br\/wp-content\/uploads\/2025\/01\/DSC_5397-300x199.jpg 300w, https:\/\/diariotribuna.com.br\/wp-content\/uploads\/2025\/01\/DSC_5397-696x461.jpg 696w, https:\/\/diariotribuna.com.br\/wp-content\/uploads\/2025\/01\/DSC_5397-634x420.jpg 634w\" sizes=\"(max-width: 700px) 100vw, 700px\" \/><\/figure>\n\n\n\n<figure class=\"wp-block-image size-large\"><img loading=\"lazy\" decoding=\"async\" width=\"700\" height=\"451\" data-id=\"28291\" src=\"https:\/\/diariotribuna.com.br\/wp-content\/uploads\/2025\/01\/3-7.jpg\" alt=\"\" class=\"wp-image-28291\" srcset=\"https:\/\/diariotribuna.com.br\/wp-content\/uploads\/2025\/01\/3-7.jpg 700w, https:\/\/diariotribuna.com.br\/wp-content\/uploads\/2025\/01\/3-7-300x193.jpg 300w, https:\/\/diariotribuna.com.br\/wp-content\/uploads\/2025\/01\/3-7-696x448.jpg 696w, https:\/\/diariotribuna.com.br\/wp-content\/uploads\/2025\/01\/3-7-652x420.jpg 652w\" sizes=\"(max-width: 700px) 100vw, 700px\" \/><\/figure>\n\n\n\n<figure class=\"wp-block-image size-large\"><img loading=\"lazy\" decoding=\"async\" width=\"700\" height=\"429\" data-id=\"28289\" src=\"https:\/\/diariotribuna.com.br\/wp-content\/uploads\/2025\/01\/2-4.jpg\" alt=\"\" class=\"wp-image-28289\" srcset=\"https:\/\/diariotribuna.com.br\/wp-content\/uploads\/2025\/01\/2-4.jpg 700w, https:\/\/diariotribuna.com.br\/wp-content\/uploads\/2025\/01\/2-4-300x184.jpg 300w, https:\/\/diariotribuna.com.br\/wp-content\/uploads\/2025\/01\/2-4-696x427.jpg 696w, https:\/\/diariotribuna.com.br\/wp-content\/uploads\/2025\/01\/2-4-685x420.jpg 685w\" sizes=\"(max-width: 700px) 100vw, 700px\" \/><\/figure>\n<\/figure>\n\n\n\n<p><strong>Diretoria da AMUC \u2013 Exerc\u00edcio 2025. Presidente<\/strong>: F\u00e1bio Marinho dos Santos (Te\u00f3filo Otoni).&nbsp;<strong>1\u00ba Vice-Presidente:<\/strong>&nbsp;Normandes da Costa Jardim (Novo Oriente de Minas).&nbsp;<strong>2\u00ba Vice-Presidente:<\/strong>&nbsp;Nilton dos Santos Coimbra (Francisc\u00f3polis).&nbsp;<strong>Secret\u00e1ria Geral:<\/strong>&nbsp;Viviane Pena (Novo Cruzeiro).&nbsp;<strong>Conselho Fiscal, membros efetivos:<\/strong>&nbsp;Ild\u00e1sio Ferreira Rosa Carrieiros (Bert\u00f3polis), M\u00e1rio S\u00e9rgio Santos (Pot\u00e9) e Ronan Jardim C\u00e9sar (Ladainha).&nbsp;<strong>Suplentes:<\/strong>&nbsp;Marconi Vieira Nery (Itaip\u00e9), Edwander Pinto (Serra dos Aimor\u00e9s), e Jos\u00e9 Amadeu Nanayoski Tavares (Carlos Chagas).<\/p>\n","protected":false},"excerpt":{"rendered":"<p>A Associa\u00e7\u00e3o dos Munic\u00edpios da Microrregi\u00e3o do Vale do Mucuri (AMUC) realizou Assembleia Ordin\u00e1ria, na manh\u00e3 de quarta-feira, 15 de janeiro de 2025, em sua sede, em Te\u00f3filo Otoni, para elei\u00e7\u00e3o da diretoria, exerc\u00edcio 2025 e presta\u00e7\u00e3o de contas da gest\u00e3o anterior. A assembleia foi conduzida pelo ent\u00e3o presidente e prefeito de Itaip\u00e9, Alexander Rodrigues [&hellip;]<\/p>\n","protected":false},"author":1,"featured_media":28280,"comment_status":"open","ping_status":"open","sticky":false,"template":"","format":"standard","meta":{"rop_custom_images_group":[],"rop_custom_messages_group":[],"rop_publish_now":"initial","rop_publish_now_accounts":[],"rop_publish_now_history":[],"rop_publish_now_status":"pending","footnotes":""},"categories":[19],"tags":[277,3914,6936,6937,75],"class_list":["post-28279","post","type-post","status-publish","format-standard","has-post-thumbnail","hentry","category-gerais","tag-amuc","tag-eleicao","tag-marinho-presidente","tag-por-aclamacao","tag-teofilo-otoni"],"_links":{"self":[{"href":"https:\/\/diariotribuna.com.br\/index.php?rest_route=\/wp\/v2\/posts\/28279"}],"collection":[{"href":"https:\/\/diariotribuna.com.br\/index.php?rest_route=\/wp\/v2\/posts"}],"about":[{"href":"https:\/\/diariotribuna.com.br\/index.php?rest_route=\/wp\/v2\/types\/post"}],"author":[{"embeddable":true,"href":"https:\/\/diariotribuna.com.br\/index.php?rest_route=\/wp\/v2\/users\/1"}],"replies":[{"embeddable":true,"href":"https:\/\/diariotribuna.com.br\/index.php?rest_route=%2Fwp%2Fv2%2Fcomments&post=28279"}],"version-history":[{"count":1,"href":"https:\/\/diariotribuna.com.br\/index.php?rest_route=\/wp\/v2\/posts\/28279\/revisions"}],"predecessor-version":[{"id":28295,"href":"https:\/\/diariotribuna.com.br\/index.php?rest_route=\/wp\/v2\/posts\/28279\/revisions\/28295"}],"wp:featuredmedia":[{"embeddable":true,"href":"https:\/\/diariotribuna.com.br\/index.php?rest_route=\/wp\/v2\/media\/28280"}],"wp:attachment":[{"href":"https:\/\/diariotribuna.com.br\/index.php?rest_route=%2Fwp%2Fv2%2Fmedia&parent=28279"}],"wp:term":[{"taxonomy":"category","embeddable":true,"href":"https:\/\/diariotribuna.com.br\/index.php?rest_route=%2Fwp%2Fv2%2Fcategories&post=28279"},{"taxonomy":"post_tag","embeddable":true,"href":"https:\/\/diariotribuna.com.br\/index.php?rest_route=%2Fwp%2Fv2%2Ftags&post=28279"}],"curies":[{"name":"wp","href":"https:\/\/api.w.org\/{rel}","templated":true}]}}