{"id":28296,"date":"2025-01-21T16:52:34","date_gmt":"2025-01-21T19:52:34","guid":{"rendered":"https:\/\/diariotribuna.com.br\/?p=28296"},"modified":"2025-01-24T00:05:40","modified_gmt":"2025-01-24T03:05:40","slug":"justica-decreta-a-prisao-de-motorista-de-carreta-que-provocou-grave-acidente-com-39-mortes-em-teofilo-otoni","status":"publish","type":"post","link":"https:\/\/diariotribuna.com.br\/?p=28296","title":{"rendered":"Justi\u00e7a decreta a pris\u00e3o de motorista de carreta que provocou grave acidente com 39 mortes, em Te\u00f3filo Otoni"},"content":{"rendered":"\n<h3 class=\"wp-block-heading\"><em><strong>Exames demostram uso de drogas e \u00e1lcool por condutor e excesso de peso do ve\u00edculo<\/strong><\/em><\/h3>\n\n\n\n<figure class=\"wp-block-image size-full is-resized\"><img loading=\"lazy\" decoding=\"async\" width=\"700\" height=\"385\" src=\"https:\/\/diariotribuna.com.br\/wp-content\/uploads\/2025\/01\/4-5.jpg\" alt=\"\" class=\"wp-image-28299\" style=\"width:435px;height:auto\" srcset=\"https:\/\/diariotribuna.com.br\/wp-content\/uploads\/2025\/01\/4-5.jpg 700w, https:\/\/diariotribuna.com.br\/wp-content\/uploads\/2025\/01\/4-5-300x165.jpg 300w, https:\/\/diariotribuna.com.br\/wp-content\/uploads\/2025\/01\/4-5-696x383.jpg 696w\" sizes=\"(max-width: 700px) 100vw, 700px\" \/><\/figure>\n\n\n\n<p>O juiz Danilo de Mello Ferraz, da 1\u00aa Vara Criminal da Comarca de Te\u00f3filo Otoni, decretou a pris\u00e3o do motorista da carreta bitrem que provocou grave acidente na madrugada de 21\/12\/2024, no KM 286,5 da rodovia BR-116, ao passar pelo munic\u00edpio de Te\u00f3filo Otoni (MG). O ve\u00edculo transportava um bloco de granito que se desprendeu e colidiu com um \u00f4nibus, que trafegava em sentido contr\u00e1rio de dire\u00e7\u00e3o, causando a morte de 39 pessoas, entre adultos e crian\u00e7as, e deixando outros passageiros feridos.<\/p>\n\n\n\n<p>O magistrado revisou a decis\u00e3o de conceder a liberdade ao condutor da carreta, tomada \u00e0 \u00e9poca dos fatos, em vista de novos elementos que surgiram ao longo das investiga\u00e7\u00f5es: a aus\u00eancia do motorista no local do acidente, o sobrepeso da carga da carreta, a aus\u00eancia de confer\u00eancia das condi\u00e7\u00f5es de transporte da carga pelo motorista, o excesso de velocidade do ve\u00edculo, a jornada exaustiva de viagem, a falta de descanso adequado e o uso de subst\u00e2ncias entorpecentes.<\/p>\n\n\n\n<p>A an\u00e1lise dos fatos e o depoimento de v\u00e1rias testemunhas levaram o magistrado a considerar que o motorista assumiu diversos riscos, caracterizando o chamado dolo eventual. As pessoas ouvidas, tripulantes de carros que passavam pelo local no momento do acidente ou passageiros do \u00f4nibus, negaram ter havido qualquer barulho de explos\u00e3o de pneu no momento do acidente ou que o ve\u00edculo tenha se desgovernado. Tampouco foram achados vest\u00edgios que comprovassem essa vers\u00e3o dos fatos.<\/p>\n\n\n\n<figure class=\"wp-block-gallery has-nested-images columns-default is-cropped wp-block-gallery-1 is-layout-flex wp-block-gallery-is-layout-flex\">\n<figure class=\"wp-block-image size-large\"><img loading=\"lazy\" decoding=\"async\" width=\"700\" height=\"394\" data-id=\"28301\" src=\"https:\/\/diariotribuna.com.br\/wp-content\/uploads\/2025\/01\/5-3.jpg\" alt=\"\" class=\"wp-image-28301\" srcset=\"https:\/\/diariotribuna.com.br\/wp-content\/uploads\/2025\/01\/5-3.jpg 700w, https:\/\/diariotribuna.com.br\/wp-content\/uploads\/2025\/01\/5-3-300x169.jpg 300w, https:\/\/diariotribuna.com.br\/wp-content\/uploads\/2025\/01\/5-3-696x392.jpg 696w\" sizes=\"(max-width: 700px) 100vw, 700px\" \/><\/figure>\n\n\n\n<figure class=\"wp-block-image size-large\"><img loading=\"lazy\" decoding=\"async\" width=\"700\" height=\"394\" data-id=\"28302\" src=\"https:\/\/diariotribuna.com.br\/wp-content\/uploads\/2025\/01\/1-4-1.jpg\" alt=\"\" class=\"wp-image-28302\" srcset=\"https:\/\/diariotribuna.com.br\/wp-content\/uploads\/2025\/01\/1-4-1.jpg 700w, https:\/\/diariotribuna.com.br\/wp-content\/uploads\/2025\/01\/1-4-1-300x169.jpg 300w, https:\/\/diariotribuna.com.br\/wp-content\/uploads\/2025\/01\/1-4-1-696x392.jpg 696w\" sizes=\"(max-width: 700px) 100vw, 700px\" \/><\/figure>\n<\/figure>\n\n\n\n<p>Isso, associado ao fato de que ele admitiu n\u00e3o ter o costume de verificar a amarra\u00e7\u00e3o do material que transportava e dos limites de peso a obedecer, na avalia\u00e7\u00e3o do juiz, evidenciavam \u201ca absoluta irresponsabilidade e inaptid\u00e3o para exerc\u00edcio de seu of\u00edcio\u201d. O magistrado citou ainda elementos objetivos juntados aos autos, como o excesso de velocidade do caminh\u00e3o, que trafegava a 90 km\/h, quando o permitido para a via era de 80 km\/h, e o excesso de peso transportado, que superou 68 toneladas, sendo que cada reboque possu\u00eda capacidade m\u00e1xima de carga de 30 toneladas.<\/p>\n\n\n\n<p>Assim, ele entendeu n\u00e3o se tratava de \u201csimples descuido ou inobserv\u00e2ncia de um dever de cuidado objetivo, mas em deliberada assun\u00e7\u00e3o de risco, mormente quando embalado pelo uso de drogas diversas\u201d. Diante disso, ele decretou a pris\u00e3o do investigado, como forma de se garantir a ordem p\u00fablica, pois havia ind\u00edcios de reitera\u00e7\u00e3o de crimes de tr\u00e2nsito (embriaguez ao volante), e o acidente teve consequ\u00eancias grav\u00edssimas. (Diretoria Executiva de Comunica\u00e7\u00e3o, Dircom\/ Tribunal de Justi\u00e7a de Minas Gerais, TJMG).<\/p>\n","protected":false},"excerpt":{"rendered":"<p>Exames demostram uso de drogas e \u00e1lcool por condutor e excesso de peso do ve\u00edculo O juiz Danilo de Mello Ferraz, da 1\u00aa Vara Criminal da Comarca de Te\u00f3filo Otoni, decretou a pris\u00e3o do motorista da carreta bitrem que provocou grave acidente na madrugada de 21\/12\/2024, no KM 286,5 da rodovia BR-116, ao passar pelo [&hellip;]<\/p>\n","protected":false},"author":1,"featured_media":28299,"comment_status":"open","ping_status":"open","sticky":false,"template":"","format":"standard","meta":{"rop_custom_images_group":[],"rop_custom_messages_group":[],"rop_publish_now":"initial","rop_publish_now_accounts":[],"rop_publish_now_history":[],"rop_publish_now_status":"pending","footnotes":""},"categories":[19],"tags":[125,1382,1659,292,75,53],"class_list":["post-28296","post","type-post","status-publish","format-standard","has-post-thumbnail","hentry","category-gerais","tag-acidente","tag-br-116-2","tag-motorista-preso","tag-policia-civil","tag-teofilo-otoni","tag-tjmg"],"_links":{"self":[{"href":"https:\/\/diariotribuna.com.br\/index.php?rest_route=\/wp\/v2\/posts\/28296"}],"collection":[{"href":"https:\/\/diariotribuna.com.br\/index.php?rest_route=\/wp\/v2\/posts"}],"about":[{"href":"https:\/\/diariotribuna.com.br\/index.php?rest_route=\/wp\/v2\/types\/post"}],"author":[{"embeddable":true,"href":"https:\/\/diariotribuna.com.br\/index.php?rest_route=\/wp\/v2\/users\/1"}],"replies":[{"embeddable":true,"href":"https:\/\/diariotribuna.com.br\/index.php?rest_route=%2Fwp%2Fv2%2Fcomments&post=28296"}],"version-history":[{"count":1,"href":"https:\/\/diariotribuna.com.br\/index.php?rest_route=\/wp\/v2\/posts\/28296\/revisions"}],"predecessor-version":[{"id":28303,"href":"https:\/\/diariotribuna.com.br\/index.php?rest_route=\/wp\/v2\/posts\/28296\/revisions\/28303"}],"wp:featuredmedia":[{"embeddable":true,"href":"https:\/\/diariotribuna.com.br\/index.php?rest_route=\/wp\/v2\/media\/28299"}],"wp:attachment":[{"href":"https:\/\/diariotribuna.com.br\/index.php?rest_route=%2Fwp%2Fv2%2Fmedia&parent=28296"}],"wp:term":[{"taxonomy":"category","embeddable":true,"href":"https:\/\/diariotribuna.com.br\/index.php?rest_route=%2Fwp%2Fv2%2Fcategories&post=28296"},{"taxonomy":"post_tag","embeddable":true,"href":"https:\/\/diariotribuna.com.br\/index.php?rest_route=%2Fwp%2Fv2%2Ftags&post=28296"}],"curies":[{"name":"wp","href":"https:\/\/api.w.org\/{rel}","templated":true}]}}