{"id":28297,"date":"2025-01-21T12:00:12","date_gmt":"2025-01-21T15:00:12","guid":{"rendered":"https:\/\/diariotribuna.com.br\/?p=28297"},"modified":"2025-01-21T12:00:12","modified_gmt":"2025-01-21T15:00:12","slug":"cisnorje-samu-sob-calamidade-financeira","status":"publish","type":"post","link":"https:\/\/diariotribuna.com.br\/?p=28297","title":{"rendered":"Cisnorje\/Samu sob calamidade financeira\u00a0"},"content":{"rendered":"<p><span>Foto: Reprodu\u00e7\u00e3o DT<\/span><\/p>\n<p><strong><span>COLUNA MG<\/span><\/strong><br \/><span>Principais destaques dos jornais e portais integrantes da rede Sindijori MG <\/span><br \/><span><a href=\"http:\/\/www.sindijorimg.com.br\/\">www.sindijorimg.com.br<\/a><\/span><\/p>\n<p><strong><span>Cisnorje\/Samu sob calamidade financeira<\/span><\/strong><br \/><span>O presidente do Cons\u00f3rcio Intermunicipal de Sa\u00fade da Rede de Urg\u00eancia no Nordeste\/Jequitinhonha (Cisnorje\/Samu) e prefeito de Ouro Verde de Minas, Marcelo Adriano Xavier de Vasconcelos, decretou estado de calamidade financeira no \u00e2mbito da institui\u00e7\u00e3o. Para a decis\u00e3o, o decreto considerou a grave situa\u00e7\u00e3o financeira enfrentada pela entidade, que compromete a presta\u00e7\u00e3o regular dos servi\u00e7os de sa\u00fade, decorrente queda dr\u00e1stica de sua receita, e a necessidade de adotar medidas extraordin\u00e1rias para assegurar a continuidade das atividades e o atendimento \u00e0 popula\u00e7\u00e3o de sua abrang\u00eancia, entre outros. (Di\u00e1rio Tribuna \u2013 Te\u00f3filo Otoni)<\/span><br \/><span><a href=\"https:\/\/diariotribuna.com.br\/?p=28250\">https:\/\/diariotribuna.com.br\/?p=28250<\/a><\/span><\/p>\n<p><strong><span>MG Integra Ensino M\u00e9dio e T\u00e9cnico<\/span><\/strong><br \/><span>O Governo de Minas, em parceria com o Senai\/MG, lan\u00e7ou o programa Trilhas de Futuro nas Escolas, que integra o Ensino M\u00e9dio em Tempo Integral \u00e0 forma\u00e7\u00e3o t\u00e9cnica, permitindo que 9,6 mil estudantes de 155 escolas estaduais concluam o ensino m\u00e9dio e um curso t\u00e9cnico simultaneamente em 2025. Com investimento de R$ 170 milh\u00f5es, a iniciativa oferece cursos em \u00e1reas estrat\u00e9gicas como Automa\u00e7\u00e3o Industrial, Minera\u00e7\u00e3o e Sistemas de Energia Renov\u00e1vel. (Balc\u00e3o News \u2013 Belo Horizonte)<\/span><br \/><span><a href=\"https:\/\/balcaonews.com.br\/2025\/01\/20\/senai-e-governo-de-minas-integram-ensino-medio-a-formacao-tecnica\/\">https:\/\/balcaonews.com.br\/2025\/01\/20\/senai-e-governo-de-minas-integram-ensino-medio-a-formacao-tecnica\/<\/a><\/span><\/p>\n<p><strong><span>Gin\u00e1sios ganham tributo art\u00edstico<\/span><\/strong><br \/><span>O projeto cultural Memomural retorna a Arax\u00e1, transformando espa\u00e7os urbanos em homenagens art\u00edsticas a figuras marcantes da hist\u00f3ria local, como Chico Formiga e Oleg\u00e1ria de Almeida Costa. Nessa etapa, dois gin\u00e1sios recebem murais com t\u00e9cnicas de graffiti, totalizando 390 m\u00b2 de arte. Idealizado por Ton Lima e realizado com apoio da CBMM e da Prefeitura, o projeto combina pesquisa hist\u00f3rica, valoriza\u00e7\u00e3o cultural e oficinas de graffiti para a comunidade. Os murais ficar\u00e3o expostos gratuitamente, com eventos de lan\u00e7amento abertos ao p\u00fablico e grupos culturais locais. (Clarim.net \u2013 Arax\u00e1)<\/span><br \/><span><a href=\"https:\/\/clarim.net.br\/memomural-ginasios-ganham-tributo-artistico-a-personalidades-de-araxa\/\">https:\/\/clarim.net.br\/memomural-ginasios-ganham-tributo-artistico-a-personalidades-de-araxa\/<\/a><\/span><\/p>\n<p><strong><span>4\u00aa Mostra de M\u00f3veis de Ub\u00e1 re\u00fane lojistas <\/span><\/strong><br \/><span>A 4\u00aa Mostra de M\u00f3veis de Ub\u00e1 acontece de 20 a 23 de janeiro no Pavilh\u00e3o de Exposi\u00e7\u00f5es Irineu Gomes Filho, no Horto Florestal, com entrada gratuita. Reunindo 80 expositores locais e nacionais, o evento espera atrair cerca de 10 mil visitantes, refor\u00e7ando Ub\u00e1 como a capital mineira dos m\u00f3veis. Com o tema &#8220;Conectar para Transformar&#8221;, a mostra destaca inova\u00e7\u00f5es do setor moveleiro e a import\u00e2ncia da integra\u00e7\u00e3o no mercado, al\u00e9m de celebrar o desenvolvimento industrial da cidade, impulsionado por investimentos em capacita\u00e7\u00e3o e tecnologia. (Tribuna de Minas \u2013 Juiz de Fora)<\/span><br \/><span><a href=\"https:\/\/tribunademinas.com.br\/noticias\/regiao\/20-01-2025\/4a-mostra-de-moveis-de-uba.html#goog_rewarded\">https:\/\/tribunademinas.com.br\/noticias\/regiao\/20-01-2025\/4a-mostra-de-moveis-de-uba.html#goog_rewarded<\/a><\/span><\/p>\n<p><strong><span>Abrigos municipais s\u00e3o estruturados<\/span><\/strong><br \/><span>A Prefeitura de Ipatinga est\u00e1 mobilizando esfor\u00e7os para amparar v\u00edtimas das chuvas, abrigando desalojados no est\u00e1dio Ipating\u00e3o e em uma escola municipal, onde recebem alimenta\u00e7\u00e3o, colch\u00f5es, atendimento m\u00e9dico e psicol\u00f3gico, al\u00e9m de vacina\u00e7\u00e3o contra doen\u00e7as. Benef\u00edcios como aluguel social, aux\u00edlio emergencial e materiais b\u00e1sicos est\u00e3o sendo disponibilizados, enquanto doa\u00e7\u00f5es e recursos da Defesa Civil ajudam a suprir as necessidades. A administra\u00e7\u00e3o alerta para os riscos cont\u00ednuos de deslizamentos e inunda\u00e7\u00f5es, refor\u00e7ando a prioridade em preservar vidas. (Portal Silmara de Freitas \u2013 Ipatinga)<\/span><br \/><span><a href=\"https:\/\/www.silmaradefreitas.com.br\/abrigos-municipais-sao-estruturados-para-aliviar-a-dor-e-o-desamparo-das-vitimas-da-chuva-em-ipatinga\/\">https:\/\/www.silmaradefreitas.com.br\/abrigos-municipais-sao-estruturados-para-aliviar-a-dor-e-o-desamparo-das-vitimas-da-chuva-em-ipatinga\/<\/a><\/span><\/p>\n<p><span><strong>Po\u00e7os \u00e9 o terceiro mais procurado<\/strong> <\/span><br \/><span>Po\u00e7os de Caldas se consolida como um dos principais destinos tur\u00edsticos de Minas Gerais, ficando atr\u00e1s apenas de Belo Horizonte e Monte Verde em buscas na plataforma Booking.com, com previs\u00e3o de alcan\u00e7ar a segunda posi\u00e7\u00e3o em 2025. A cidade registra aumento de 24% nas buscas por acomoda\u00e7\u00f5es no primeiro semestre de 2025 e atrai turistas com sua diversidade de atra\u00e7\u00f5es, como turismo gastron\u00f4mico, rural, de aventura e o Festival de Inverno em julho. Po\u00e7os de Caldas visa fomentar eventos em baixa temporada para manter o turismo aquecido o ano todo, contribuindo para o destaque de Minas Gerais como l\u00edder nacional no setor. (Mantiqueira \u2013 Po\u00e7os de Caldas)<\/span><br \/><span><a href=\"https:\/\/www.jornalmantiqueira.com.br\/2025\/01\/17\/pocos-e-o-terceiro-destino-turistico-mais-procurado-de-minas-gerais\/\">https:\/\/www.jornalmantiqueira.com.br\/2025\/01\/17\/pocos-e-o-terceiro-destino-turistico-mais-procurado-de-minas-gerais\/<\/a><\/span><\/p>\n<p><strong><span>Campanha faz com\u00e9rcio crescer em MG<\/span><\/strong><br \/><span>A taxa\u00e7\u00e3o de 20% sobre importa\u00e7\u00f5es de at\u00e9 50 d\u00f3lares para pessoas f\u00edsicas, implementada em agosto de 2024, impulsionou o com\u00e9rcio de tecidos, vestu\u00e1rio e cal\u00e7ados em Minas Gerais, com aumento de 6,1% nas vendas em novembro de 2024 em compara\u00e7\u00e3o ao mesmo m\u00eas do ano anterior. No acumulado do ano, o setor cresceu 3%, revertendo a trajet\u00f3ria de queda gra\u00e7as \u00e0 campanha liderada pela Fecom\u00e9rcio MG e Fiemg. A a\u00e7\u00e3o visa fortalecer o com\u00e9rcio e a ind\u00fastria locais, afetados por mais de uma d\u00e9cada por importa\u00e7\u00f5es de baixo valor. (Gazeta de Varginha)<\/span><br \/><span><a href=\"https:\/\/www.gazetadevarginha.com.br\/post\/campanha-da-fecom%C3%A9rcio-mg-pela-taxa%C3%A7%C3%A3o-dos-importados-faz-com%C3%A9rcio-de-tecidos-vestu%C3%A1rios-e-cal%C3%A7ados\">https:\/\/www.gazetadevarginha.com.br\/post\/campanha-da-fecom%C3%A9rcio-mg-pela-taxa%C3%A7%C3%A3o-dos-importados-faz-com%C3%A9rcio-de-tecidos-vestu%C3%A1rios-e-cal%C3%A7ados<\/a><\/span><\/p>\n<p><span><\/span><\/p>\n<p>\u00a0<\/p>","protected":false},"excerpt":{"rendered":"<p>Foto: Reprodu\u00e7\u00e3o DT COLUNA MGPrincipais destaques dos jornais e portais integrantes da rede Sindijori MG www.sindijorimg.com.br Cisnorje\/Samu sob calamidade financeiraO presidente do Cons\u00f3rcio Intermunicipal de Sa\u00fade da Rede de Urg\u00eancia no Nordeste\/Jequitinhonha (Cisnorje\/Samu) e prefeito de Ouro Verde de Minas, Marcelo Adriano Xavier de Vasconcelos, decretou estado de calamidade financeira no \u00e2mbito da institui\u00e7\u00e3o. Para [&hellip;]<\/p>\n","protected":false},"author":0,"featured_media":28298,"comment_status":"open","ping_status":"open","sticky":false,"template":"","format":"standard","meta":{"rop_custom_images_group":[],"rop_custom_messages_group":[],"rop_publish_now":"initial","rop_publish_now_accounts":[],"rop_publish_now_history":[],"rop_publish_now_status":"pending","footnotes":""},"categories":[6745],"tags":[],"class_list":["post-28297","post","type-post","status-publish","format-standard","has-post-thumbnail","hentry","category-coluna-sindijori"],"_links":{"self":[{"href":"https:\/\/diariotribuna.com.br\/index.php?rest_route=\/wp\/v2\/posts\/28297"}],"collection":[{"href":"https:\/\/diariotribuna.com.br\/index.php?rest_route=\/wp\/v2\/posts"}],"about":[{"href":"https:\/\/diariotribuna.com.br\/index.php?rest_route=\/wp\/v2\/types\/post"}],"replies":[{"embeddable":true,"href":"https:\/\/diariotribuna.com.br\/index.php?rest_route=%2Fwp%2Fv2%2Fcomments&post=28297"}],"version-history":[{"count":0,"href":"https:\/\/diariotribuna.com.br\/index.php?rest_route=\/wp\/v2\/posts\/28297\/revisions"}],"wp:featuredmedia":[{"embeddable":true,"href":"https:\/\/diariotribuna.com.br\/index.php?rest_route=\/wp\/v2\/media\/28298"}],"wp:attachment":[{"href":"https:\/\/diariotribuna.com.br\/index.php?rest_route=%2Fwp%2Fv2%2Fmedia&parent=28297"}],"wp:term":[{"taxonomy":"category","embeddable":true,"href":"https:\/\/diariotribuna.com.br\/index.php?rest_route=%2Fwp%2Fv2%2Fcategories&post=28297"},{"taxonomy":"post_tag","embeddable":true,"href":"https:\/\/diariotribuna.com.br\/index.php?rest_route=%2Fwp%2Fv2%2Ftags&post=28297"}],"curies":[{"name":"wp","href":"https:\/\/api.w.org\/{rel}","templated":true}]}}