{"id":28314,"date":"2025-01-21T17:40:34","date_gmt":"2025-01-21T20:40:34","guid":{"rendered":"https:\/\/diariotribuna.com.br\/?p=28314"},"modified":"2025-01-21T17:40:34","modified_gmt":"2025-01-21T20:40:34","slug":"governador-empossa-nova-ouvidora-geral-do-estado-de-minas-gerais","status":"publish","type":"post","link":"https:\/\/diariotribuna.com.br\/?p=28314","title":{"rendered":"Governador empossa nova ouvidora-geral do Estado de Minas Gerais"},"content":{"rendered":"\n<p><strong><em>Gabriela Siqueira assume a OGE\/MG com a miss\u00e3o de continuar o trabalho de garantir uma gest\u00e3o p\u00fablica transparente, \u00edntegra e respons\u00e1vel<\/em><\/strong><\/p>\n\n\n\n<figure class=\"wp-block-image size-full is-resized\"><img loading=\"lazy\" decoding=\"async\" width=\"650\" height=\"376\" src=\"https:\/\/diariotribuna.com.br\/wp-content\/uploads\/2025\/01\/Nova_OGE_DirceuAurelio_ImprensaMG.jpg\" alt=\"\" class=\"wp-image-28315\" style=\"width:545px;height:auto\" srcset=\"https:\/\/diariotribuna.com.br\/wp-content\/uploads\/2025\/01\/Nova_OGE_DirceuAurelio_ImprensaMG.jpg 650w, https:\/\/diariotribuna.com.br\/wp-content\/uploads\/2025\/01\/Nova_OGE_DirceuAurelio_ImprensaMG-300x174.jpg 300w\" sizes=\"(max-width: 650px) 100vw, 650px\" \/><\/figure>\n\n\n\n<p>O governador Romeu Zema empossou a nova ouvidora-geral do Estado, nesta ter\u00e7a-feira (21\/1), na Cidade Administrativa, em Belo Horizonte. A servidora de carreira Gabriela Siqueira assume a chefia da\u00a0<a href=\"https:\/\/www.ouvidoriageral.mg.gov.br\/\" target=\"_blank\" rel=\"noreferrer noopener\">Ouvidoria-Geral do Estado de Minas Gerais (OGE\/MG)<\/a>\u00a0no lugar de Simone Deoud, que estava \u00e0 frente da institui\u00e7\u00e3o desde 2019.<\/p>\n\n\n\n<p>O governador Romeu Zema refor\u00e7ou o papel da OGE\/MG para que o\u00a0<a href=\"https:\/\/www.mg.gov.br\/\" target=\"_blank\" rel=\"noreferrer noopener\">Governo de Minas<\/a>\u00a0possa promover uma gest\u00e3o que v\u00e1 ao encontro do anseio da popula\u00e7\u00e3o.<\/p>\n\n\n\n<p>&#8220;Sempre considerei esta atividade de extrema import\u00e2ncia. Sempre fui adepto de adotar a linha de gest\u00e3o de escutar quem est\u00e1 na linha de frente. Quando voc\u00ea n\u00e3o escuta o que est\u00e1 acontecendo no atendimento ao cidad\u00e3o, voc\u00ea n\u00e3o sabe se est\u00e1 fazendo uma gest\u00e3o adequada e uma administra\u00e7\u00e3o boa&#8221;, disse Romeu Zema.<\/p>\n\n\n\n<p>\u201cDesde o in\u00edcio da nossa gest\u00e3o, fizemos quest\u00e3o de fortalecer a estrutura da ouvidoria e prova disso que a quantidade de manifesta\u00e7\u00f5es dos cidad\u00e3os cresceu muito nos \u00faltimos anos\u201d, destacou o governador.<br><br>A Ouvidora-Geral do Estado \u00e9 o canal de interlocu\u00e7\u00e3o entre o cidad\u00e3o mineiro e o Governo de Minas. \u00c9 o \u00f3rg\u00e3o respons\u00e1vel pela fiscaliza\u00e7\u00e3o interna dos servi\u00e7os p\u00fablicos do Estado, com foco principalmente na preven\u00e7\u00e3o e combate \u00e0 corrup\u00e7\u00e3o.<br><br><strong>Ao assumir o cargo, Gabriela Siqueira\u00a0se comprometeu a continuar o trabalho que vem sendo realizado pela institui\u00e7\u00e3o<\/strong>. &#8220;A ouvidoria \u00e9 um \u00f3rg\u00e3o muito importante na media\u00e7\u00e3o entre a administra\u00e7\u00e3o p\u00fablica e o cidad\u00e3o mineiro. As minhas decis\u00f5es v\u00e3o ser sempre pautadas na \u00e9tica e no interesse p\u00fablico e ter\u00e3o o objetivo de continuar o trabalho que vem sendo desenvolvido, que \u00e9 de dar voz aos mineiros&#8221;, afirma Gabriela Siqueira.<\/p>\n\n\n\n<p><strong>Curr\u00edculo<\/strong> &#8211; <strong>Gabriela Siqueira<\/strong> \u00e9 formada como Especialista em Pol\u00edtica P\u00fablica e Gest\u00e3o Governamental (EPPGG) pela\u00a0<a href=\"https:\/\/fjp.mg.gov.br\/\" target=\"_blank\" rel=\"noreferrer noopener\">Funda\u00e7\u00e3o Jo\u00e3o Pinheiro (FJP)<\/a>. Ela tamb\u00e9m \u00e9 bacharel em Psicologia\u00a0pela Universidade Federal de Minas Gerais (UFMG), e se tornou Mestre em Ci\u00eancias Pol\u00edticas, tamb\u00e9m na UFMG, em 2018. Ela j\u00e1 atuava na OGE desde 2021, onde ocupava o cargo de ouvidora-geral adjunta do Estado. (ASCOM \/ Governo de Minas \/ Dirceu Aur\u00e9lio \/ Imprensa MG).<\/p>\n","protected":false},"excerpt":{"rendered":"<p>Gabriela Siqueira assume a OGE\/MG com a miss\u00e3o de continuar o trabalho de garantir uma gest\u00e3o p\u00fablica transparente, \u00edntegra e respons\u00e1vel O governador Romeu Zema empossou a nova ouvidora-geral do Estado, nesta ter\u00e7a-feira (21\/1), na Cidade Administrativa, em Belo Horizonte. A servidora de carreira Gabriela Siqueira assume a chefia da\u00a0Ouvidoria-Geral do Estado de Minas Gerais [&hellip;]<\/p>\n","protected":false},"author":1,"featured_media":28315,"comment_status":"open","ping_status":"open","sticky":false,"template":"","format":"standard","meta":{"rop_custom_images_group":[],"rop_custom_messages_group":[],"rop_publish_now":"initial","rop_publish_now_accounts":[],"rop_publish_now_history":[],"rop_publish_now_status":"pending","footnotes":""},"categories":[21],"tags":[6941,357,1005,371,61],"class_list":["post-28314","post","type-post","status-publish","format-standard","has-post-thumbnail","hentry","category-politica","tag-gabriela-siqueira","tag-governo-de-minas","tag-mg","tag-posse","tag-zema"],"_links":{"self":[{"href":"https:\/\/diariotribuna.com.br\/index.php?rest_route=\/wp\/v2\/posts\/28314"}],"collection":[{"href":"https:\/\/diariotribuna.com.br\/index.php?rest_route=\/wp\/v2\/posts"}],"about":[{"href":"https:\/\/diariotribuna.com.br\/index.php?rest_route=\/wp\/v2\/types\/post"}],"author":[{"embeddable":true,"href":"https:\/\/diariotribuna.com.br\/index.php?rest_route=\/wp\/v2\/users\/1"}],"replies":[{"embeddable":true,"href":"https:\/\/diariotribuna.com.br\/index.php?rest_route=%2Fwp%2Fv2%2Fcomments&post=28314"}],"version-history":[{"count":1,"href":"https:\/\/diariotribuna.com.br\/index.php?rest_route=\/wp\/v2\/posts\/28314\/revisions"}],"predecessor-version":[{"id":28316,"href":"https:\/\/diariotribuna.com.br\/index.php?rest_route=\/wp\/v2\/posts\/28314\/revisions\/28316"}],"wp:featuredmedia":[{"embeddable":true,"href":"https:\/\/diariotribuna.com.br\/index.php?rest_route=\/wp\/v2\/media\/28315"}],"wp:attachment":[{"href":"https:\/\/diariotribuna.com.br\/index.php?rest_route=%2Fwp%2Fv2%2Fmedia&parent=28314"}],"wp:term":[{"taxonomy":"category","embeddable":true,"href":"https:\/\/diariotribuna.com.br\/index.php?rest_route=%2Fwp%2Fv2%2Fcategories&post=28314"},{"taxonomy":"post_tag","embeddable":true,"href":"https:\/\/diariotribuna.com.br\/index.php?rest_route=%2Fwp%2Fv2%2Ftags&post=28314"}],"curies":[{"name":"wp","href":"https:\/\/api.w.org\/{rel}","templated":true}]}}