{"id":28317,"date":"2025-01-21T23:45:21","date_gmt":"2025-01-22T02:45:21","guid":{"rendered":"https:\/\/diariotribuna.com.br\/?p=28317"},"modified":"2025-01-21T23:46:11","modified_gmt":"2025-01-22T02:46:11","slug":"em-acao-rapida-pm-prende-assaltante-e-recupera-motocicleta-subtraida-da-vitima","status":"publish","type":"post","link":"https:\/\/diariotribuna.com.br\/?p=28317","title":{"rendered":"Em a\u00e7\u00e3o r\u00e1pida, PM prende assaltante e recupera motocicleta subtra\u00edda da v\u00edtima"},"content":{"rendered":"\n<figure class=\"wp-block-image size-full is-resized\"><img loading=\"lazy\" decoding=\"async\" width=\"700\" height=\"464\" src=\"https:\/\/diariotribuna.com.br\/wp-content\/uploads\/2025\/01\/Imagem-do-WhatsApp-de-2025-01-21-as-22.12.40_3e98a0f7.jpg\" alt=\"\" class=\"wp-image-28318\" style=\"width:446px;height:auto\" srcset=\"https:\/\/diariotribuna.com.br\/wp-content\/uploads\/2025\/01\/Imagem-do-WhatsApp-de-2025-01-21-as-22.12.40_3e98a0f7.jpg 700w, https:\/\/diariotribuna.com.br\/wp-content\/uploads\/2025\/01\/Imagem-do-WhatsApp-de-2025-01-21-as-22.12.40_3e98a0f7-300x199.jpg 300w, https:\/\/diariotribuna.com.br\/wp-content\/uploads\/2025\/01\/Imagem-do-WhatsApp-de-2025-01-21-as-22.12.40_3e98a0f7-696x461.jpg 696w, https:\/\/diariotribuna.com.br\/wp-content\/uploads\/2025\/01\/Imagem-do-WhatsApp-de-2025-01-21-as-22.12.40_3e98a0f7-634x420.jpg 634w\" sizes=\"(max-width: 700px) 100vw, 700px\" \/><\/figure>\n\n\n\n<p><strong>Jequitinhonha &#8211;<\/strong> A Pol\u00edcia Militar foi acionada, na segunda-feira (22\/1), a comparecer na zona rural de Jequitinhonha, onde a v\u00edtima M.R.L., disse aos militares que trabalha como mototaxista e que, por volta das 8h da manh\u00e3, o autor M.B.S. combinou uma corrida at\u00e9 a localidade conhecida como &#8220;Quatro Patacas&#8221;. Disse ainda que, durante o percurso, o autor encostou um fac\u00e3o no seu pesco\u00e7o e anunciou o assalto, tomou a motocicleta e seguiu em dire\u00e7\u00e3o \u00e0 localidade conhecida como Brej\u00e3o.<\/p>\n\n\n\n<p>Os militares desencadearam uma s\u00e9rie de dilig\u00eancias com o objetivo de identificar, localizar e prender em flagrante o autor do roubo. Ap\u00f3s mais de 10 horas de incans\u00e1veis buscas, os policiais conseguiram prend\u00ea-lo em flagrante e recuperar a motocicleta, que foi restitu\u00edda \u00e0 v\u00edtima, que na oportunidade agradeceu \u00e0 PMMG pelo grande empenho e recuperar seu bem, utilizado para trabalhar. (Informa\u00e7\u00f5es\/Foto: Capit\u00e3o Frederico).<\/p>\n\n\n\n<figure class=\"wp-block-image size-full is-resized\"><img loading=\"lazy\" decoding=\"async\" width=\"700\" height=\"388\" src=\"https:\/\/diariotribuna.com.br\/wp-content\/uploads\/2025\/01\/Imagem-do-WhatsApp-de-2025-01-21-as-22.12.41_b59dc137.jpg\" alt=\"\" class=\"wp-image-28319\" style=\"width:494px;height:auto\" srcset=\"https:\/\/diariotribuna.com.br\/wp-content\/uploads\/2025\/01\/Imagem-do-WhatsApp-de-2025-01-21-as-22.12.41_b59dc137.jpg 700w, https:\/\/diariotribuna.com.br\/wp-content\/uploads\/2025\/01\/Imagem-do-WhatsApp-de-2025-01-21-as-22.12.41_b59dc137-300x166.jpg 300w, https:\/\/diariotribuna.com.br\/wp-content\/uploads\/2025\/01\/Imagem-do-WhatsApp-de-2025-01-21-as-22.12.41_b59dc137-696x385.jpg 696w\" sizes=\"(max-width: 700px) 100vw, 700px\" \/><\/figure>\n","protected":false},"excerpt":{"rendered":"<p>Jequitinhonha &#8211; A Pol\u00edcia Militar foi acionada, na segunda-feira (22\/1), a comparecer na zona rural de Jequitinhonha, onde a v\u00edtima M.R.L., disse aos militares que trabalha como mototaxista e que, por volta das 8h da manh\u00e3, o autor M.B.S. combinou uma corrida at\u00e9 a localidade conhecida como &#8220;Quatro Patacas&#8221;. Disse ainda que, durante o percurso, [&hellip;]<\/p>\n","protected":false},"author":1,"featured_media":28318,"comment_status":"open","ping_status":"open","sticky":false,"template":"","format":"standard","meta":{"rop_custom_images_group":[],"rop_custom_messages_group":[],"rop_publish_now":"initial","rop_publish_now_accounts":[],"rop_publish_now_history":[],"rop_publish_now_status":"pending","footnotes":""},"categories":[20],"tags":[297,6394,76,6278],"class_list":["post-28317","post","type-post","status-publish","format-standard","has-post-thumbnail","hentry","category-policia","tag-jequitinhonha","tag-moto-recuperada","tag-policia-militar","tag-prisao-de-assaltante"],"_links":{"self":[{"href":"https:\/\/diariotribuna.com.br\/index.php?rest_route=\/wp\/v2\/posts\/28317"}],"collection":[{"href":"https:\/\/diariotribuna.com.br\/index.php?rest_route=\/wp\/v2\/posts"}],"about":[{"href":"https:\/\/diariotribuna.com.br\/index.php?rest_route=\/wp\/v2\/types\/post"}],"author":[{"embeddable":true,"href":"https:\/\/diariotribuna.com.br\/index.php?rest_route=\/wp\/v2\/users\/1"}],"replies":[{"embeddable":true,"href":"https:\/\/diariotribuna.com.br\/index.php?rest_route=%2Fwp%2Fv2%2Fcomments&post=28317"}],"version-history":[{"count":1,"href":"https:\/\/diariotribuna.com.br\/index.php?rest_route=\/wp\/v2\/posts\/28317\/revisions"}],"predecessor-version":[{"id":28320,"href":"https:\/\/diariotribuna.com.br\/index.php?rest_route=\/wp\/v2\/posts\/28317\/revisions\/28320"}],"wp:featuredmedia":[{"embeddable":true,"href":"https:\/\/diariotribuna.com.br\/index.php?rest_route=\/wp\/v2\/media\/28318"}],"wp:attachment":[{"href":"https:\/\/diariotribuna.com.br\/index.php?rest_route=%2Fwp%2Fv2%2Fmedia&parent=28317"}],"wp:term":[{"taxonomy":"category","embeddable":true,"href":"https:\/\/diariotribuna.com.br\/index.php?rest_route=%2Fwp%2Fv2%2Fcategories&post=28317"},{"taxonomy":"post_tag","embeddable":true,"href":"https:\/\/diariotribuna.com.br\/index.php?rest_route=%2Fwp%2Fv2%2Ftags&post=28317"}],"curies":[{"name":"wp","href":"https:\/\/api.w.org\/{rel}","templated":true}]}}