{"id":28324,"date":"2025-01-22T12:08:21","date_gmt":"2025-01-22T15:08:21","guid":{"rendered":"https:\/\/diariotribuna.com.br\/?p=28324"},"modified":"2025-01-22T12:08:21","modified_gmt":"2025-01-22T15:08:21","slug":"estacionar-custa-caro-em-juiz-de-fora","status":"publish","type":"post","link":"https:\/\/diariotribuna.com.br\/?p=28324","title":{"rendered":"Estacionar custa caro em Juiz de Fora\u00a0"},"content":{"rendered":"<p><span>(Foto: Felipe Couri)<\/span><\/p>\n<p><strong><span>COLUNA MG<\/span><\/strong><br \/><span>Principais destaques dos jornais e portais integrantes da rede Sindijori MG <\/span><br \/><span>www.sindijorimg.com.br<\/span><\/p>\n<p><strong><span>Estacionar custa caro em JF<\/span><\/strong><br \/><span>Os valores praticados pelos estacionamentos em Juiz de Fora t\u00eam preocupado os consumidores que utilizam o servi\u00e7o. Al\u00e9m da alta de pre\u00e7os observada neste in\u00edcio de janeiro, em compara\u00e7\u00e3o com o ano passado, a varia\u00e7\u00e3o da cobran\u00e7a entre os locais tamb\u00e9m chama a aten\u00e7\u00e3o: a diferen\u00e7a chega a R$ 5 para cada hora do servi\u00e7o. Em levantamento de pre\u00e7os realizado em dez estabelecimentos, apurou-se que hora estacionada custa entre R$ 11 e R$ 16, uma oscila\u00e7\u00e3o de 45% entre os locais. De acordo com o relato de consumidores, os pre\u00e7os est\u00e3o mais altos do que os observados em 2024, quando a varia\u00e7\u00e3o ficava entre R$ 8 e R$ 10. (Tribuna de Minas \u2013 Juiz de Fora)<\/span><br \/><span><a href=\"https:\/\/tribunademinas.com.br\/noticias\/cidade\/19-01-2025\/precos-estacionamentos.html\">https:\/\/tribunademinas.com.br\/noticias\/cidade\/19-01-2025\/precos-estacionamentos.html<\/a><\/span><\/p>\n<p><strong><span>Hospital de Patos ganha leitos<\/span><\/strong><br \/><span>O Secret\u00e1rio de Sa\u00fade de Minas Gerais, F\u00e1bio Baccheretti, esteve no Hospital Regional Ant\u00f4nio Dias (HRAD), em Patos de Minas, para visita t\u00e9cnica que marcou a avalia\u00e7\u00e3o dos primeiros seis meses de gest\u00e3o da unidade pela Funda\u00e7\u00e3o de Apoio ao Ensino, Pesquisa e Extens\u00e3o (Faepu). Na ocasi\u00e3o, ele tamb\u00e9m anunciou a cria\u00e7\u00e3o de mais vagas de UTI neonatal. Durante a visita, Baccheretti analisou dados que demonstram melhorias significativas na gest\u00e3o do HRAD, primeiro hospital estadual de Minas Gerais a ser administrado por Organiza\u00e7\u00e3o Social (OS). (Folha Patense)<\/span><br \/><span><a href=\"https:\/\/www.folhapatense.com.br\/governo-estadual-anuncia-aumento-de-leitos-de-uti-neonatal-no-hospital-regional\">https:\/\/www.folhapatense.com.br\/governo-estadual-anuncia-aumento-de-leitos-de-uti-neonatal-no-hospital-regional<\/a><\/span><\/p>\n<p><strong><span>Vi\u00e7osa tem \u201cImers\u00e3o na Dan\u00e7a\u201d<\/span><\/strong><br \/><span>At\u00e9 o pr\u00f3ximo s\u00e1bado,\u00a0 25 de janeiro, Vi\u00e7osa ser\u00e1 palco da terceira edi\u00e7\u00e3o do Curso de Ver\u00e3o \u201cImers\u00e3o na Dan\u00e7a\u201d, idealizado pelo professor, core\u00f3grafo e bailarino Cleison Lana. Desde sua cria\u00e7\u00e3o em 2023, o evento tem se consolidado como um espa\u00e7o \u00fanico de aprendizado, integra\u00e7\u00e3o e transforma\u00e7\u00e3o cultural por meio da dan\u00e7a. Promovido no per\u00edodo de recesso escolar e de projetos art\u00edsticos, o curso re\u00fane dan\u00e7arinos e bailarinos de diferentes n\u00edveis de experi\u00eancia em uma imers\u00e3o que combina desenvolvimento t\u00e9cnico e reflex\u00f5es sobre o papel da dan\u00e7a na inclus\u00e3o social e no empoderamento individual. (Folha da Mata \u2013 Vi\u00e7osa)<\/span><br \/><span><a href=\"https:\/\/www.folhadamata.com.br\/imersao-na-danca-tera-mais-uma-edicao-emvicosa-com-programacao-inclusiva-e-gratuita\">https:\/\/www.folhadamata.com.br\/imersao-na-danca-tera-mais-uma-edicao-emvicosa-com-programacao-inclusiva-e-gratuita<\/a><\/span><\/p>\n<p><strong><span>Procon faz pesquisa em Muria\u00e9<\/span><\/strong><br \/><span>A fim de facilitar as compras para a volta \u00e0s aulas, a equipe do setor de fiscaliza\u00e7\u00e3o do Procon de Muria\u00e9 foi \u00e0s ruas no dia 13 de janeiro para realizar a pesquisa de pre\u00e7os de materiais escolares. Os pre\u00e7os foram pesquisados em tr\u00eas papelarias da cidade e inclu\u00edram itens como apontador, borracha, caderno, caneta, canetinha, cola, giz de cera, l\u00e1pis de cor e preto, lapiseira, marca-texto, massa de modelar, papel, r\u00e9gua, tesoura e tinta para pintura, dentre outros. (Gazeta de Muria\u00e9)<\/span><br \/><span><a href=\"https:\/\/gazetademuriae.com.br\/noticia\/detalhe\/15942\/procon-divulga-pesquisa-de-precos-de-materiais-escolares-em-papelarias-de-muriae\">https:\/\/gazetademuriae.com.br\/noticia\/detalhe\/15942\/procon-divulga-pesquisa-de-precos-de-materiais-escolares-em-papelarias-de-muriae<\/a><\/span><\/p>\n<p><strong><span>Falso oftalmologista agia em Po\u00e7os<\/span><\/strong><br \/><span>O Procon Municipal de Po\u00e7os de Caldas, em parceria com a Pol\u00edcia Militar e Demutran deflagraram, no \u00faltimo domingo (19), uma fiscaliza\u00e7\u00e3o contra a atividade exercida por falso oftalmologista na cidade. A empresa, sediada no Munic\u00edpio de Mau\u00e1\/SP, teria ofertado exames de vista e arma\u00e7\u00f5es aos consumidores atrav\u00e9s de publica\u00e7\u00f5es patrocinadas na internet. Ao comparecer ao local indicado, uma casa de eventos alugada no bairro Jardim Country Club, as pessoas eram induzidas a acreditar que estavam sendo atendidas por um m\u00e9dico oftalmologista quando, na verdade, eram acompanhadas por um optometrista, que promovia a prescri\u00e7\u00e3o de lentes. (Jornal Mantiqueira \u2013 Po\u00e7os de Caldas)<\/span><br \/><span><a href=\"https:\/\/www.jornalmantiqueira.com.br\/2025\/01\/21\/procon-policia-e-demutran-combatem-exercicio-irregular-de-oftalmologia\/\">https:\/\/www.jornalmantiqueira.com.br\/2025\/01\/21\/procon-policia-e-demutran-combatem-exercicio-irregular-de-oftalmologia\/<\/a><\/span><\/p>\n<p><strong><span>Bases da EcoRio ter\u00e3o pontos de recarga<\/span><\/strong><br \/><span>A EcoRioMinas instalou pontos de recarga para ve\u00edculos el\u00e9tricos e h\u00edbridos em todas as Bases de Servi\u00e7os Operacionais, ao longo do trecho sob concess\u00e3o no Rio de Janeiro e Minas Gerais. Os usu\u00e1rios que estiverem seguindo viagem podem realizar a recarga de emerg\u00eancia em seus ve\u00edculos, sem custo e com facilidade e seguran\u00e7a. Cada base possui uma vaga destinada ao servi\u00e7o. A disponibiliza\u00e7\u00e3o deste servi\u00e7o est\u00e1 alinhada aos objetivos da Agenda ESG 2030, uma iniciativa do Grupo EcoRodovias, que reafirma seu compromisso com a inova\u00e7\u00e3o e a sustentabilidade, alinhando-se \u00e0s tend\u00eancias globais, contribuindo para um futuro mais consciente e refletindo a necessidade de reduzir as emiss\u00f5es de carbono e proteger o meio ambiente. (Di\u00e1rio de Caratinga)<\/span><br \/><span><a href=\"https:\/\/diariodecaratinga.com.br\/ecoriominas-instala-pontos-de-recarga-para-veiculos-eletricos-em-suas-bases-operacionais-no-rio-de-janeiro-e-minas-gerais\/\">https:\/\/diariodecaratinga.com.br\/ecoriominas-instala-pontos-de-recarga-para-veiculos-eletricos-em-suas-bases-operacionais-no-rio-de-janeiro-e-minas-gerais\/<\/a><\/span><\/p>\n<p><span><\/span><\/p>\n<p>\u00a0<\/p>","protected":false},"excerpt":{"rendered":"<p>(Foto: Felipe Couri) COLUNA MGPrincipais destaques dos jornais e portais integrantes da rede Sindijori MG www.sindijorimg.com.br Estacionar custa caro em JFOs valores praticados pelos estacionamentos em Juiz de Fora t\u00eam preocupado os consumidores que utilizam o servi\u00e7o. Al\u00e9m da alta de pre\u00e7os observada neste in\u00edcio de janeiro, em compara\u00e7\u00e3o com o ano passado, a varia\u00e7\u00e3o [&hellip;]<\/p>\n","protected":false},"author":0,"featured_media":28325,"comment_status":"open","ping_status":"open","sticky":false,"template":"","format":"standard","meta":{"rop_custom_images_group":[],"rop_custom_messages_group":[],"rop_publish_now":"initial","rop_publish_now_accounts":[],"rop_publish_now_history":[],"rop_publish_now_status":"pending","footnotes":""},"categories":[6745],"tags":[],"class_list":["post-28324","post","type-post","status-publish","format-standard","has-post-thumbnail","hentry","category-coluna-sindijori"],"_links":{"self":[{"href":"https:\/\/diariotribuna.com.br\/index.php?rest_route=\/wp\/v2\/posts\/28324"}],"collection":[{"href":"https:\/\/diariotribuna.com.br\/index.php?rest_route=\/wp\/v2\/posts"}],"about":[{"href":"https:\/\/diariotribuna.com.br\/index.php?rest_route=\/wp\/v2\/types\/post"}],"replies":[{"embeddable":true,"href":"https:\/\/diariotribuna.com.br\/index.php?rest_route=%2Fwp%2Fv2%2Fcomments&post=28324"}],"version-history":[{"count":0,"href":"https:\/\/diariotribuna.com.br\/index.php?rest_route=\/wp\/v2\/posts\/28324\/revisions"}],"wp:featuredmedia":[{"embeddable":true,"href":"https:\/\/diariotribuna.com.br\/index.php?rest_route=\/wp\/v2\/media\/28325"}],"wp:attachment":[{"href":"https:\/\/diariotribuna.com.br\/index.php?rest_route=%2Fwp%2Fv2%2Fmedia&parent=28324"}],"wp:term":[{"taxonomy":"category","embeddable":true,"href":"https:\/\/diariotribuna.com.br\/index.php?rest_route=%2Fwp%2Fv2%2Fcategories&post=28324"},{"taxonomy":"post_tag","embeddable":true,"href":"https:\/\/diariotribuna.com.br\/index.php?rest_route=%2Fwp%2Fv2%2Ftags&post=28324"}],"curies":[{"name":"wp","href":"https:\/\/api.w.org\/{rel}","templated":true}]}}