{"id":28336,"date":"2025-01-23T10:33:27","date_gmt":"2025-01-23T13:33:27","guid":{"rendered":"https:\/\/diariotribuna.com.br\/?p=28336"},"modified":"2025-01-23T10:33:27","modified_gmt":"2025-01-23T13:33:27","slug":"br040-sera-100-duplicada-ate-2031","status":"publish","type":"post","link":"https:\/\/diariotribuna.com.br\/?p=28336","title":{"rendered":"BR&amp;040 ser\u00e1 100% duplicada at\u00e9 2031\u00a0"},"content":{"rendered":"<p><span>(Di\u00e1rio do Com\u00e9rcio \/ Mara Bianchetti)<\/span><\/p>\n<p><strong><span>COLUNA MG<\/span><\/strong><br \/><span>Principais destaques dos jornais e portais integrantes da rede Sindijori MG <\/span><br \/><span><a href=\"http:\/\/www.sindijorimg.com.br\/\">www.sindijorimg.com.br<\/a><\/span><\/p>\n<p><strong><span>BR-040 ser\u00e1 100% duplicada at\u00e9 2031<\/span><\/strong><br \/><span>A EPR Via Mineira, concession\u00e1ria do Grupo EPR que ficar\u00e1 respons\u00e1vel pela BR-040, no trecho de Belo Horizonte at\u00e9 Juiz de Fora, e a Ag\u00eancia Nacional de Transportes Terrestres (ANTT) apresentaram, nesta segunda-feira (29), os detalhes da nova concess\u00e3o. A boa not\u00edcia para os usu\u00e1rios \u00e9 que, at\u00e9 2031, a rodovia estar\u00e1 100% duplicada, conforme previsto pela gestora. A vencedora do leil\u00e3o realizado em abril assumir\u00e1 o segmento de 232,1 quil\u00f4metros (km) no dia 6 de agosto. No decorrer dos 30 anos de contrato, a companhia ter\u00e1 que investir R$ 8,7 bilh\u00f5es na via, sendo R$ 5,1 bilh\u00f5es em melhorias e R$ 3,6 bilh\u00f5es em custos operacionais. (Di\u00e1rio do Comercio \u2013 Belo Horizonte)<\/span><br \/><span><a href=\"https:\/\/www.diariodocomercio.com.br\/economia\/br-040-entre-bh-juiz-de-fora-sera-duplicada-ate-2031\/\">https:\/\/www.diariodocomercio.com.br\/economia\/br-040-entre-bh-juiz-de-fora-sera-duplicada-ate-2031\/<\/a><\/span><\/p>\n<p><strong><span>Minas combate abandono de animais<\/span><\/strong><br \/><span>O Governo de Minas Gerais tem implementado diversas pol\u00edticas p\u00fablicas para combater o abandono de animais dom\u00e9sticos, especialmente durante o per\u00edodo de f\u00e9rias, quando o problema tende a crescer. Por meio da Secretaria de Estado de Meio Ambiente e Desenvolvimento Sustent\u00e1vel (Semad), o Estado executa programas como o de Esteriliza\u00e7\u00e3o de Animais, Microchipagem &#8220;Conhe\u00e7a seu Amigo&#8221; e o de Resgate Animal, al\u00e9m de promover campanhas de conscientiza\u00e7\u00e3o sobre a guarda respons\u00e1vel. Essas a\u00e7\u00f5es incluem castra\u00e7\u00e3o, identifica\u00e7\u00e3o dos animais, resgates emergenciais e ado\u00e7\u00e3o respons\u00e1vel.. (Gazeta Norte Mineira \u2013 Montes Claros)<\/span><br \/><span><a href=\"https:\/\/gazetanm.com.br\/governo-de-minas-promove-politicas-publicas-que-reforcam-combate-ao-abandono-de-animais-domesticos\/\">https:\/\/gazetanm.com.br\/governo-de-minas-promove-politicas-publicas-que-reforcam-combate-ao-abandono-de-animais-domesticos\/<\/a><\/span><\/p>\n<p><strong><span>Curso de redes sociais para\u00a0 50+<\/span><\/strong><br \/><span>A CDL Divin\u00f3polis est\u00e1 promovendo o curso \u201cRedes Sociais na Pr\u00e1tica para Profissionais 50+: Do Perfil ao Conte\u00fado\u201d, nos dias 27 e 28 de janeiro, com o objetivo de capacitar pessoas acima de 50 anos a utilizarem as redes sociais de forma estrat\u00e9gica para impulsionar seus neg\u00f3cios e se conectar ao mundo digital. O curso abordar\u00e1 temas como cria\u00e7\u00e3o de perfil profissional, estrat\u00e9gias de engajamento, planejamento de conte\u00fado, seguran\u00e7a digital e supera\u00e7\u00e3o da inseguran\u00e7a ao produzir conte\u00fado. (Portal G37 de Not\u00edcias \u2013 Divin\u00f3polis)<\/span><br \/><span><a href=\"https:\/\/g37.com.br\/divinopolis\/cdl-divinopolis-promove-curso-de-redes-sociais-para-profissionais-50\/\">https:\/\/g37.com.br\/divinopolis\/cdl-divinopolis-promove-curso-de-redes-sociais-para-profissionais-50\/<\/a><\/span><\/p>\n<p><span><strong>ONG arrecada materiais escolares<\/strong> \u00a0<\/span><br \/><span>A ONG Miss\u00e3o Anjos do Amanh\u00e3, de Uberl\u00e2ndia, est\u00e1 promovendo a campanha &#8220;Volta \u00e0s Aulas Solid\u00e1ria&#8221; para arrecadar materiais escolares destinados a crian\u00e7as em situa\u00e7\u00e3o de vulnerabilidade social nos assentamentos Man\u00e1 e Fidel Castro. O objetivo \u00e9 reunir 120 kits escolares, que ser\u00e3o distribu\u00eddos no dia 2 de fevereiro. A campanha j\u00e1 atingiu 80% da meta, mas ainda falta arrecadar cerca de R$ 1,1 mil. A ONG tamb\u00e9m busca volunt\u00e1rios para tornar a entrega dos kits mais especial, com atividades como corte de cabelo e anima\u00e7\u00e3o para as crian\u00e7as. (Di\u00e1rio de Uberl\u00e2ndia)<\/span><br \/><span><a href=\"https:\/\/diariodeuberlandia.com.br\/noticia\/37341\/ong-de-uberlandia-arrecada-materiais-escolares-para-criancas-em-situacao-de-vulnerabilidade-social\">https:\/\/diariodeuberlandia.com.br\/noticia\/37341\/ong-de-uberlandia-arrecada-materiais-escolares-para-criancas-em-situacao-de-vulnerabilidade-social<\/a><\/span><\/p>\n<p><span><strong>Programa\u00e7\u00e3o de anivers\u00e1rio de GV<\/strong> <\/span><br \/><span>A Prefeitura de Governador Valadares anunciou a programa\u00e7\u00e3o para celebrar os 87 anos da cidade, com atividades culturais, esportivas e educacionais, valorizando artistas locais. As festividades come\u00e7am em 29 de janeiro com o plantio de mudas por estudantes e seguem at\u00e9 28 de fevereiro. No dia 30, ocorrer\u00e1 o hasteamento das bandeiras, uma revoada de parapente e apresenta\u00e7\u00f5es culturais. A programa\u00e7\u00e3o tamb\u00e9m inclui espet\u00e1culos no Teatro Atiaia e shows de artistas locais. (Di\u00e1rio do Rio Doce \u2013 Governador Valadares)<\/span><br \/><span><a href=\"https:\/\/drd.com.br\/prefeitura-anuncia-programacao-de-aniversario-de-gv-com-artistas-locais\/\">https:\/\/drd.com.br\/prefeitura-anuncia-programacao-de-aniversario-de-gv-com-artistas-locais\/<\/a><\/span><\/p>\n<p><span><strong>Minas se consolida como polo de investimentos<\/strong> <\/span><br \/><span>Minas Gerais tem se consolidado como um polo estrat\u00e9gico para investimentos e inova\u00e7\u00e3o, atraindo mais de R$ 460 bilh\u00f5es em aportes privados nos \u00faltimos anos, em setores como minera\u00e7\u00e3o, energia solar, agroneg\u00f3cio e tecnologia. A infraestrutura robusta, a m\u00e3o de obra qualificada e o ambiente de neg\u00f3cios desburocratizado, impulsionado pelo programa Minas Livre Para Crescer, s\u00e3o fatores chave para esse sucesso. O estado se destaca na transi\u00e7\u00e3o energ\u00e9tica com o projeto Vale do L\u00edtio e lidera em energia solar. Al\u00e9m disso, Minas \u00e9 refer\u00eancia em inova\u00e7\u00e3o, com mais de 1,4 mil startups e um investimento de R$ 1 bilh\u00e3o em economia digital at\u00e9 2026. (Gazeta de Varginha)<\/span><br \/><span><a href=\"https:\/\/www.gazetadevarginha.com.br\/post\/minas-gerais-se-consolida-como-polo-estrat%C3%A9gico-para-investimentos-e-inova%C3%A7%C3%A3o\">https:\/\/www.gazetadevarginha.com.br\/post\/minas-gerais-se-consolida-como-polo-estrat%C3%A9gico-para-investimentos-e-inova%C3%A7%C3%A3o<\/a><\/span><\/p>\n<p><strong><span>Estudo mostra crescimento de mercado <\/span><\/strong><br \/><span>O mercado de loteamentos em Minas Gerais apresenta um cen\u00e1rio promissor em 2024, com o Valor Geral de Vendas (VGV) estimado em quase R$ 3 bilh\u00f5es, o que representa um aumento de quase 25% em rela\u00e7\u00e3o ao ano anterior. O estudo, realizado em 300 cidades mineiras, mostra um crescimento significativo no segmento de condom\u00ednios fechados, com vendas subindo 59,6% no terceiro trimestre de 2024, enquanto os loteamentos abertos registraram queda de 47,4%. A valoriza\u00e7\u00e3o do pre\u00e7o m\u00e9dio do metro quadrado nos condom\u00ednios fechados foi de quase 11%. (Cidade Conecta \u2013 Nova Lima)<\/span><br \/><span><a href=\"https:\/\/www.itatiaia.com.br\/cidade-conecta\/2025\/01\/20\/estudo-mostra-crescimento-do-mercado-de-loteamentos-em-minas\">https:\/\/www.itatiaia.com.br\/cidade-conecta\/2025\/01\/20\/estudo-mostra-crescimento-do-mercado-de-loteamentos-em-minas<\/a><\/span><\/p>\n<p><span><\/span><\/p>\n<p>\u00a0<\/p>","protected":false},"excerpt":{"rendered":"<p>(Di\u00e1rio do Com\u00e9rcio \/ Mara Bianchetti) COLUNA MGPrincipais destaques dos jornais e portais integrantes da rede Sindijori MG www.sindijorimg.com.br BR-040 ser\u00e1 100% duplicada at\u00e9 2031A EPR Via Mineira, concession\u00e1ria do Grupo EPR que ficar\u00e1 respons\u00e1vel pela BR-040, no trecho de Belo Horizonte at\u00e9 Juiz de Fora, e a Ag\u00eancia Nacional de Transportes Terrestres (ANTT) apresentaram, [&hellip;]<\/p>\n","protected":false},"author":0,"featured_media":28337,"comment_status":"open","ping_status":"open","sticky":false,"template":"","format":"standard","meta":{"rop_custom_images_group":[],"rop_custom_messages_group":[],"rop_publish_now":"initial","rop_publish_now_accounts":[],"rop_publish_now_history":[],"rop_publish_now_status":"pending","footnotes":""},"categories":[6745],"tags":[],"class_list":["post-28336","post","type-post","status-publish","format-standard","has-post-thumbnail","hentry","category-coluna-sindijori"],"_links":{"self":[{"href":"https:\/\/diariotribuna.com.br\/index.php?rest_route=\/wp\/v2\/posts\/28336"}],"collection":[{"href":"https:\/\/diariotribuna.com.br\/index.php?rest_route=\/wp\/v2\/posts"}],"about":[{"href":"https:\/\/diariotribuna.com.br\/index.php?rest_route=\/wp\/v2\/types\/post"}],"replies":[{"embeddable":true,"href":"https:\/\/diariotribuna.com.br\/index.php?rest_route=%2Fwp%2Fv2%2Fcomments&post=28336"}],"version-history":[{"count":0,"href":"https:\/\/diariotribuna.com.br\/index.php?rest_route=\/wp\/v2\/posts\/28336\/revisions"}],"wp:featuredmedia":[{"embeddable":true,"href":"https:\/\/diariotribuna.com.br\/index.php?rest_route=\/wp\/v2\/media\/28337"}],"wp:attachment":[{"href":"https:\/\/diariotribuna.com.br\/index.php?rest_route=%2Fwp%2Fv2%2Fmedia&parent=28336"}],"wp:term":[{"taxonomy":"category","embeddable":true,"href":"https:\/\/diariotribuna.com.br\/index.php?rest_route=%2Fwp%2Fv2%2Fcategories&post=28336"},{"taxonomy":"post_tag","embeddable":true,"href":"https:\/\/diariotribuna.com.br\/index.php?rest_route=%2Fwp%2Fv2%2Ftags&post=28336"}],"curies":[{"name":"wp","href":"https:\/\/api.w.org\/{rel}","templated":true}]}}