{"id":28342,"date":"2025-01-24T00:06:55","date_gmt":"2025-01-24T03:06:55","guid":{"rendered":"https:\/\/diariotribuna.com.br\/?p=28342"},"modified":"2025-01-24T23:33:06","modified_gmt":"2025-01-25T02:33:06","slug":"apos-denuncia-pm-prende-homem-com-droga-arma-de-fogo-e-mais-de-r-10-mil","status":"publish","type":"post","link":"https:\/\/diariotribuna.com.br\/?p=28342","title":{"rendered":"Ap\u00f3s den\u00fancia PM prende homem com droga, arma de fogo e mais de R$ 10 mil"},"content":{"rendered":"\n<figure class=\"wp-block-gallery has-nested-images columns-default is-cropped wp-block-gallery-1 is-layout-flex wp-block-gallery-is-layout-flex\">\n<figure class=\"wp-block-image size-large\"><img loading=\"lazy\" decoding=\"async\" width=\"700\" height=\"453\" data-id=\"28344\" src=\"https:\/\/diariotribuna.com.br\/wp-content\/uploads\/2025\/01\/Imagem-do-WhatsApp-de-2025-01-20-as-23.03.55_c8bfdb86.jpg\" alt=\"\" class=\"wp-image-28344\" srcset=\"https:\/\/diariotribuna.com.br\/wp-content\/uploads\/2025\/01\/Imagem-do-WhatsApp-de-2025-01-20-as-23.03.55_c8bfdb86.jpg 700w, https:\/\/diariotribuna.com.br\/wp-content\/uploads\/2025\/01\/Imagem-do-WhatsApp-de-2025-01-20-as-23.03.55_c8bfdb86-300x194.jpg 300w, https:\/\/diariotribuna.com.br\/wp-content\/uploads\/2025\/01\/Imagem-do-WhatsApp-de-2025-01-20-as-23.03.55_c8bfdb86-696x450.jpg 696w, https:\/\/diariotribuna.com.br\/wp-content\/uploads\/2025\/01\/Imagem-do-WhatsApp-de-2025-01-20-as-23.03.55_c8bfdb86-649x420.jpg 649w\" sizes=\"(max-width: 700px) 100vw, 700px\" \/><\/figure>\n\n\n\n<figure class=\"wp-block-image size-large\"><img loading=\"lazy\" decoding=\"async\" width=\"700\" height=\"308\" data-id=\"28343\" src=\"https:\/\/diariotribuna.com.br\/wp-content\/uploads\/2025\/01\/Imagem-do-WhatsApp-de-2025-01-20-as-23.03.54_ad494528.jpg\" alt=\"\" class=\"wp-image-28343\" srcset=\"https:\/\/diariotribuna.com.br\/wp-content\/uploads\/2025\/01\/Imagem-do-WhatsApp-de-2025-01-20-as-23.03.54_ad494528.jpg 700w, https:\/\/diariotribuna.com.br\/wp-content\/uploads\/2025\/01\/Imagem-do-WhatsApp-de-2025-01-20-as-23.03.54_ad494528-300x132.jpg 300w, https:\/\/diariotribuna.com.br\/wp-content\/uploads\/2025\/01\/Imagem-do-WhatsApp-de-2025-01-20-as-23.03.54_ad494528-696x306.jpg 696w\" sizes=\"(max-width: 700px) 100vw, 700px\" \/><\/figure>\n<\/figure>\n\n\n\n<p><strong>Coronel Murta \u2013<\/strong> A Pol\u00edcia Militar recebeu den\u00fancia, na segunda-feira (20\/1), informando que um homem oriundo de S\u00e3o Paulo traficando drogas em Coronel Murta, a equipe do Destacamento PM da cidade e o T\u00e1tico M\u00f3vel foram ao local indicado, no bairro S\u00e3o Jos\u00e9, e abordaram o suspeito. Durante a a\u00e7\u00e3o, foram localizadas e apreendidas com ele maconha e dinheiro.&nbsp;<\/p>\n\n\n\n<p>Em continuidade as dilig\u00eancias, os militares de Salinas, foram \u00e0 resid\u00eancia do autor, e entraram com autoriza\u00e7\u00e3o da fam\u00edlia dele, onde localizaram uma arma de fogo 9mm, muni\u00e7\u00f5es e drogas. O homem de 50 anos foi conduzido \u00e0 delegacia de Pol\u00edcia Civil, juntamente com os materiais apreendidos, para os procedimentos de pol\u00edcia judici\u00e1ria.<\/p>\n\n\n\n<p>Foram apreendidos: R$10 mil em dinheiro, um rel\u00f3gio invicta, 2 cord\u00f5es de ouro, uma pistola calibre 9mm Canik, um carregador, 48 muni\u00e7\u00f5es intactas calibre 9mm, 6 buchas + 1 tablete + 45grs de maconha. \u201cA Pol\u00edcia Militar refor\u00e7a seu compromisso no combate ao tr\u00e1fico de drogas e \u00e0 preserva\u00e7\u00e3o da seguran\u00e7a p\u00fablica\u201d, disse a assessoria. (Informa\u00e7\u00f5es\/Fotos: assessoria de comunica\u00e7\u00e3o do 70\u00ba BPM, Ara\u00e7ua\u00ed).<\/p>\n","protected":false},"excerpt":{"rendered":"<p>Coronel Murta \u2013 A Pol\u00edcia Militar recebeu den\u00fancia, na segunda-feira (20\/1), informando que um homem oriundo de S\u00e3o Paulo traficando drogas em Coronel Murta, a equipe do Destacamento PM da cidade e o T\u00e1tico M\u00f3vel foram ao local indicado, no bairro S\u00e3o Jos\u00e9, e abordaram o suspeito. Durante a a\u00e7\u00e3o, foram localizadas e apreendidas com [&hellip;]<\/p>\n","protected":false},"author":1,"featured_media":28343,"comment_status":"open","ping_status":"open","sticky":false,"template":"","format":"standard","meta":{"rop_custom_images_group":[],"rop_custom_messages_group":[],"rop_publish_now":"initial","rop_publish_now_accounts":[],"rop_publish_now_history":[],"rop_publish_now_status":"pending","footnotes":""},"categories":[20],"tags":[1055,1333,207,76,6948],"class_list":["post-28342","post","type-post","status-publish","format-standard","has-post-thumbnail","hentry","category-policia","tag-arma-de-fogo","tag-coronel-murta","tag-drogas","tag-policia-militar","tag-r-10-mil"],"_links":{"self":[{"href":"https:\/\/diariotribuna.com.br\/index.php?rest_route=\/wp\/v2\/posts\/28342"}],"collection":[{"href":"https:\/\/diariotribuna.com.br\/index.php?rest_route=\/wp\/v2\/posts"}],"about":[{"href":"https:\/\/diariotribuna.com.br\/index.php?rest_route=\/wp\/v2\/types\/post"}],"author":[{"embeddable":true,"href":"https:\/\/diariotribuna.com.br\/index.php?rest_route=\/wp\/v2\/users\/1"}],"replies":[{"embeddable":true,"href":"https:\/\/diariotribuna.com.br\/index.php?rest_route=%2Fwp%2Fv2%2Fcomments&post=28342"}],"version-history":[{"count":1,"href":"https:\/\/diariotribuna.com.br\/index.php?rest_route=\/wp\/v2\/posts\/28342\/revisions"}],"predecessor-version":[{"id":28345,"href":"https:\/\/diariotribuna.com.br\/index.php?rest_route=\/wp\/v2\/posts\/28342\/revisions\/28345"}],"wp:featuredmedia":[{"embeddable":true,"href":"https:\/\/diariotribuna.com.br\/index.php?rest_route=\/wp\/v2\/media\/28343"}],"wp:attachment":[{"href":"https:\/\/diariotribuna.com.br\/index.php?rest_route=%2Fwp%2Fv2%2Fmedia&parent=28342"}],"wp:term":[{"taxonomy":"category","embeddable":true,"href":"https:\/\/diariotribuna.com.br\/index.php?rest_route=%2Fwp%2Fv2%2Fcategories&post=28342"},{"taxonomy":"post_tag","embeddable":true,"href":"https:\/\/diariotribuna.com.br\/index.php?rest_route=%2Fwp%2Fv2%2Ftags&post=28342"}],"curies":[{"name":"wp","href":"https:\/\/api.w.org\/{rel}","templated":true}]}}