{"id":28346,"date":"2025-01-24T11:37:19","date_gmt":"2025-01-24T14:37:19","guid":{"rendered":"https:\/\/diariotribuna.com.br\/?p=28346"},"modified":"2025-01-24T11:37:19","modified_gmt":"2025-01-24T14:37:19","slug":"abertura-de-pequenos-cresce-841","status":"publish","type":"post","link":"https:\/\/diariotribuna.com.br\/?p=28346","title":{"rendered":"Abertura de pequenos cresce 8,41%\u00a0"},"content":{"rendered":"<p><span>Foto: Stciel \/ AdobeStock Reprodu\u00e7\u00e3oDC<\/span><\/p>\n<p><strong><span>COLUNA MG<\/span><\/strong><br \/><span>Principais destaques dos jornais e portais integrantes da rede Sindijori MG <\/span><br \/><span><a href=\"http:\/\/www.sindijorimg.com.br\/\">www.sindijorimg.com.br<\/a><\/span><\/p>\n<p><span><strong>Abertura de pequenos cresce 8,41%<\/strong> <\/span><br \/><span>A cria\u00e7\u00e3o de microempreendedores individuais (MEI), microempresas (ME) e empresas de pequeno porte (EPP) foi respons\u00e1vel por 96,5% das 452,4mil novas empresas abertas em Minas Gerais em 2024, segundo levantamento do Sebrae Minas com dados da Receita Federal. No total, foram criados 436,7 mil pequenos neg\u00f3cios no Estado, um aumento de 8,41% em rela\u00e7\u00e3o ao ano anterior (402,9 mil). O Estado foi a segunda unidade federativa que mais criou empreendimentos de pequeno porte no Pa\u00eds no ano passado, atr\u00e1s apenas do estado de S\u00e3o Paulo. (Di\u00e1rio do Com\u00e9rcio \u2013 Belo Horizonte)<\/span><br \/><span><a href=\"https:\/\/www.diariodocomercio.com.br\/economia\/aumenta-a-abertura-de-pequenos-negocios-em-minas-gerais\/\">https:\/\/www.diariodocomercio.com.br\/economia\/aumenta-a-abertura-de-pequenos-negocios-em-minas-gerais\/<\/a><\/span><\/p>\n<p><strong><span>Minas lan\u00e7a Concurso de Fotografia<\/span><\/strong><br \/><span>O Governo de Minas Gerais lan\u00e7a o Concurso Cultural de Fotografia &#8220;De Olho no Queijo&#8221;, que busca capturar a ess\u00eancia da tradi\u00e7\u00e3o do Queijo Minas Artesanal. Com o tema \u201cUm Olhar sobre a Tradi\u00e7\u00e3o dos Modos de Fazer o Queijo Minas Artesanal\u201d, o Iepha-MG convida toda a sociedade a participar, enviando trabalhos que explorem a riqueza cultural e afetiva desse elemento t\u00e3o simb\u00f3lico da identidade mineira.\u00a0 O concurso \u00e9 aberto a todos, as fotos devem ser autorais e inspiradas no tema. Os tr\u00eas melhores trabalhos ser\u00e3o premiados com R$ 3 mil, R$ 2 mil e R$ 1 mil, respectivamente. As inscri\u00e7\u00f5es est\u00e3o abertas at\u00e9 13 de mar\u00e7o. (Clarim.net \u2013 Arax\u00e1)<\/span><br \/><span><a href=\"https:\/\/clarim.net.br\/governo-de-minas-lanca-concurso-cultural-de-fotografia-de-olho-no-queijo\/\">https:\/\/clarim.net.br\/governo-de-minas-lanca-concurso-cultural-de-fotografia-de-olho-no-queijo\/<\/a><\/span><\/p>\n<p><strong><span>BR-040 vai ser licitada em abril<\/span><\/strong><br \/><span>A BR-040, principal liga\u00e7\u00e3o rodovi\u00e1ria entre o Rio de Janeiro e Minas Gerais, ser\u00e1 licitada em 30 de abril. O leil\u00e3o, que ser\u00e1 realizado na B3, visa conceder a explora\u00e7\u00e3o da rodovia \u00e0 iniciativa privada por um per\u00edodo de 30 anos. O trajeto em quest\u00e3o soma 218,9 quil\u00f4metros, divididos em tr\u00eas trechos, e inclui a finaliza\u00e7\u00e3o da Subida da Serra de Petr\u00f3polis, que est\u00e1 paralisada h\u00e1 mais de oito anos. O edital prev\u00ea investimentos m\u00ednimos obrigat\u00f3rios de R$ 8,8 bilh\u00f5es, sendo R$ 5 bilh\u00f5es em infraestrutura e R$ 3,8 bilh\u00f5es na opera\u00e7\u00e3o. (Balc\u00e3o News \u2013 Belo Horizonte)<\/span><br \/><span><a href=\"https:\/\/balcaonews.com.br\/2025\/01\/22\/br-040-vai-ser-licitada-em-abril\/\">https:\/\/balcaonews.com.br\/2025\/01\/22\/br-040-vai-ser-licitada-em-abril\/<\/a><\/span><\/p>\n<p><strong><span>IEF debate pesca no Rio Doce<\/span><\/strong><br \/><span>O Instituto Estadual de Florestas (IEF) est\u00e1 realizando, at\u00e9 o dia 21\/2, uma pesquisa com pesquisadores e pescadores, apresentando as novas regras de pesca a serem implantadas na bacia do Rio Doce. As modifica\u00e7\u00f5es come\u00e7am a ter validade a partir de maio de 2025. A pesquisa \u00e9 o primeiro passo para a defini\u00e7\u00e3o de novos crit\u00e9rios para a pesca na bacia do rio Doce. No futuro, quando novos estudos quanto ao estado dos estoques pesqueiros estiverem dispon\u00edveis, as regras ser\u00e3o novamente revisadas a partir de seus resultados. As novas regras ir\u00e3o considerar as condi\u00e7\u00f5es ambientais da bacia e as peculiaridades e necessidades dos pescadores artesanais e de subsist\u00eancia (Di\u00e1rio de Manhua\u00e7u)<\/span><br \/><span><a href=\"https:\/\/diariodemanhuacu.com.br\/ief-realiza-consulta-publica-sobre-ordenamento-pesqueiro-da-bacia-do-rio-doce\/\">https:\/\/diariodemanhuacu.com.br\/ief-realiza-consulta-publica-sobre-ordenamento-pesqueiro-da-bacia-do-rio-doce\/<\/a><\/span><\/p>\n<p><strong><span>Zema complexo educacional em Para\u00edso<\/span><\/strong><br \/><span>Complexo educacional composto pelo Centro Municipal de Educa\u00e7\u00e3o Infantil Professora Karina Rodrigues Silva e a Escola Municipal Waldir Marcolini foi inaugurado pela Prefeitura de S\u00e3o Sebasti\u00e3o do Para\u00edso na manh\u00e3 desta sexta-feira, 24, no Jardim Diamantina. O governador Romeu Zema e o vice-governador Professor Mateus acompanharam a solenidade.Zema pernoitou em S\u00e3o Sebasti\u00e3o do Para\u00edso depois de visitar ontem Guaxup\u00e9, Guaran\u00e9sia, Arceburgo, Monte Santo de Minas e Itamogi. (Jornal do Sudoeste \u2013 S\u00e3o Sebasti\u00e3o do Para\u00edso)<\/span><br \/><span><a href=\"https:\/\/jornaldosudoeste.com.br\/noticia_detalhe.php?id=218359\">https:\/\/jornaldosudoeste.com.br\/noticia_detalhe.php?id=218359<\/a><\/span><\/p>\n<p><strong><span>Po\u00e7os moderniza gest\u00e3o<\/span><\/strong><br \/><span>A Prefeitura de Po\u00e7os de Caldas deu in\u00edcio a um projeto de moderniza\u00e7\u00e3o de seus m\u00e9todos de trabalho, com o objetivo de transformar gradativamente todos os setores da administra\u00e7\u00e3o p\u00fablica. A primeira etapa ser\u00e1 implementada no setor de despesas, com avan\u00e7os progressivos em outras \u00e1reas, alinhando-se \u00e0s exig\u00eancias da legisla\u00e7\u00e3o SIAFIC (Sistema \u00danico e Integrado de Execu\u00e7\u00e3o Or\u00e7ament\u00e1ria, Administra\u00e7\u00e3o Financeira e Controle). Na manh\u00e3 desta quinta-feira (23), foi realizada uma reuni\u00e3o que contou com a presen\u00e7a do Prefeito Paulo Ney, dos secret\u00e1rios municipais e de representantes da empresa respons\u00e1vel pelo sistema Sonner, Alessandro Coelho gerente de projetos; Helo\u00edsa Helena Paulino Silva gerente t\u00e9cnica; Jandson Tavares diretor comercial e Wemerson Castro representante de sistemas, para sanar d\u00favidas e esclarecer os avan\u00e7os no sistema. (Jornal Mantiqueira \u2013 Po\u00e7os de Caldas)<\/span><br \/><span><a href=\"https:\/\/www.jornalmantiqueira.com.br\/2025\/01\/23\/iniciada-modernizacao-tecnologica-com-foco-na-gestao-eficiente-e-agilidade-nos-processos\/\">https:\/\/www.jornalmantiqueira.com.br\/2025\/01\/23\/iniciada-modernizacao-tecnologica-com-foco-na-gestao-eficiente-e-agilidade-nos-processos\/<\/a><\/span><\/p>\n<p><span><\/span><\/p>\n<p>\u00a0<\/p>","protected":false},"excerpt":{"rendered":"<p>Foto: Stciel \/ AdobeStock Reprodu\u00e7\u00e3oDC COLUNA MGPrincipais destaques dos jornais e portais integrantes da rede Sindijori MG www.sindijorimg.com.br Abertura de pequenos cresce 8,41% A cria\u00e7\u00e3o de microempreendedores individuais (MEI), microempresas (ME) e empresas de pequeno porte (EPP) foi respons\u00e1vel por 96,5% das 452,4mil novas empresas abertas em Minas Gerais em 2024, segundo levantamento do Sebrae [&hellip;]<\/p>\n","protected":false},"author":0,"featured_media":28347,"comment_status":"open","ping_status":"open","sticky":false,"template":"","format":"standard","meta":{"rop_custom_images_group":[],"rop_custom_messages_group":[],"rop_publish_now":"initial","rop_publish_now_accounts":[],"rop_publish_now_history":[],"rop_publish_now_status":"pending","footnotes":""},"categories":[6745],"tags":[],"class_list":["post-28346","post","type-post","status-publish","format-standard","has-post-thumbnail","hentry","category-coluna-sindijori"],"_links":{"self":[{"href":"https:\/\/diariotribuna.com.br\/index.php?rest_route=\/wp\/v2\/posts\/28346"}],"collection":[{"href":"https:\/\/diariotribuna.com.br\/index.php?rest_route=\/wp\/v2\/posts"}],"about":[{"href":"https:\/\/diariotribuna.com.br\/index.php?rest_route=\/wp\/v2\/types\/post"}],"replies":[{"embeddable":true,"href":"https:\/\/diariotribuna.com.br\/index.php?rest_route=%2Fwp%2Fv2%2Fcomments&post=28346"}],"version-history":[{"count":0,"href":"https:\/\/diariotribuna.com.br\/index.php?rest_route=\/wp\/v2\/posts\/28346\/revisions"}],"wp:featuredmedia":[{"embeddable":true,"href":"https:\/\/diariotribuna.com.br\/index.php?rest_route=\/wp\/v2\/media\/28347"}],"wp:attachment":[{"href":"https:\/\/diariotribuna.com.br\/index.php?rest_route=%2Fwp%2Fv2%2Fmedia&parent=28346"}],"wp:term":[{"taxonomy":"category","embeddable":true,"href":"https:\/\/diariotribuna.com.br\/index.php?rest_route=%2Fwp%2Fv2%2Fcategories&post=28346"},{"taxonomy":"post_tag","embeddable":true,"href":"https:\/\/diariotribuna.com.br\/index.php?rest_route=%2Fwp%2Fv2%2Ftags&post=28346"}],"curies":[{"name":"wp","href":"https:\/\/api.w.org\/{rel}","templated":true}]}}