{"id":28374,"date":"2025-01-25T20:45:45","date_gmt":"2025-01-25T23:45:45","guid":{"rendered":"https:\/\/diariotribuna.com.br\/?p=28374"},"modified":"2025-01-29T21:55:15","modified_gmt":"2025-01-30T00:55:15","slug":"bombeiros-localizam-idoso-que-estava-desaparecido-ha-tres-dias-em-aracuai","status":"publish","type":"post","link":"https:\/\/diariotribuna.com.br\/?p=28374","title":{"rendered":"Bombeiros localizam idoso que estava desaparecido h\u00e1 tr\u00eas dias em Ara\u00e7ua\u00ed"},"content":{"rendered":"\n<figure class=\"wp-block-gallery has-nested-images columns-default is-cropped wp-block-gallery-1 is-layout-flex wp-block-gallery-is-layout-flex\">\n<figure class=\"wp-block-image size-large\"><img loading=\"lazy\" decoding=\"async\" width=\"1024\" height=\"683\" data-id=\"28377\" src=\"https:\/\/diariotribuna.com.br\/wp-content\/uploads\/2025\/01\/2-7-1024x683.jpg\" alt=\"\" class=\"wp-image-28377\" srcset=\"https:\/\/diariotribuna.com.br\/wp-content\/uploads\/2025\/01\/2-7-1024x683.jpg 1024w, https:\/\/diariotribuna.com.br\/wp-content\/uploads\/2025\/01\/2-7-300x200.jpg 300w, https:\/\/diariotribuna.com.br\/wp-content\/uploads\/2025\/01\/2-7-768x512.jpg 768w, https:\/\/diariotribuna.com.br\/wp-content\/uploads\/2025\/01\/2-7-696x464.jpg 696w, https:\/\/diariotribuna.com.br\/wp-content\/uploads\/2025\/01\/2-7-1068x712.jpg 1068w, https:\/\/diariotribuna.com.br\/wp-content\/uploads\/2025\/01\/2-7-630x420.jpg 630w, https:\/\/diariotribuna.com.br\/wp-content\/uploads\/2025\/01\/2-7.jpg 1110w\" sizes=\"(max-width: 1024px) 100vw, 1024px\" \/><\/figure>\n\n\n\n<figure class=\"wp-block-image size-large\"><img loading=\"lazy\" decoding=\"async\" width=\"700\" height=\"407\" data-id=\"28378\" src=\"https:\/\/diariotribuna.com.br\/wp-content\/uploads\/2025\/01\/1-11.jpg\" alt=\"\" class=\"wp-image-28378\" srcset=\"https:\/\/diariotribuna.com.br\/wp-content\/uploads\/2025\/01\/1-11.jpg 700w, https:\/\/diariotribuna.com.br\/wp-content\/uploads\/2025\/01\/1-11-300x174.jpg 300w, https:\/\/diariotribuna.com.br\/wp-content\/uploads\/2025\/01\/1-11-696x405.jpg 696w\" sizes=\"(max-width: 700px) 100vw, 700px\" \/><\/figure>\n<\/figure>\n\n\n\n<p>Uma equipe do Corpo de Bombeiros de Ara\u00e7ua\u00ed localizou com vida <strong>Cosme Pereira dos Santos, 62 anos<\/strong>, que estava desaparecido h\u00e1 tr\u00eas dias. Os bombeiros contaram com apoio de moradores para localizar o idoso, na tarde deste s\u00e1bado, 25 de janeiro. Segundo os bombeiros, ele reside no bairro Canoeiro, e estava ap\u00f3s a ponte do Rio Calhauzinho, ao lado do Ribeir\u00e3o Calhauzinho, consciente, bastante debilitado e queixando-se de dores no corpo.<\/p>\n\n\n\n<p>Ap\u00f3s receber o primeiro atendimento pelos bombeiros, Cosme foi encaminhado ao hospital local, ficando sob os cuidados da equipe m\u00e9dica de plant\u00e3o. \u201cSeguindo uma estrat\u00e9gia de busca e com a coleta de informa\u00e7\u00f5es, os bombeiros, munidos de equipamentos necess\u00e1rios, conseguiram encontr\u00e1-lo no segundo dia de buscas\u201d, disse o sargento Nicolau.<\/p>\n\n\n\n<p>A solicitante que esteve no Corpo de Bombeiros, na sexta-feira (24), informando que Cosme estava desaparecido desde quinta-feira, disse que ele nunca havia tido surto psic\u00f3tico ou Alzheimer. Mas, no dia do desaparecimento apresentava-se&nbsp;desorientado. Disse ainda, que ele teria sido visto pela \u00faltima vez, numa a\u00e7\u00e3o social. Atrav\u00e9s de imagens de c\u00e2meras, os bombeiros iniciaram as buscas e conseguiram encontrar o idoso. (Informa\u00e7\u00f5es\/Fotos: Corpo de Bombeiros\/ Ara\u00e7ua\u00ed).<\/p>\n","protected":false},"excerpt":{"rendered":"<p>Uma equipe do Corpo de Bombeiros de Ara\u00e7ua\u00ed localizou com vida Cosme Pereira dos Santos, 62 anos, que estava desaparecido h\u00e1 tr\u00eas dias. Os bombeiros contaram com apoio de moradores para localizar o idoso, na tarde deste s\u00e1bado, 25 de janeiro. Segundo os bombeiros, ele reside no bairro Canoeiro, e estava ap\u00f3s a ponte do [&hellip;]<\/p>\n","protected":false},"author":1,"featured_media":28378,"comment_status":"open","ping_status":"open","sticky":false,"template":"","format":"standard","meta":{"rop_custom_images_group":[],"rop_custom_messages_group":[],"rop_publish_now":"initial","rop_publish_now_accounts":[],"rop_publish_now_history":[],"rop_publish_now_status":"pending","footnotes":""},"categories":[19],"tags":[2781,382,6953,6951,6952],"class_list":["post-28374","post","type-post","status-publish","format-standard","has-post-thumbnail","hentry","category-gerais","tag-aracuai-3","tag-corpo-de-bombeiros","tag-desaparecido","tag-idoso-encontrado","tag-rio-calhauzinho"],"_links":{"self":[{"href":"https:\/\/diariotribuna.com.br\/index.php?rest_route=\/wp\/v2\/posts\/28374"}],"collection":[{"href":"https:\/\/diariotribuna.com.br\/index.php?rest_route=\/wp\/v2\/posts"}],"about":[{"href":"https:\/\/diariotribuna.com.br\/index.php?rest_route=\/wp\/v2\/types\/post"}],"author":[{"embeddable":true,"href":"https:\/\/diariotribuna.com.br\/index.php?rest_route=\/wp\/v2\/users\/1"}],"replies":[{"embeddable":true,"href":"https:\/\/diariotribuna.com.br\/index.php?rest_route=%2Fwp%2Fv2%2Fcomments&post=28374"}],"version-history":[{"count":1,"href":"https:\/\/diariotribuna.com.br\/index.php?rest_route=\/wp\/v2\/posts\/28374\/revisions"}],"predecessor-version":[{"id":28379,"href":"https:\/\/diariotribuna.com.br\/index.php?rest_route=\/wp\/v2\/posts\/28374\/revisions\/28379"}],"wp:featuredmedia":[{"embeddable":true,"href":"https:\/\/diariotribuna.com.br\/index.php?rest_route=\/wp\/v2\/media\/28378"}],"wp:attachment":[{"href":"https:\/\/diariotribuna.com.br\/index.php?rest_route=%2Fwp%2Fv2%2Fmedia&parent=28374"}],"wp:term":[{"taxonomy":"category","embeddable":true,"href":"https:\/\/diariotribuna.com.br\/index.php?rest_route=%2Fwp%2Fv2%2Fcategories&post=28374"},{"taxonomy":"post_tag","embeddable":true,"href":"https:\/\/diariotribuna.com.br\/index.php?rest_route=%2Fwp%2Fv2%2Ftags&post=28374"}],"curies":[{"name":"wp","href":"https:\/\/api.w.org\/{rel}","templated":true}]}}