{"id":28380,"date":"2025-01-26T20:26:55","date_gmt":"2025-01-26T23:26:55","guid":{"rendered":"https:\/\/diariotribuna.com.br\/?p=28380"},"modified":"2025-01-28T22:45:54","modified_gmt":"2025-01-29T01:45:54","slug":"pm-prende-dois-homens-e-apreende-armas-de-fogo-e-municoes-em-jequitinhonha","status":"publish","type":"post","link":"https:\/\/diariotribuna.com.br\/?p=28380","title":{"rendered":"PM prende dois homens e apreende armas de fogo e muni\u00e7\u00f5es em Jequitinhonha"},"content":{"rendered":"\n<figure class=\"wp-block-image size-full is-resized\"><img loading=\"lazy\" decoding=\"async\" width=\"639\" height=\"700\" src=\"https:\/\/diariotribuna.com.br\/wp-content\/uploads\/2025\/01\/Imagem-do-WhatsApp-de-2025-01-24-as-15.05.27_bf4a6cd4-1-rotated.jpg\" alt=\"\" class=\"wp-image-28382\" style=\"width:338px;height:auto\" srcset=\"https:\/\/diariotribuna.com.br\/wp-content\/uploads\/2025\/01\/Imagem-do-WhatsApp-de-2025-01-24-as-15.05.27_bf4a6cd4-1-rotated.jpg 639w, https:\/\/diariotribuna.com.br\/wp-content\/uploads\/2025\/01\/Imagem-do-WhatsApp-de-2025-01-24-as-15.05.27_bf4a6cd4-1-274x300.jpg 274w, https:\/\/diariotribuna.com.br\/wp-content\/uploads\/2025\/01\/Imagem-do-WhatsApp-de-2025-01-24-as-15.05.27_bf4a6cd4-1-383x420.jpg 383w\" sizes=\"(max-width: 639px) 100vw, 639px\" \/><\/figure>\n\n\n\n<p>A Pol\u00edcia Militar recebeu den\u00fancia, na ter\u00e7a-feira, 21 de janeiro, informando que tr\u00eas indiv\u00edduos armados transitavam \u00e0s margens da MG 105, pr\u00f3ximo ao bairro S\u00e3o Miguel, em Jequitinhonha, informando tamb\u00e9m a identifica\u00e7\u00e3o de um deles, j\u00e1 conhecido no meio policial, segundo a PM, pela ficha criminal dele.<\/p>\n\n\n\n<p>Os militares fizeram dilig\u00eancias e conseguiram visualizar os suspeitos, que, ao perceberem aproxima\u00e7\u00e3o das viaturas, fugiram para um matagal. O local foi cercado e, durante a fuga, os indiv\u00edduos jogaram no mato uma bolsa contendo 1 rev\u00f3lver e 9 muni\u00e7\u00f5es de calibre 38, 1 espingarda cartucheira e 6 muni\u00e7\u00f5es de calibre 36, al\u00e9m de 2 aparelhos telefone celular.<\/p>\n\n\n\n<p>Ap\u00f3s diversas dilig\u00eancias e rastreamentos, os tr\u00eas foram identificados, sendo que dois deles foram presos e conduzidos \u00e0 delegacia de Pol\u00edcia Civil de Almenara, junto com os materiais apreendidos, para os procedimentos de pol\u00edcia judici\u00e1ria. O outro n\u00e3o foi localizado. (Informa\u00e7\u00f5es\/Foto: PMMG\/ Jequitinhonha).<\/p>\n","protected":false},"excerpt":{"rendered":"<p>A Pol\u00edcia Militar recebeu den\u00fancia, na ter\u00e7a-feira, 21 de janeiro, informando que tr\u00eas indiv\u00edduos armados transitavam \u00e0s margens da MG 105, pr\u00f3ximo ao bairro S\u00e3o Miguel, em Jequitinhonha, informando tamb\u00e9m a identifica\u00e7\u00e3o de um deles, j\u00e1 conhecido no meio policial, segundo a PM, pela ficha criminal dele. Os militares fizeram dilig\u00eancias e conseguiram visualizar os [&hellip;]<\/p>\n","protected":false},"author":1,"featured_media":28382,"comment_status":"open","ping_status":"open","sticky":false,"template":"","format":"standard","meta":{"rop_custom_images_group":[],"rop_custom_messages_group":[],"rop_publish_now":"initial","rop_publish_now_accounts":[],"rop_publish_now_history":[],"rop_publish_now_status":"pending","footnotes":""},"categories":[20],"tags":[1734,323,1331,297,205,76],"class_list":["post-28380","post","type-post","status-publish","format-standard","has-post-thumbnail","hentry","category-policia","tag-2-presos","tag-armas","tag-denuncia","tag-jequitinhonha","tag-municoes","tag-policia-militar"],"_links":{"self":[{"href":"https:\/\/diariotribuna.com.br\/index.php?rest_route=\/wp\/v2\/posts\/28380"}],"collection":[{"href":"https:\/\/diariotribuna.com.br\/index.php?rest_route=\/wp\/v2\/posts"}],"about":[{"href":"https:\/\/diariotribuna.com.br\/index.php?rest_route=\/wp\/v2\/types\/post"}],"author":[{"embeddable":true,"href":"https:\/\/diariotribuna.com.br\/index.php?rest_route=\/wp\/v2\/users\/1"}],"replies":[{"embeddable":true,"href":"https:\/\/diariotribuna.com.br\/index.php?rest_route=%2Fwp%2Fv2%2Fcomments&post=28380"}],"version-history":[{"count":2,"href":"https:\/\/diariotribuna.com.br\/index.php?rest_route=\/wp\/v2\/posts\/28380\/revisions"}],"predecessor-version":[{"id":28384,"href":"https:\/\/diariotribuna.com.br\/index.php?rest_route=\/wp\/v2\/posts\/28380\/revisions\/28384"}],"wp:featuredmedia":[{"embeddable":true,"href":"https:\/\/diariotribuna.com.br\/index.php?rest_route=\/wp\/v2\/media\/28382"}],"wp:attachment":[{"href":"https:\/\/diariotribuna.com.br\/index.php?rest_route=%2Fwp%2Fv2%2Fmedia&parent=28380"}],"wp:term":[{"taxonomy":"category","embeddable":true,"href":"https:\/\/diariotribuna.com.br\/index.php?rest_route=%2Fwp%2Fv2%2Fcategories&post=28380"},{"taxonomy":"post_tag","embeddable":true,"href":"https:\/\/diariotribuna.com.br\/index.php?rest_route=%2Fwp%2Fv2%2Ftags&post=28380"}],"curies":[{"name":"wp","href":"https:\/\/api.w.org\/{rel}","templated":true}]}}