{"id":28386,"date":"2025-01-27T12:04:21","date_gmt":"2025-01-27T15:04:21","guid":{"rendered":"https:\/\/diariotribuna.com.br\/?p=28386"},"modified":"2025-01-27T12:04:21","modified_gmt":"2025-01-27T15:04:21","slug":"caratinga-alerta-sobre-armas-de-gel","status":"publish","type":"post","link":"https:\/\/diariotribuna.com.br\/?p=28386","title":{"rendered":"Caratinga alerta sobre armas de gel\u00a0"},"content":{"rendered":"<p><span>Foto: Reprodu\u00e7\u00e3o Redes Sociais<\/span><br \/><span><\/span><\/p>\n<p><span><\/span><\/p>\n<p><strong><span>COLUNA MG<\/span><\/strong><br \/><span>Principais destaques dos jornais e portais integrantes da rede Sindijori MG <\/span><br \/><span><a href=\"http:\/\/www.sindijorimg.com.br\/\">www.sindijorimg.com.br<\/a><\/span><\/p>\n<p><strong><span>Caratinga alerta sobre armas de gel <\/span><\/strong><br \/><span>A Pol\u00edcia Militar de Caratinga emitiu um alerta sobre os perigos do uso inadequado de armas de gel, que podem causar acidentes, les\u00f5es e implica\u00e7\u00f5es legais, especialmente quando modificadas para se assemelharem a armas reais. Esses brinquedos, populares entre crian\u00e7as, adolescentes e adultos, t\u00eam sido usados irresponsavelmente em vias p\u00fablicas, gerando preocupa\u00e7\u00f5es de seguran\u00e7a, como les\u00f5es graves, confus\u00f5es em den\u00fancias e at\u00e9 rea\u00e7\u00f5es violentas. A PM destacou a import\u00e2ncia da conscientiza\u00e7\u00e3o da popula\u00e7\u00e3o, pediu aos pais que monitorem seus filhos e refor\u00e7ou que a preven\u00e7\u00e3o \u00e9 essencial para evitar riscos \u00e0 seguran\u00e7a da comunidade. (Di\u00e1rio de Caratinga)<\/span><br \/><span><a href=\"https:\/\/diariodecaratinga.com.br\/pm-alerta-sobre-o-perigo-do-uso-de-armas-de-gel-em-vias-publicas\/\">https:\/\/diariodecaratinga.com.br\/pm-alerta-sobre-o-perigo-do-uso-de-armas-de-gel-em-vias-publicas\/<\/a><\/span><\/p>\n<p><strong><span>Cambuquira fortalece o com\u00e9rcio <\/span><\/strong><br \/><span>A Prefeitura de Cambuquira promoveu uma reuni\u00e3o estrat\u00e9gica com representantes do sindicato dos funcion\u00e1rios p\u00fablicos, recursos humanos, Secretaria de Educa\u00e7\u00e3o, empres\u00e1rios locais, parceiros e a prefeita Cimara. O encontro teve como objetivo planejar a\u00e7\u00f5es voltadas para o fortalecimento do com\u00e9rcio de papelaria na cidade durante a volta \u00e0s aulas. A Administra\u00e7\u00e3o Municipal est\u00e1 empenhada em incentivar as compras nas lojas de papelaria da cidade, destacando a oferta de produtos de qualidade e o atendimento personalizado, como forma de impulsionar o com\u00e9rcio local e beneficiar a economia municipal. (Jornal Panorama \u2013 Caxambu)<\/span><br \/><span><a href=\"https:\/\/jornalpanoramaminas.com.br\/site\/prefeitura-de-cambuquira-planeja-acoes-para-fortalecer-o-comercio-local-no-periodo-de-volta-as-aulas\/\">https:\/\/jornalpanoramaminas.com.br\/site\/prefeitura-de-cambuquira-planeja-acoes-para-fortalecer-o-comercio-local-no-periodo-de-volta-as-aulas\/<\/a><\/span><\/p>\n<p><strong><span>TV Rio Doce passa a ser afiliada <\/span><\/strong><br \/><span>A TV Rio Doce, de Governador Valadares, se tornou afiliada da Rede Minas, o que promete fortalecer sua programa\u00e7\u00e3o local e regional, com maior \u00eanfase em conte\u00fado jornal\u00edstico, cultural, esportivo e de presta\u00e7\u00e3o de servi\u00e7os. A parceria permitir\u00e1 a veicula\u00e7\u00e3o de programas produzidos pela Rede Minas e a inser\u00e7\u00e3o de novos canais educativos e culturais na grade da TV Rio Doce. A mudan\u00e7a visa ampliar a cobertura e promover a cultura e os acontecimentos de Minas Gerais, com a TV Rio Doce participando da programa\u00e7\u00e3o jornal\u00edstica da Rede Minas e contribuindo com informa\u00e7\u00f5es da regi\u00e3o. (Di\u00e1rio do Rio Doce \u2013 Governador Valadares) <\/span><br \/><span><a href=\"https:\/\/drd.com.br\/tv-rio-doce-passa-a-ser-afiliada-da-rede-minas-e-reforca-programacao-local\/\">https:\/\/drd.com.br\/tv-rio-doce-passa-a-ser-afiliada-da-rede-minas-e-reforca-programacao-local\/<\/a><\/span><\/p>\n<p><strong><span>IFMG oferece cursos de p\u00f3s-gradua\u00e7\u00e3o <\/span><\/strong><br \/><span>O IFMG \u2013 Campus Sabar\u00e1 est\u00e1 oferecendo dois cursos de p\u00f3s-gradua\u00e7\u00e3o gratuitos para professores da educa\u00e7\u00e3o b\u00e1sica: um em Ensino de L\u00edngua Portuguesa e Literatura e outro em Educa\u00e7\u00e3o Matem\u00e1tica. As inscri\u00e7\u00f5es est\u00e3o abertas at\u00e9 21 de fevereiro de 2025, com um total de 65 vagas distribu\u00eddas entre as duas forma\u00e7\u00f5es. O curso de L\u00edngua Portuguesa \u00e9 oferecido a dist\u00e2ncia, com encontros noturnos \u00e0s quintas-feiras, enquanto o curso de Educa\u00e7\u00e3o Matem\u00e1tica \u00e9 presencial, com encontros \u00e0s quartas e quintas-feiras \u00e0 noite. Ambas as op\u00e7\u00f5es t\u00eam o objetivo de aprimorar as pr\u00e1ticas pedag\u00f3gicas dos educadores e contribuir para a qualidade da educa\u00e7\u00e3o b\u00e1sica. (Folha de Sabar\u00e1)<\/span><br \/><span><a href=\"https:\/\/folhadesabara.com.br\/noticia\/41545\/campus-do-ifmg-em-sabara-oferece-cursos-de-pos-graduacao-gratuitos-para-professores\">https:\/\/folhadesabara.com.br\/noticia\/41545\/campus-do-ifmg-em-sabara-oferece-cursos-de-pos-graduacao-gratuitos-para-professores<\/a><\/span><\/p>\n<p><strong><span>Estudante conquista medalha internacional <\/span><\/strong><br \/><span>Maycon Barreto, um estudante de 17 anos da Escola Estadual Cl\u00f3vis Salgado, em S\u00e3o Sebasti\u00e3o do Para\u00edso, Minas Gerais, conquistou a medalha de bronze na Olimp\u00edada Internacional de Ci\u00eancias Naturais, realizada em Houston, EUA. Representando a rede p\u00fablica de Minas Gerais, Maycon foi apoiado pelo Governo de Minas, que custeou suas despesas. A competi\u00e7\u00e3o, que envolveu provas de biologia, qu\u00edmica e f\u00edsica, destacou Maycon, que se classificou em 4\u00ba lugar geral entre competidores internacionais. Al\u00e9m dessa conquista, ele obteve outras medalhas em competi\u00e7\u00f5es cient\u00edficas, como ouro na Olimp\u00edada Brasileira de Astronomia e Astron\u00e1utica e prata no Torneio Nacional de F\u00edsica. (Gazeta Norte Mineira \u2013 Montes Claros)<\/span><br \/><span><a href=\"https:\/\/gazetanm.com.br\/estudante-de-escola-estadual-de-minas-conquista-medalha-em-olimpiada-internacional-de-ciencias-nos-eua\/\">https:\/\/gazetanm.com.br\/estudante-de-escola-estadual-de-minas-conquista-medalha-em-olimpiada-internacional-de-ciencias-nos-eua\/<\/a><\/span><\/p>\n<p><strong><span>Tim\u00f3teo realizar\u00e1 blitz educativa <\/span><\/strong><br \/><span>A Prefeitura de Tim\u00f3teo, por meio da Subsecretaria Municipal de Mobilidade Urbana, realizar\u00e1 uma blitz educativa na pr\u00f3xima segunda-feira (27), a partir das 9h, na Avenida Acesita, no bairro Primavera. A a\u00e7\u00e3o contar\u00e1 com o apoio da Pol\u00edcia Militar e abordar\u00e1 motoristas nos dois sentidos da via, distribuindo materiais informativos sobre pr\u00e1ticas de tr\u00e2nsito seguro. O objetivo \u00e9 conscientizar a popula\u00e7\u00e3o sobre os principais fatores de risco para acidentes, como distra\u00e7\u00e3o, \u00e1lcool, excesso de velocidade e a import\u00e2ncia do uso de cinto de seguran\u00e7a e cadeirinhas para crian\u00e7as. A iniciativa visa prevenir acidentes. (Portal da Cidade \u2013 Ipatinga)<\/span><br \/><span><a href=\"https:\/\/ipatinga.portaldacidade.com\/noticias\/cidade\/timoteo-realizara-blitz-educativa-para-conscientizacao-no-transito-0851\">https:\/\/ipatinga.portaldacidade.com\/noticias\/cidade\/timoteo-realizara-blitz-educativa-para-conscientizacao-no-transito-0851<\/a><\/span><\/p>\n\n<p>\u00a0<\/p>","protected":false},"excerpt":{"rendered":"<p>Foto: Reprodu\u00e7\u00e3o Redes Sociais COLUNA MGPrincipais destaques dos jornais e portais integrantes da rede Sindijori MG www.sindijorimg.com.br Caratinga alerta sobre armas de gel A Pol\u00edcia Militar de Caratinga emitiu um alerta sobre os perigos do uso inadequado de armas de gel, que podem causar acidentes, les\u00f5es e implica\u00e7\u00f5es legais, especialmente quando modificadas para se assemelharem [&hellip;]<\/p>\n","protected":false},"author":0,"featured_media":28387,"comment_status":"open","ping_status":"open","sticky":false,"template":"","format":"standard","meta":{"rop_custom_images_group":[],"rop_custom_messages_group":[],"rop_publish_now":"initial","rop_publish_now_accounts":[],"rop_publish_now_history":[],"rop_publish_now_status":"pending","footnotes":""},"categories":[6745],"tags":[],"class_list":["post-28386","post","type-post","status-publish","format-standard","has-post-thumbnail","hentry","category-coluna-sindijori"],"_links":{"self":[{"href":"https:\/\/diariotribuna.com.br\/index.php?rest_route=\/wp\/v2\/posts\/28386"}],"collection":[{"href":"https:\/\/diariotribuna.com.br\/index.php?rest_route=\/wp\/v2\/posts"}],"about":[{"href":"https:\/\/diariotribuna.com.br\/index.php?rest_route=\/wp\/v2\/types\/post"}],"replies":[{"embeddable":true,"href":"https:\/\/diariotribuna.com.br\/index.php?rest_route=%2Fwp%2Fv2%2Fcomments&post=28386"}],"version-history":[{"count":0,"href":"https:\/\/diariotribuna.com.br\/index.php?rest_route=\/wp\/v2\/posts\/28386\/revisions"}],"wp:featuredmedia":[{"embeddable":true,"href":"https:\/\/diariotribuna.com.br\/index.php?rest_route=\/wp\/v2\/media\/28387"}],"wp:attachment":[{"href":"https:\/\/diariotribuna.com.br\/index.php?rest_route=%2Fwp%2Fv2%2Fmedia&parent=28386"}],"wp:term":[{"taxonomy":"category","embeddable":true,"href":"https:\/\/diariotribuna.com.br\/index.php?rest_route=%2Fwp%2Fv2%2Fcategories&post=28386"},{"taxonomy":"post_tag","embeddable":true,"href":"https:\/\/diariotribuna.com.br\/index.php?rest_route=%2Fwp%2Fv2%2Ftags&post=28386"}],"curies":[{"name":"wp","href":"https:\/\/api.w.org\/{rel}","templated":true}]}}