{"id":28388,"date":"2025-01-27T13:16:03","date_gmt":"2025-01-27T16:16:03","guid":{"rendered":"https:\/\/diariotribuna.com.br\/?p=28388"},"modified":"2025-01-27T13:16:03","modified_gmt":"2025-01-27T16:16:03","slug":"chuva-de-riquezas-para-o-campo-e-a-cidade","status":"publish","type":"post","link":"https:\/\/diariotribuna.com.br\/?p=28388","title":{"rendered":"Chuva de riquezas para o campo e a cidade\u00a0"},"content":{"rendered":"<p class=\"MsoNormal\"><span>FOTO: FAEMG | DIVULGA\u00c7\u00c3O<\/span><\/p>\n<p><\/p>\n<p class=\"MsoNormal\"><span>Por Ant\u00f4nio Pitangui de Salvo, engenheiro agr\u00f4nomo e presidente da Federa\u00e7\u00e3o da Agricultura e Pecu\u00e1ria do Estado de Minas Gerais (FAEMG)<\/span><\/p>\n<p><\/p>\n<p class=\"MsoNormal\"><span>Na cidade, elas reabastecem os reservat\u00f3rios e contribuem para a qualidade de vida; no campo, s\u00e3o essenciais para impulsionar a produtividade e fortalecer a economia nacional. As chuvas, quando bem distribu\u00eddas, s\u00e3o fonte de prosperidade para toda a popula\u00e7\u00e3o. Em Minas, as principais regi\u00f5es tiveram \u00edndices pluviom\u00e9tricos que superaram a m\u00e9dia hist\u00f3rica neste in\u00edcio do ano, o que, para o setor agr\u00edcola, traz expectativas positivas.<\/span><\/p>\n<p><\/p>\n<p class=\"MsoNormal\"><span>A safra de gr\u00e3os 2024\/2025 deve ser a maior j\u00e1 produzida no Brasil, com uma proje\u00e7\u00e3o superior a 320 milh\u00f5es de toneladas. Em rela\u00e7\u00e3o ao caf\u00e9, que foi fortemente impactado pela seca de 2024, o retorno das chuvas nas principais regi\u00f5es produtoras trouxe al\u00edvio para os cafezais, gerando novas floradas e gr\u00e3os de melhor qualidade.<\/span><\/p>\n<p><\/p>\n<p class=\"MsoNormal\"><span>A previs\u00e3o de uma supersafra, somada ao aumento das exporta\u00e7\u00f5es de produtos prim\u00e1rios, fortalece a balan\u00e7a comercial e consolida o Brasil como um protagonista no mercado internacional. Avan\u00e7os que refletem no desenvolvimento socioecon\u00f4mico, com a redu\u00e7\u00e3o das desigualdades sociais e recursos adicionais para investimentos em sa\u00fade, educa\u00e7\u00e3o e seguran\u00e7a.<\/span><\/p>\n<p><\/p>\n<p class=\"MsoNormal\"><span>Os impactos positivos das chuvas n\u00e3o se limitam ao campo. A maior produtividade agr\u00edcola se traduz em alimentos mais frescos, diversificados e a pre\u00e7os mais acess\u00edveis nas prateleiras dos supermercados. Al\u00e9m disso, o aumento dos n\u00edveis dos reservat\u00f3rios das hidrel\u00e9tricas contribui para a gera\u00e7\u00e3o de energia a custos mais baixos, diminuindo o valor das contas de luz e trazendo al\u00edvio econ\u00f4mico para todos os setores da sociedade.<\/span><\/p>\n<p><\/p>\n<p class=\"MsoNormal\"><span>A abund\u00e2ncia de recursos h\u00eddricos \u00e9 vital para o abastecimento das cidades, a irriga\u00e7\u00e3o das lavouras e o desenvolvimento de v\u00e1rias atividades econ\u00f4micas. Contudo, \u00e9 indispens\u00e1vel utilizar e reservar a \u00e1gua de maneira consciente e sustent\u00e1vel. Investir em tecnologias de irriga\u00e7\u00e3o eficientes, sistemas modernos de tratamento de \u00e1gua e a\u00e7\u00f5es de preserva\u00e7\u00e3o dos recursos h\u00eddricos para garantir a sustentabilidade do estado e o bem-estar das futuras gera\u00e7\u00f5es.<\/span><\/p>\n<p><\/p>\n<p class=\"MsoNormal\"><span>Ap\u00f3s a severa seca de 2024, as chuvas abundantes representam um recome\u00e7o para muitos setores, especialmente o agr\u00edcola. Para os produtores que enfrentaram perdas significativas no \u00faltimo ano, o retorno das precipita\u00e7\u00f5es traz um sentimento de al\u00edvio e otimismo, al\u00e9m de oportunidades de replanejamento e ajustes nas pr\u00e1ticas de manejo. <\/span><\/p>\n<p><\/p>\n<p class=\"MsoNormal\">\n<\/p><p class=\"MsoNormal\"><span>Mesmo com tantos benef\u00edcios, \u00e9 imposs\u00edvel ignorar as enchentes que devastaram diversas cidades mineiras, causando perdas irrepar\u00e1veis para in\u00fameras fam\u00edlias. Esses eventos refor\u00e7am a urg\u00eancia de investimentos em infraestrutura e planejamento urbano que possam prevenir trag\u00e9dias futuras. Afinal, se ocorrem de forma equilibrada, as chuvas s\u00e3o fonte de riqueza e contribuem para melhorar a qualidade de vida do campo \u00e0s cidades. \u00a0<span><\/span><\/span><\/p>\n<p><\/p>\n\n<p>\u00a0<\/p>","protected":false},"excerpt":{"rendered":"<p>FOTO: FAEMG | DIVULGA\u00c7\u00c3O Por Ant\u00f4nio Pitangui de Salvo, engenheiro agr\u00f4nomo e presidente da Federa\u00e7\u00e3o da Agricultura e Pecu\u00e1ria do Estado de Minas Gerais (FAEMG) Na cidade, elas reabastecem os reservat\u00f3rios e contribuem para a qualidade de vida; no campo, s\u00e3o essenciais para impulsionar a produtividade e fortalecer a economia nacional. As chuvas, quando bem [&hellip;]<\/p>\n","protected":false},"author":0,"featured_media":28389,"comment_status":"open","ping_status":"open","sticky":false,"template":"","format":"standard","meta":{"rop_custom_images_group":[],"rop_custom_messages_group":[],"rop_publish_now":"initial","rop_publish_now_accounts":[],"rop_publish_now_history":[],"rop_publish_now_status":"pending","footnotes":""},"categories":[6745],"tags":[],"class_list":["post-28388","post","type-post","status-publish","format-standard","has-post-thumbnail","hentry","category-coluna-sindijori"],"_links":{"self":[{"href":"https:\/\/diariotribuna.com.br\/index.php?rest_route=\/wp\/v2\/posts\/28388"}],"collection":[{"href":"https:\/\/diariotribuna.com.br\/index.php?rest_route=\/wp\/v2\/posts"}],"about":[{"href":"https:\/\/diariotribuna.com.br\/index.php?rest_route=\/wp\/v2\/types\/post"}],"replies":[{"embeddable":true,"href":"https:\/\/diariotribuna.com.br\/index.php?rest_route=%2Fwp%2Fv2%2Fcomments&post=28388"}],"version-history":[{"count":0,"href":"https:\/\/diariotribuna.com.br\/index.php?rest_route=\/wp\/v2\/posts\/28388\/revisions"}],"wp:featuredmedia":[{"embeddable":true,"href":"https:\/\/diariotribuna.com.br\/index.php?rest_route=\/wp\/v2\/media\/28389"}],"wp:attachment":[{"href":"https:\/\/diariotribuna.com.br\/index.php?rest_route=%2Fwp%2Fv2%2Fmedia&parent=28388"}],"wp:term":[{"taxonomy":"category","embeddable":true,"href":"https:\/\/diariotribuna.com.br\/index.php?rest_route=%2Fwp%2Fv2%2Fcategories&post=28388"},{"taxonomy":"post_tag","embeddable":true,"href":"https:\/\/diariotribuna.com.br\/index.php?rest_route=%2Fwp%2Fv2%2Ftags&post=28388"}],"curies":[{"name":"wp","href":"https:\/\/api.w.org\/{rel}","templated":true}]}}