{"id":28393,"date":"2025-01-27T22:46:27","date_gmt":"2025-01-28T01:46:27","guid":{"rendered":"https:\/\/diariotribuna.com.br\/?p=28393"},"modified":"2025-01-27T22:47:00","modified_gmt":"2025-01-28T01:47:00","slug":"policias-civil-militar-e-penal-realizam-a-operacao-white-brother-em-joaima","status":"publish","type":"post","link":"https:\/\/diariotribuna.com.br\/?p=28393","title":{"rendered":"Pol\u00edcia Civil deflagra a opera\u00e7\u00e3o White Brother em Joa\u00edma"},"content":{"rendered":"\n<figure class=\"wp-block-image size-full is-resized\"><img loading=\"lazy\" decoding=\"async\" width=\"700\" height=\"423\" src=\"https:\/\/diariotribuna.com.br\/wp-content\/uploads\/2025\/01\/image.jpeg\" alt=\"O atributo alt desta imagem est\u00e1 vazio. O nome do arquivo \u00e9 Imagem-do-WhatsApp-de-2025-01-27-as-14.47.42_200a8caf.jpg\" class=\"wp-image-28395\" style=\"width:476px;height:auto\" srcset=\"https:\/\/diariotribuna.com.br\/wp-content\/uploads\/2025\/01\/image.jpeg 700w, https:\/\/diariotribuna.com.br\/wp-content\/uploads\/2025\/01\/image-300x181.jpeg 300w, https:\/\/diariotribuna.com.br\/wp-content\/uploads\/2025\/01\/image-696x421.jpeg 696w, https:\/\/diariotribuna.com.br\/wp-content\/uploads\/2025\/01\/image-695x420.jpeg 695w\" sizes=\"(max-width: 700px) 100vw, 700px\" \/><\/figure>\n\n\n\n<p>A <strong>16\u00aa delegacia de Pol\u00edcia Civil de Jequitinhonha<\/strong> deflagrou a <strong>opera\u00e7\u00e3o \u201cWhite Brother\u201d<\/strong>, na segunda-feira (27\/1), objetivando reprimir o crime organizado, no munic\u00edpio de <strong>Joa\u00edma<\/strong>, na regi\u00e3o do Vale do Jequitinhonha, com o apoio da <strong>Pol\u00edcia Militar, Pol\u00edcia Militar Ambiental, Pol\u00edcia Militar Rodovi\u00e1ria e Pol\u00edcia Penal<\/strong>. Foram cumpridos 6 mandados de pris\u00e3o e 10 de busca e apreens\u00e3o. Duas pessoas foram presas em flagrante durante as a\u00e7\u00f5es policiais, e foram apreendidas drogas, muni\u00e7\u00f5es, armas de fogo e ve\u00edculos.<\/p>\n\n\n\n<p>Segundo a PCMG, os alvos das opera\u00e7\u00f5es s\u00e3o investigados pelos crimes de organiza\u00e7\u00e3o criminosa, associa\u00e7\u00e3o criminosa, tr\u00e1fico de drogas, tortura, posse e porte ilegal de arma de fogo de uso restrito e falsifica\u00e7\u00e3o de moeda, dentre outros crimes. O delegado de pol\u00edcia, dr. Diogo Quaresma, informou que as investiga\u00e7\u00f5es prosseguem e que haver\u00e1 outras fases relacionadas \u00e0 opera\u00e7\u00e3o White Brother.<\/p>\n\n\n\n<p>Foram apreendidos: 2 armas de fogo, 1\/2 quilo de coca\u00edna, 2 kg de Skunk (super maconha), 88 muni\u00e7\u00f5es de calibre 40, 117 muni\u00e7\u00f5es calibre 380, 28 muni\u00e7\u00f5es calibre 38, 11 muni\u00e7\u00f5es calibre 30, R$ 2.000,00 em c\u00e9dulas falsas de 100 reais, R$ 2.172,00 em esp\u00e9cie, 2 toucas e 4 ve\u00edculos. (Informa\u00e7\u00f5es\/Foto: PCMG\/ Joa\u00edma).<\/p>\n","protected":false},"excerpt":{"rendered":"<p>A 16\u00aa delegacia de Pol\u00edcia Civil de Jequitinhonha deflagrou a opera\u00e7\u00e3o \u201cWhite Brother\u201d, na segunda-feira (27\/1), objetivando reprimir o crime organizado, no munic\u00edpio de Joa\u00edma, na regi\u00e3o do Vale do Jequitinhonha, com o apoio da Pol\u00edcia Militar, Pol\u00edcia Militar Ambiental, Pol\u00edcia Militar Rodovi\u00e1ria e Pol\u00edcia Penal. Foram cumpridos 6 mandados de pris\u00e3o e 10 de [&hellip;]<\/p>\n","protected":false},"author":1,"featured_media":28394,"comment_status":"open","ping_status":"open","sticky":false,"template":"","format":"standard","meta":{"rop_custom_images_group":[],"rop_custom_messages_group":[],"rop_publish_now":"initial","rop_publish_now_accounts":[],"rop_publish_now_history":[],"rop_publish_now_status":"pending","footnotes":""},"categories":[25,20],"tags":[326,6955,591,126,292,76,1041],"class_list":["post-28393","post","type-post","status-publish","format-standard","has-post-thumbnail","hentry","category-destaque","category-policia","tag-joaima","tag-operacao-white-brother","tag-pm-ambiental","tag-pm-rv","tag-policia-civil","tag-policia-militar","tag-policia-penal"],"_links":{"self":[{"href":"https:\/\/diariotribuna.com.br\/index.php?rest_route=\/wp\/v2\/posts\/28393"}],"collection":[{"href":"https:\/\/diariotribuna.com.br\/index.php?rest_route=\/wp\/v2\/posts"}],"about":[{"href":"https:\/\/diariotribuna.com.br\/index.php?rest_route=\/wp\/v2\/types\/post"}],"author":[{"embeddable":true,"href":"https:\/\/diariotribuna.com.br\/index.php?rest_route=\/wp\/v2\/users\/1"}],"replies":[{"embeddable":true,"href":"https:\/\/diariotribuna.com.br\/index.php?rest_route=%2Fwp%2Fv2%2Fcomments&post=28393"}],"version-history":[{"count":2,"href":"https:\/\/diariotribuna.com.br\/index.php?rest_route=\/wp\/v2\/posts\/28393\/revisions"}],"predecessor-version":[{"id":28397,"href":"https:\/\/diariotribuna.com.br\/index.php?rest_route=\/wp\/v2\/posts\/28393\/revisions\/28397"}],"wp:featuredmedia":[{"embeddable":true,"href":"https:\/\/diariotribuna.com.br\/index.php?rest_route=\/wp\/v2\/media\/28394"}],"wp:attachment":[{"href":"https:\/\/diariotribuna.com.br\/index.php?rest_route=%2Fwp%2Fv2%2Fmedia&parent=28393"}],"wp:term":[{"taxonomy":"category","embeddable":true,"href":"https:\/\/diariotribuna.com.br\/index.php?rest_route=%2Fwp%2Fv2%2Fcategories&post=28393"},{"taxonomy":"post_tag","embeddable":true,"href":"https:\/\/diariotribuna.com.br\/index.php?rest_route=%2Fwp%2Fv2%2Ftags&post=28393"}],"curies":[{"name":"wp","href":"https:\/\/api.w.org\/{rel}","templated":true}]}}