{"id":28407,"date":"2025-01-28T15:22:10","date_gmt":"2025-01-28T18:22:10","guid":{"rendered":"https:\/\/diariotribuna.com.br\/?p=28407"},"modified":"2025-01-28T15:22:10","modified_gmt":"2025-01-28T18:22:10","slug":"uberlandia-alcanca-bilhoes-em-exportacoes","status":"publish","type":"post","link":"https:\/\/diariotribuna.com.br\/?p=28407","title":{"rendered":"Uberl\u00e2ndia alcan\u00e7a bilh\u00f5es em exporta\u00e7\u00f5es\u00a0"},"content":{"rendered":"<p><span>Foto: Wenderson Araujo\/Trilux<\/span><\/p>\n\n<p><strong><span>COLUNA MG<\/span><\/strong><br \/><span>Principais destaques dos jornais e portais integrantes da rede Sindijori MG <\/span><br \/><span><a href=\"http:\/\/www.sindijorimg.com.br\/\">www.sindijorimg.com.br<\/a><\/span><\/p>\n<p><span><strong>Uberl\u00e2ndia alcan\u00e7a bilh\u00f5es em exporta\u00e7\u00f5es<\/strong> <\/span><br \/><span>Em 2024, a Regi\u00e3o Intermedi\u00e1ria de Uberl\u00e2ndia alcan\u00e7ou US$ 2,88 bilh\u00f5es em exporta\u00e7\u00f5es, um crescimento de 6,19% em rela\u00e7\u00e3o ao ano anterior. O volume exportado foi de 3,86 milh\u00f5es de toneladas, marcando o maior n\u00famero da s\u00e9rie hist\u00f3rica. A soja foi o principal item exportado, seguida pela carne bovina congelada, embora as exporta\u00e7\u00f5es de soja tenham ca\u00eddo 4,92%. Destacaram-se tamb\u00e9m as exporta\u00e7\u00f5es de carne su\u00edna e carne bovina fresca, com aumentos expressivos. A China foi o principal destino, recebendo 51,02% das exporta\u00e7\u00f5es, seguida por Indon\u00e9sia e Estados Unidos. Munic\u00edpios como Araguari e Uberl\u00e2ndia lideraram as exporta\u00e7\u00f5es. (Di\u00e1rio de Uberl\u00e2ndia)<\/span><br \/><span><a href=\"https:\/\/diariodeuberlandia.com.br\/noticia\/37353\/regiao-intermediaria-de-uberlandia-alcanca-us-2-88-bilhoes-em-exportacoes-em-2024\">https:\/\/diariodeuberlandia.com.br\/noticia\/37353\/regiao-intermediaria-de-uberlandia-alcanca-us-2-88-bilhoes-em-exportacoes-em-2024<\/a><\/span><\/p>\n<p><strong><span>Neurodivergentes poder\u00e3o ter atendimento<\/span><\/strong><br \/><span>Em Montes Claros foi proposto um requerimento que solicita \u00e0 Prefeitura a cria\u00e7\u00e3o de um Centro de Refer\u00eancia e Atendimento \u00e0s Pessoas Neurodivergentes. A iniciativa visa fornecer suporte especializado a indiv\u00edduos com condi\u00e7\u00f5es como Transtorno do Espectro Autista (TEA), TDAH, TOC, Dispraxia e S\u00edndrome de Tourette, oferecendo atendimento integral com servi\u00e7os como terapia ocupacional, fonoterapia, acompanhamento m\u00e9dico e orienta\u00e7\u00f5es jur\u00eddicas. O objetivo \u00e9 reduzir barreiras no acesso a servi\u00e7os essenciais, melhorar a qualidade de vida dos indiv\u00edduos neurodivergentes e promover a inclus\u00e3o social. (Gazeta Norte Mineira \u2013 Montes Claros)<\/span><br \/><span><a href=\"https:\/\/gazetanm.com.br\/pessoas-neurodivergentes-poderao-ter-atendimento-especializado\/\">https:\/\/gazetanm.com.br\/pessoas-neurodivergentes-poderao-ter-atendimento-especializado\/<\/a><\/span><\/p>\n<p><strong><span>Porca pode entrar para o Guiness Book<\/span><\/strong><br \/><span>Uma porca de uma granja de Luz, na regi\u00e3o Centro Oeste de Minas, distante 120 quil\u00f4metros de Divin\u00f3polis, pariu 45 leit\u00f5es em um s\u00f3 parto. Segundo especialistas, uma ninhada tradicional gera de 12 a 16 filhotes. Nas primeiras 24 horas de vida, os animais se alimentam com o colostro, leite rico em anticorpos que garante um bom funcionamento de seu sistema imunol\u00f3gico. Em raz\u00e3o disso, os criadores fazem um revezamento para que todos os filhotes se alimentem adequadamente. O caso excepcional da porca de Luz, pode entrar para o Guinness Book, como novo recorde mundial. (Portal G37 de Not\u00edcias \u2013 Divin\u00f3polis)<\/span><br \/><span><a href=\"https:\/\/g37.com.br\/minas-gerais\/porca-da-a-luz-45-leitoes-de-uma-vez-em-minas-gerais-e-pode-entrar-para-o-guiness-book\/\">https:\/\/g37.com.br\/minas-gerais\/porca-da-a-luz-45-leitoes-de-uma-vez-em-minas-gerais-e-pode-entrar-para-o-guiness-book\/<\/a><\/span><\/p>\n<p><strong><span>Pedigree investe R$ 30 milh\u00f5es<\/span><\/strong><br \/><span>A Mars, dona da marca Pedigree, inaugurou um novo Centro de Distribui\u00e7\u00e3o (CD) em Extrema, no Sul de Minas, com um investimento de R$ 30 milh\u00f5es. A instala\u00e7\u00e3o ocupa 6 mil metros quadrados e visa ampliar a capacidade log\u00edstica da empresa para atender as regi\u00f5es Sul, Sudeste e Centro-Oeste do Brasil. A iniciativa deve gerar cerca de 100 empregos diretos e indiretos e traz inova\u00e7\u00f5es tecnol\u00f3gicas para o setor de alimentos para pets. A escolha de Extrema se deve \u00e0 sua localiza\u00e7\u00e3o estrat\u00e9gica, infraestrutura log\u00edstica e m\u00e3o de obra qualificada. A Mars tem mais de 40 anos de atua\u00e7\u00e3o no Brasil e \u00e9 conhecida por marcas como Pedigree, Whiskas e Royal Canin. (Cidade Conecta \u2013 Nova Lima)<\/span><br \/><span><a href=\"https:\/\/www.itatiaia.com.br\/cidade-conecta\/2025\/01\/26\/dona-da-marca-pedigree-investe-r-30-milhoes-em-centro-de-distribuicao\">https:\/\/www.itatiaia.com.br\/cidade-conecta\/2025\/01\/26\/dona-da-marca-pedigree-investe-r-30-milhoes-em-centro-de-distribuicao<\/a><\/span><\/p>\n<p><strong><span>Viagens de trem para BH s\u00e3o suspensas <\/span><\/strong><br \/><span>A partir de segunda-feira, 27 de janeiro, as viagens de trem com destino a Belo Horizonte pela ferrovia Vit\u00f3ria a Minas foram suspensas devido a manuten\u00e7\u00f5es preventivas. A suspens\u00e3o afeta os trechos com origem e destino em Belo Horizonte, Bar\u00e3o de Cocais, Rio Piracicaba e Jo\u00e3o Monlevade, at\u00e9 o dia 4 de fevereiro. Durante esse per\u00edodo, a circula\u00e7\u00e3o entre Itabira e Nova Era continuar\u00e1 normalmente, e os passageiros podem alterar ou cancelar suas passagens, com algumas taxas. A Vale recomenda que os passageiros fiquem atentos \u00e0s informa\u00e7\u00f5es e mantenham seus documentos em m\u00e3os. (Di\u00e1rio do Rio Doce \u2013 Governador Valadares)<\/span><br \/><span><a href=\"https:\/\/drd.com.br\/viagens-de-trem-para-belo-horizonte-serao-suspensas-a-partir-de-segunda-feira\/\">https:\/\/drd.com.br\/viagens-de-trem-para-belo-horizonte-serao-suspensas-a-partir-de-segunda-feira\/<\/a><\/span><\/p>\n<p><strong><span>DER vai instalar radares na regi\u00e3o<\/span><\/strong><br \/><span>A regi\u00e3o ter\u00e1 42 novos radares em rodovias em 2025. Segundo informa\u00e7\u00f5es do Departamento de Estradas de Rodagem (DER-MG), os equipamentos devem ser instalados na MG-050, MG-184, MG-341, MG-344, MG-438, MG-444, LMG-836, LMG-857, LMG-858, BR-265 e BR-491. O DER prev\u00ea a instala\u00e7\u00e3o de Redutor Eletr\u00f4nico de Velocidade (REV) Controlador Eletr\u00f4nico de Velocidade (CEV). De acordo com o governo de Minas, no estado ser\u00e3o 764 novos controladores e redutores eletr\u00f4nicos de velocidade, conforme previsto em edital publicado no final de dezembro de 2024. O n\u00famero de equipamentos vai passar dos 536 para 1,3 mil. (Folha da Manh\u00e3 \u2013 Passos)<\/span><br \/><span><a href=\"https:\/\/clicfolha.com.br\/der-preve-instalacao-de-42-radares-em-rodovias-na-regiao\/\">https:\/\/clicfolha.com.br\/der-preve-instalacao-de-42-radares-em-rodovias-na-regiao\/<\/a><\/span><\/p>\n<div class=\"post-image-inner\"><\/div>\n\n<p>\u00a0<\/p>","protected":false},"excerpt":{"rendered":"<p>Foto: Wenderson Araujo\/Trilux COLUNA MGPrincipais destaques dos jornais e portais integrantes da rede Sindijori MG www.sindijorimg.com.br Uberl\u00e2ndia alcan\u00e7a bilh\u00f5es em exporta\u00e7\u00f5es Em 2024, a Regi\u00e3o Intermedi\u00e1ria de Uberl\u00e2ndia alcan\u00e7ou US$ 2,88 bilh\u00f5es em exporta\u00e7\u00f5es, um crescimento de 6,19% em rela\u00e7\u00e3o ao ano anterior. O volume exportado foi de 3,86 milh\u00f5es de toneladas, marcando o maior [&hellip;]<\/p>\n","protected":false},"author":0,"featured_media":28408,"comment_status":"open","ping_status":"open","sticky":false,"template":"","format":"standard","meta":{"rop_custom_images_group":[],"rop_custom_messages_group":[],"rop_publish_now":"initial","rop_publish_now_accounts":[],"rop_publish_now_history":[],"rop_publish_now_status":"pending","footnotes":""},"categories":[6745],"tags":[],"class_list":["post-28407","post","type-post","status-publish","format-standard","has-post-thumbnail","hentry","category-coluna-sindijori"],"_links":{"self":[{"href":"https:\/\/diariotribuna.com.br\/index.php?rest_route=\/wp\/v2\/posts\/28407"}],"collection":[{"href":"https:\/\/diariotribuna.com.br\/index.php?rest_route=\/wp\/v2\/posts"}],"about":[{"href":"https:\/\/diariotribuna.com.br\/index.php?rest_route=\/wp\/v2\/types\/post"}],"replies":[{"embeddable":true,"href":"https:\/\/diariotribuna.com.br\/index.php?rest_route=%2Fwp%2Fv2%2Fcomments&post=28407"}],"version-history":[{"count":0,"href":"https:\/\/diariotribuna.com.br\/index.php?rest_route=\/wp\/v2\/posts\/28407\/revisions"}],"wp:featuredmedia":[{"embeddable":true,"href":"https:\/\/diariotribuna.com.br\/index.php?rest_route=\/wp\/v2\/media\/28408"}],"wp:attachment":[{"href":"https:\/\/diariotribuna.com.br\/index.php?rest_route=%2Fwp%2Fv2%2Fmedia&parent=28407"}],"wp:term":[{"taxonomy":"category","embeddable":true,"href":"https:\/\/diariotribuna.com.br\/index.php?rest_route=%2Fwp%2Fv2%2Fcategories&post=28407"},{"taxonomy":"post_tag","embeddable":true,"href":"https:\/\/diariotribuna.com.br\/index.php?rest_route=%2Fwp%2Fv2%2Ftags&post=28407"}],"curies":[{"name":"wp","href":"https:\/\/api.w.org\/{rel}","templated":true}]}}